{"id":6092,"date":"2020-05-06T17:15:01","date_gmt":"2020-05-06T17:15:01","guid":{"rendered":"http:\/\/grupomontevideo.org\/sitio\/?post_type=noticias&#038;p=6092"},"modified":"2022-06-22T16:35:23","modified_gmt":"2022-06-22T16:35:23","slug":"nucleo-educacion-posterga-sus-actividades-academicas-pero-mantiene-las-convocatorias-a-sus-publicaciones","status":"publish","type":"post","link":"https:\/\/grupomontevideo.org\/site\/nucleo-educacion-posterga-sus-actividades-academicas-pero-mantiene-las-convocatorias-a-sus-publicaciones\/","title":{"rendered":"Nucleo Educaci\u00f3n para la Integraci\u00f3n posterga sus encuentros internacionales"},"content":{"rendered":"<p style=\"text-align: justify;\">El<a href=\"http:\/\/grupomontevideo.org\/ndca\/ndeducacionparalaintegracion\/\"> N\u00facleo Disciplinario Educaci\u00f3n para la Integraci\u00f3n<\/a> (DEPI) de la Asociaci\u00f3n de Universidades Grupo Montevideo (AUGM), dada la situaci\u00f3n regional por la expansi\u00f3n del COVID-19, acord\u00f3 un conjunto de medidas para este 2020 respecto a su calendario de trabajo y de actividades acad\u00e9micas.<\/p>\n<p style=\"text-align: justify;\"><span style=\"font-weight: 400;\">Primero, las universidades involucradas en este agrupamiento dispusieron posponer el IX Encuentro de Pol\u00edticas Educativas de este a\u00f1o hasta abril 2021, debido a que la situaci\u00f3n de cuarentena dificulta e impide las gestiones y preparativos del evento acad\u00e9mico de referencia.\u00a0\u00a0<\/span><\/p>\n<p style=\"text-align: justify;\"><span style=\"font-weight: 400;\">Tambi\u00e9n acordaron posponer el X Encuentro de Pol\u00edticas Ling\u00fc\u00edsticas -cuya sede a\u00fan no se ha determinado- para abril 2022.\u00a0<\/span><\/p>\n<p style=\"text-align: justify;\"><span style=\"font-weight: 400;\"><strong>Se mantienen, a\u00fan as\u00ed, las tareas referidas a las <a href=\"http:\/\/grupomontevideo.org\/ndca\/ndeducacionparalaintegracion\/?page_id=20\">ediciones hemerogr\u00e1ficas del N\u00facleo<\/a>, la Revista de Pol\u00edticas Educativas (POLED) y la Revista Digital de Pol\u00edticas Ling\u00fc\u00edstica (RDPL)<\/strong>, con el objetivo de cumplir con la publicaci\u00f3n de los cuatro n\u00fameros en el a\u00f1o, dos por cada revista, fijando las siguientes fechas para las convocatorias:\u00a0<\/span><\/p>\n<ul>\n<li><span style=\"font-weight: 400;\">Plazos de recepci\u00f3n de art\u00edculos y rese\u00f1as para la Revista de Pol\u00edticas Educativas el 15\/07\/2020 y el 30\/09\/2020.<\/span><\/li>\n<li><span style=\"font-weight: 400;\">Plazos de recepci\u00f3n de art\u00edculos y rese\u00f1as para la Revista Digital de Pol\u00edticas Ling\u00fc\u00edsticas (RDPL) el 20\/06\/2020 y el 30\/08\/2020.<\/span><\/li>\n<\/ul>\n<p>En este contexto, adem\u00e1s, el N\u00facleo pospuso las Reuniones de Representantes para las fechas en que se celebren los encuentros (abril &#8211; 2021 y abril &#8211; 2022).<\/p>\n","protected":false},"excerpt":{"rendered":"<p>El IX Encuentro de Pol\u00edticas Educativas se realizar\u00e1 en 2021<\/p>\n","protected":false},"author":1,"featured_media":6093,"comment_status":"closed","ping_status":"closed","sticky":false,"template":"","format":"standard","meta":{"footnotes":""},"categories":[48],"tags":[],"class_list":["post-6092","post","type-post","status-publish","format-standard","has-post-thumbnail","hentry","category-archivo-de-noticias"],"wpmagazine_modules_lite_featured_media_urls":{"thumbnail":["https:\/\/grupomontevideo.org\/site\/wp-content\/uploads\/2020\/05\/NEPI-Revista.png",150,75,false],"cvmm-medium":["https:\/\/grupomontevideo.org\/site\/wp-content\/uploads\/2020\/05\/NEPI-Revista.png",300,150,false],"cvmm-medium-plus":["https:\/\/grupomontevideo.org\/site\/wp-content\/uploads\/2020\/05\/NEPI-Revista.png",305,153,false],"cvmm-portrait":["https:\/\/grupomontevideo.org\/site\/wp-content\/uploads\/2020\/05\/NEPI-Revista.png",400,200,false],"cvmm-medium-square":["https:\/\/grupomontevideo.org\/site\/wp-content\/uploads\/2020\/05\/NEPI-Revista.png",600,300,false],"cvmm-large":["https:\/\/grupomontevideo.org\/site\/wp-content\/uploads\/2020\/05\/NEPI-Revista.png",1024,512,false],"cvmm-small":["https:\/\/grupomontevideo.org\/site\/wp-content\/uploads\/2020\/05\/NEPI-Revista.png",130,65,false],"full":["https:\/\/grupomontevideo.org\/site\/wp-content\/uploads\/2020\/05\/NEPI-Revista.png",1024,512,false]},"categories_names":{"48":{"name":"Archivo de noticias","link":"https:\/\/grupomontevideo.org\/site\/category\/archivo-de-noticias\/"}},"tags_names":[],"comments_number":"0","_links":{"self":[{"href":"https:\/\/grupomontevideo.org\/site\/wp-json\/wp\/v2\/posts\/6092","targetHints":{"allow":["GET"]}}],"collection":[{"href":"https:\/\/grupomontevideo.org\/site\/wp-json\/wp\/v2\/posts"}],"about":[{"href":"https:\/\/grupomontevideo.org\/site\/wp-json\/wp\/v2\/types\/post"}],"author":[{"embeddable":true,"href":"https:\/\/grupomontevideo.org\/site\/wp-json\/wp\/v2\/users\/1"}],"replies":[{"embeddable":true,"href":"https:\/\/grupomontevideo.org\/site\/wp-json\/wp\/v2\/comments?post=6092"}],"version-history":[{"count":1,"href":"https:\/\/grupomontevideo.org\/site\/wp-json\/wp\/v2\/posts\/6092\/revisions"}],"predecessor-version":[{"id":15640,"href":"https:\/\/grupomontevideo.org\/site\/wp-json\/wp\/v2\/posts\/6092\/revisions\/15640"}],"wp:featuredmedia":[{"embeddable":true,"href":"https:\/\/grupomontevideo.org\/site\/wp-json\/wp\/v2\/media\/6093"}],"wp:attachment":[{"href":"https:\/\/grupomontevideo.org\/site\/wp-json\/wp\/v2\/media?parent=6092"}],"wp:term":[{"taxonomy":"category","embeddable":true,"href":"https:\/\/grupomontevideo.org\/site\/wp-json\/wp\/v2\/categories?post=6092"},{"taxonomy":"post_tag","embeddable":true,"href":"https:\/\/grupomontevideo.org\/site\/wp-json\/wp\/v2\/tags?post=6092"}],"curies":[{"name":"wp","href":"https:\/\/api.w.org\/{rel}","templated":true}]}}