{"id":6084,"date":"2020-05-04T17:41:17","date_gmt":"2020-05-04T17:41:17","guid":{"rendered":"http:\/\/grupomontevideo.org\/sitio\/?post_type=noticias&#038;p=6084"},"modified":"2022-06-22T16:35:24","modified_gmt":"2022-06-22T16:35:24","slug":"hacerle-frente-al-covid-19-con-luz-ultravioleta","status":"publish","type":"post","link":"https:\/\/grupomontevideo.org\/site\/hacerle-frente-al-covid-19-con-luz-ultravioleta\/","title":{"rendered":"Hacerle frente al Covid-19 con luz ultravioleta"},"content":{"rendered":"<p style=\"text-align: justify;\">La mayor\u00eda de las personas no piensa en la luz como un m\u00e9todo de purificaci\u00f3n o desinfecci\u00f3n; sin embargo, existen l\u00e1mparas especiales germicidas que emiten una luz ultravioleta de alta intensidad (UV-C) que permite purificar el aire, el agua y las superficies sin usar productos qu\u00edmicos.<\/p>\n<p style=\"text-align: justify;\">Las l\u00e1mparas germicidas intervienen en procesos de esterilizaci\u00f3n de ambientes y espacios, mejora la calidad de aire de interiores, elimina la carga bacteriana y virol\u00f3gica en centros de salud, entre otras. Frente al contexto de la pandemia del COVID-19, los bioingenieros <strong>Santiago Romero Ayala<\/strong>\u00a0y\u00a0<strong>Sebasti\u00e1n Ili Flores<\/strong>, desarrollaron y construyeron un dispositivo port\u00e1til que utiliza esta tecnolog\u00eda para disminuir al m\u00e1ximo los riesgos.\u00a0\u201cLa utilizaci\u00f3n de la luz UV para desinfecci\u00f3n es algo que ya se emplea hace mucho tiempo, tanto en medicina como en sectores productivos\u201d, indica Ili Flores.<\/p>\n<p style=\"text-align: justify;\">Ambos son egresados de la\u00a0<a href=\"http:\/\/ingenieria.uner.edu.ar\/\" target=\"_blank\" rel=\"noopener noreferrer\">Facultad de Ingenier\u00eda<\/a>\u00a0de nuestra Universidad. Se\u00f1alan que para el proyecto trabajaron de manera articulada con una empresa metal\u00fargica de la ciudad de Paran\u00e1, dedicada a la fabricaci\u00f3n de mobiliario met\u00e1lico y equipamiento profesional, acompa\u00f1ados tambi\u00e9n por estudiantes avanzados de la FIUNER, Alejo Tika y Nahuel Ricart, entre otros.<\/p>\n<p><iframe src=\"https:\/\/www.youtube.com\/embed\/9JF9-t-wZHM\" width=\"600\" height=\"353\" frameborder=\"0\" allowfullscreen=\"allowfullscreen\"><\/iframe><\/p>\n<p style=\"text-align: justify;\">\u201cLa idea surgi\u00f3 a partir de la necesidad que estamos viviendo. El objetivo era poder generar un ambiente m\u00e1s limpio y seguro para los profesionales de la salud y de las personas que asisten a las instituciones hospitalarias. Al utilizar el equipo se disminuye la carga viral existente en las superficies\u201d, explica Ili Flores. Los profesionales aclaran que el sistema desarrollado acompa\u00f1a las buenas pr\u00e1cticas de limpieza que ya est\u00e1n implementadas dentro de las instituciones hospitalarias.\u00a0\u201cLo que queremos hacer es aportar una herramienta que mejore las pr\u00e1cticas y reducir ampliamente el grado de infecciones intrahospitalarias y obviamente el COVID-19\u201d,\u00a0manifiesta Ili Flores.<\/p>\n<p style=\"text-align: justify;\">Cada equipo es una matriz m\u00f3vil, consta de tubos de luz ultravioleta-C (UVC) de longitud de onda corta que emiten suficiente energ\u00eda para destruir literalmente el ADN o ARN de cualquier microorganismo que tenga al alcance. Permite exponer y esterilizar los espacios o ambientes en un radio de 360 grados y entre 10 a 20 minutos. En otros pa\u00edses, se utiliza este tipo de instrumento o equipo para hacer frente a la pandemia. \u201cNos centramos en desarrollar un dispositivo para Argentina, en un contexto donde hay una escasez de recursos e insumos. La idea era que fuera f\u00e1cil de fabricar y no tuviera una electr\u00f3nica compleja\u201d, dice Romero Ayala.<\/p>\n<p style=\"text-align: justify;\">La radiaci\u00f3n emitida por este tipo de tecnolog\u00eda es altamente nociva para los seres humanos, en este sentido Ayala explica: \u201cDesarrollamos una electr\u00f3nica asociada que nos permite detectar si una persona ingresa de manera err\u00f3nea a la habitaci\u00f3n o espacio que se est\u00e1 desinfectando. El proceso se interrumpe de manera inmediata y espera hasta que la persona se retire. Luego, contin\u00faa con la esterilizaci\u00f3n del espacio\u201d.<\/p>\n<p style=\"text-align: justify;\"><strong>Desaf\u00edos a futuro<\/strong><\/p>\n<p style=\"text-align: justify;\">Para el equipo de emprendedores fue dificultoso trabajar, producir y llegar a tiempo con el dispositivo. Al decretarse el aislamiento preventivo y obligatorio, varios de los negocios proveedores hab\u00edan cerrado sus puertas.\u00a0\u201cPor suerte mucha gente se ha sumado, lo que ha permitido llegar al d\u00eda 15 del proyecto con dos prototipos instalados, para hacer pruebas y posteriores certificaciones y validaciones necesarias, en dos instituciones de salud de prestigio como el Hospital Nacional Profesor Alejandro Posadas y el Hospital de Agudos Paroissien de Buenos Aires\u201d, se\u00f1ala Ayala.<\/p>\n<p style=\"text-align: justify;\">Tanto Flores como Ayala alientan a que otros profesionales se sumen al proyecto.\u00a0\u201cInvitamos a toda la gente de la UNER, a los profesionales de nuestra Casa que quieran sumarse al proyecto o compartir su conocimiento y especializaci\u00f3n sobre todo en esta \u00e1rea. Estamos dispuestos a escucharlos y poder mejorar el producto\u201d,\u00a0dice Ayala.<\/p>\n<p style=\"text-align: justify;\">Por \u00faltimo, los bioingenieros aportan su valoraci\u00f3n respecto del conocimiento cient\u00edfico y la universidad p\u00fablica en este contexto.\u00a0\u201cEste proyecto representa un gran desaf\u00edo y orgullo para nosotros. Nuestra educaci\u00f3n es muy importante, porque la carrera de Bioingenier\u00eda nos brind\u00f3 las herramientas para poder colaborar e interpretar la informaci\u00f3n. Generar el conocimiento y los proyectos que puedan ser de utilidad para la salud de sociedad, es algo que nos llena de orgullo\u201d, expresa Ili Flores.<\/p>\n<p style=\"text-align: justify;\">\u201cCabe destacar el agradecimiento a nuestra universidad p\u00fablica, al Laboratorio de Prototipado de la FIUNER, que ayud\u00f3 con las placas electr\u00f3nicas del dispositivo. Tambi\u00e9n a los actores de los hospitales que nos abrieron sus puertas y al Instituto Nacional de Tecnolog\u00eda Industrial (INTI). Esto no se agota en la construcci\u00f3n del dispositivo, la idea es que sea efectivo y pueda llegar a la mayor cantidad de personas. Estamos convencidos de que hay que seguir apoyando a la educaci\u00f3n p\u00fablica y de calidad en los procesos de fortalecimiento y generaci\u00f3n de conocimiento, ya que se ven los frutos en \u00e9pocas de crisis\u201d,\u00a0concluye Romero Ayala.<\/p>\n<p><strong>Fuente: Uner Noticias<\/strong><\/p>\n","protected":false},"excerpt":{"rendered":"<p>En la UNER desarrollaron un dispositivo que utiliza la luz UV para desinfecci\u00f3n<\/p>\n","protected":false},"author":1,"featured_media":6085,"comment_status":"closed","ping_status":"closed","sticky":false,"template":"","format":"standard","meta":{"footnotes":""},"categories":[48],"tags":[],"class_list":["post-6084","post","type-post","status-publish","format-standard","has-post-thumbnail","hentry","category-archivo-de-noticias"],"wpmagazine_modules_lite_featured_media_urls":{"thumbnail":["https:\/\/grupomontevideo.org\/site\/wp-content\/uploads\/2020\/05\/interior219.jpg",150,60,false],"cvmm-medium":["https:\/\/grupomontevideo.org\/site\/wp-content\/uploads\/2020\/05\/interior219.jpg",300,120,false],"cvmm-medium-plus":["https:\/\/grupomontevideo.org\/site\/wp-content\/uploads\/2020\/05\/interior219.jpg",305,122,false],"cvmm-portrait":["https:\/\/grupomontevideo.org\/site\/wp-content\/uploads\/2020\/05\/interior219.jpg",400,160,false],"cvmm-medium-square":["https:\/\/grupomontevideo.org\/site\/wp-content\/uploads\/2020\/05\/interior219.jpg",600,240,false],"cvmm-large":["https:\/\/grupomontevideo.org\/site\/wp-content\/uploads\/2020\/05\/interior219.jpg",764,305,false],"cvmm-small":["https:\/\/grupomontevideo.org\/site\/wp-content\/uploads\/2020\/05\/interior219.jpg",130,52,false],"full":["https:\/\/grupomontevideo.org\/site\/wp-content\/uploads\/2020\/05\/interior219.jpg",764,305,false]},"categories_names":{"48":{"name":"Archivo de noticias","link":"https:\/\/grupomontevideo.org\/site\/category\/archivo-de-noticias\/"}},"tags_names":[],"comments_number":"0","_links":{"self":[{"href":"https:\/\/grupomontevideo.org\/site\/wp-json\/wp\/v2\/posts\/6084","targetHints":{"allow":["GET"]}}],"collection":[{"href":"https:\/\/grupomontevideo.org\/site\/wp-json\/wp\/v2\/posts"}],"about":[{"href":"https:\/\/grupomontevideo.org\/site\/wp-json\/wp\/v2\/types\/post"}],"author":[{"embeddable":true,"href":"https:\/\/grupomontevideo.org\/site\/wp-json\/wp\/v2\/users\/1"}],"replies":[{"embeddable":true,"href":"https:\/\/grupomontevideo.org\/site\/wp-json\/wp\/v2\/comments?post=6084"}],"version-history":[{"count":1,"href":"https:\/\/grupomontevideo.org\/site\/wp-json\/wp\/v2\/posts\/6084\/revisions"}],"predecessor-version":[{"id":15642,"href":"https:\/\/grupomontevideo.org\/site\/wp-json\/wp\/v2\/posts\/6084\/revisions\/15642"}],"wp:featuredmedia":[{"embeddable":true,"href":"https:\/\/grupomontevideo.org\/site\/wp-json\/wp\/v2\/media\/6085"}],"wp:attachment":[{"href":"https:\/\/grupomontevideo.org\/site\/wp-json\/wp\/v2\/media?parent=6084"}],"wp:term":[{"taxonomy":"category","embeddable":true,"href":"https:\/\/grupomontevideo.org\/site\/wp-json\/wp\/v2\/categories?post=6084"},{"taxonomy":"post_tag","embeddable":true,"href":"https:\/\/grupomontevideo.org\/site\/wp-json\/wp\/v2\/tags?post=6084"}],"curies":[{"name":"wp","href":"https:\/\/api.w.org\/{rel}","templated":true}]}}