{"id":6076,"date":"2020-05-04T17:26:31","date_gmt":"2020-05-04T17:26:31","guid":{"rendered":"http:\/\/grupomontevideo.org\/sitio\/?post_type=noticias&#038;p=6076"},"modified":"2022-06-22T16:35:24","modified_gmt":"2022-06-22T16:35:24","slug":"con-aporte-de-la-una-se-desarrolla-respirador-para-combatir-al-coronaviruscovid-19","status":"publish","type":"post","link":"https:\/\/grupomontevideo.org\/site\/con-aporte-de-la-una-se-desarrolla-respirador-para-combatir-al-coronaviruscovid-19\/","title":{"rendered":"Con aporte de la UNA se desarrolla respirador para combatir al Coronavirus(COVID-19)"},"content":{"rendered":"<p style=\"text-align: justify;\">La Universidad Nacional de Asunci\u00f3n (UNA, Paraguay) sigue aportando ciencia y tecnolog\u00eda para el combate al Coronavirus (COVID-19). Desde el inicio de la pandemia que amenaza al mundo con la enfermedad del coronavirus y que ya infect\u00f3 a m\u00e1s de 3 millones de personas, con m\u00e1s de 220 mil muertos, los profesionales de las distintas unidades de salud y tecnolog\u00eda de la UNA se unieron para cooperar con la asistencia o fabricaci\u00f3n de elementos m\u00e9dicos para la atenci\u00f3n de la poblaci\u00f3n.<\/p>\n<p style=\"text-align: justify;\">Entre los diversos equipos en los que est\u00e1n trabajando los profesionales de la UNA se encuentra un grupo multidisciplinario, formado por m\u00e9dicos intensivistas, terapistas, anestesi\u00f3logos, veterinarios e ingenieros que est\u00e1n abocados a la tarea de poner a punto un ventilador pulmonar para su posterior uso en pacientes con insuficiencias respiratorias en Unidad de Terapia Intensiva (UTI)\u00a0 con el apoyo de empresas del sector privado.<\/p>\n<p style=\"text-align: justify;\">El aporte de la UNA se da a trav\u00e9s de la Facultad de\u00a0 Ciencias Veterinarias (FCV), desde el servicio de Anestesiolog\u00eda. El proyecto tiene como objetivo determinar la eficacia y seguridad del respirador.<\/p>\n<p style=\"text-align: justify;\">Conforme explic\u00f3 el Prof. Dr. Miguel Mallorqu\u00edn, la prueba se realiz\u00f3 en cerdos de 75 kg. Estos animales fueron anestesiados durante 16 y 46 horas, seg\u00fan correspond\u00eda. El profesional precis\u00f3 que se eligi\u00f3 esta especie por ser la m\u00e1s parecida, anat\u00f3mica y fisiol\u00f3gicamente, al humano, y con ese peso, teniendo en cuenta el est\u00e1ndar de una persona adulta. Agreg\u00f3 que el animal, durante todo el procedimiento, estuvo con el soporte vital del respirador \u00ablas consonantes vitales del paciente se encontraron dentro del margen del rango esperado. Durante el ensayo se realizaron medici\u00f3n de gases en sangre, bioqu\u00edmica sangu\u00ednea\u00bb, explic\u00f3.<\/p>\n<p><strong>Fuente: UNA<\/strong><\/p>\n","protected":false},"excerpt":{"rendered":"<p>Trabajo de la Facultad de\u00a0Ciencias Veterinarias (FCV), desde el servicio de Anestesiolog\u00eda. <\/p>\n","protected":false},"author":1,"featured_media":6077,"comment_status":"closed","ping_status":"closed","sticky":false,"template":"","format":"standard","meta":{"footnotes":""},"categories":[48],"tags":[],"class_list":["post-6076","post","type-post","status-publish","format-standard","has-post-thumbnail","hentry","category-archivo-de-noticias"],"wpmagazine_modules_lite_featured_media_urls":{"thumbnail":["https:\/\/grupomontevideo.org\/site\/wp-content\/uploads\/2020\/05\/MOOORFCWMVAM5M52LTALXLGEMA.jpg",150,113,false],"cvmm-medium":["https:\/\/grupomontevideo.org\/site\/wp-content\/uploads\/2020\/05\/MOOORFCWMVAM5M52LTALXLGEMA.jpg",300,225,false],"cvmm-medium-plus":["https:\/\/grupomontevideo.org\/site\/wp-content\/uploads\/2020\/05\/MOOORFCWMVAM5M52LTALXLGEMA.jpg",276,207,false],"cvmm-portrait":["https:\/\/grupomontevideo.org\/site\/wp-content\/uploads\/2020\/05\/MOOORFCWMVAM5M52LTALXLGEMA.jpg",400,300,false],"cvmm-medium-square":["https:\/\/grupomontevideo.org\/site\/wp-content\/uploads\/2020\/05\/MOOORFCWMVAM5M52LTALXLGEMA.jpg",600,450,false],"cvmm-large":["https:\/\/grupomontevideo.org\/site\/wp-content\/uploads\/2020\/05\/MOOORFCWMVAM5M52LTALXLGEMA.jpg",660,495,false],"cvmm-small":["https:\/\/grupomontevideo.org\/site\/wp-content\/uploads\/2020\/05\/MOOORFCWMVAM5M52LTALXLGEMA.jpg",127,95,false],"full":["https:\/\/grupomontevideo.org\/site\/wp-content\/uploads\/2020\/05\/MOOORFCWMVAM5M52LTALXLGEMA.jpg",660,495,false]},"categories_names":{"48":{"name":"Archivo de noticias","link":"https:\/\/grupomontevideo.org\/site\/category\/archivo-de-noticias\/"}},"tags_names":[],"comments_number":"0","_links":{"self":[{"href":"https:\/\/grupomontevideo.org\/site\/wp-json\/wp\/v2\/posts\/6076","targetHints":{"allow":["GET"]}}],"collection":[{"href":"https:\/\/grupomontevideo.org\/site\/wp-json\/wp\/v2\/posts"}],"about":[{"href":"https:\/\/grupomontevideo.org\/site\/wp-json\/wp\/v2\/types\/post"}],"author":[{"embeddable":true,"href":"https:\/\/grupomontevideo.org\/site\/wp-json\/wp\/v2\/users\/1"}],"replies":[{"embeddable":true,"href":"https:\/\/grupomontevideo.org\/site\/wp-json\/wp\/v2\/comments?post=6076"}],"version-history":[{"count":1,"href":"https:\/\/grupomontevideo.org\/site\/wp-json\/wp\/v2\/posts\/6076\/revisions"}],"predecessor-version":[{"id":15644,"href":"https:\/\/grupomontevideo.org\/site\/wp-json\/wp\/v2\/posts\/6076\/revisions\/15644"}],"wp:featuredmedia":[{"embeddable":true,"href":"https:\/\/grupomontevideo.org\/site\/wp-json\/wp\/v2\/media\/6077"}],"wp:attachment":[{"href":"https:\/\/grupomontevideo.org\/site\/wp-json\/wp\/v2\/media?parent=6076"}],"wp:term":[{"taxonomy":"category","embeddable":true,"href":"https:\/\/grupomontevideo.org\/site\/wp-json\/wp\/v2\/categories?post=6076"},{"taxonomy":"post_tag","embeddable":true,"href":"https:\/\/grupomontevideo.org\/site\/wp-json\/wp\/v2\/tags?post=6076"}],"curies":[{"name":"wp","href":"https:\/\/api.w.org\/{rel}","templated":true}]}}