{"id":6064,"date":"2020-05-04T17:02:52","date_gmt":"2020-05-04T17:02:52","guid":{"rendered":"http:\/\/grupomontevideo.org\/sitio\/?post_type=noticias&#038;p=6064"},"modified":"2022-06-22T16:35:25","modified_gmt":"2022-06-22T16:35:25","slug":"la-unc-garantiza-la-atencion-de-consultas-y-denuncias-por-violencias-de-genero-de-manera-virtual","status":"publish","type":"post","link":"https:\/\/grupomontevideo.org\/site\/la-unc-garantiza-la-atencion-de-consultas-y-denuncias-por-violencias-de-genero-de-manera-virtual\/","title":{"rendered":"La UNC garantiza la atenci\u00f3n de consultas y denuncias por violencias de g\u00e9nero de manera virtual"},"content":{"rendered":"<p style=\"text-align: justify;\">En el actual contexto de aislamiento social obligatorio, la Universidad Nacional de C\u00f3rdoba garantiza de manera virtual la atenci\u00f3n de consultas y denuncias de violencias de g\u00e9nero, y mantiene el acompa\u00f1amiento desde lo terap\u00e9utico y asesoramiento continuo en los procesos de denuncias.<\/p>\n<p style=\"text-align: justify;\">Por un lado, tanto a trav\u00e9s del correos electr\u00f3nico institucional como de los nuevos perfiles de <a href=\"https:\/\/www.facebook.com\/UNICEPG.UNC\/\">Facebook\u00a0<\/a>e\u00a0<a href=\"https:\/\/www.instagram.com\/unicepg.unc\/\">Instagram<\/a>\u00a0(@UNICEPG.UNC<strong>)\u00a0<\/strong>de la Unidad Central de Pol\u00edticas de G\u00e9nero (UNICEPG) se puede solicitar informaci\u00f3n y evacuar dudas sobre cualquiera de las acciones que lleva adelante la Unidad, vinculadas a capacitaci\u00f3n, sensibilizaci\u00f3n y difusi\u00f3n en temas de g\u00e9nero y diversidades.<\/p>\n<p style=\"text-align: justify;\">Por otra parte, el Plan de Acciones y Herramientas para Prevenir, Atender y Sancionar las Violencias de G\u00e9nero en el \u00e1mbito de la UNC -el espacio institucional destinado a la prevenci\u00f3n y recepci\u00f3n de denuncias, entre otras funciones- tambi\u00e9n contin\u00faa brindando atenci\u00f3n de manera virtual. En la nueva cuenta de IG del Plan de Acciones (@plandeaccionesunc) que fue habilitada ante la contingencia, se responden inquietudes y preguntas frecuentes en relaci\u00f3n al Plan, mientras que el correo institucional del mismo est\u00e1 reservado preferentemente para la toma de denuncias y realizaci\u00f3n de manifiestos.<\/p>\n<p style=\"text-align: justify;\">\u201cA partir de la cuarentena, se increment\u00f3 la demanda de informaci\u00f3n general en relaci\u00f3n al Plan de Acciones de la UNC, su funcionamiento, alcance y personas destinatarias\u201d,\u00a0 se\u00f1ala la coordinadora de la UNICEPG, Anal\u00eda Barrionuevo. La funcionaria apunt\u00f3 que, en cambio, se mantuvo estable el n\u00famero de denuncias vinculadas a violencias de g\u00e9nero, y en ese sentido, precis\u00f3 que \u201cen el actual contexto de cuarentena y aislamiento, donde el contacto es virtual, hay que estar alertas en cuanto al acoso por redes\u201d. Barrionuevo indic\u00f3 adem\u00e1s que la creaci\u00f3n de las redes tiene como objetivo facilitar el primer contacto de la comunidad universitaria, con quien est\u00e1n trabajando la tem\u00e1tica de g\u00e9nero desde el \u00e1rea central.<\/p>\n<p style=\"text-align: justify;\">Todas las consultas son respondidas por un equipo interdisciplinario, integrado por dos psic\u00f3logas, una trabajadora social, y una abogada, quienes brindan servicio y acompa\u00f1amiento profesional, garantizando absoluta confidencialidad.<\/p>\n<p style=\"text-align: justify;\">El Plan de Acciones es la herramienta con la que cuenta la UNC para prevenir y sancionar las violencias de g\u00e9nero sucedidas en esta casa, y\u00a0 es coordinado por una comisi\u00f3n interdisciplinaria conformada por la UNICEPG, la Defensor\u00eda de la Comunidad Universitaria, y la Secretar\u00eda de Asuntos estudiantiles de la Casa de Trejo.<\/p>\n<p><strong>Fuente: Portal UNC<\/strong><\/p>\n","protected":false},"excerpt":{"rendered":"<p>Se puede realizar por correo electr\u00f3nico o redes sociales <\/p>\n","protected":false},"author":1,"featured_media":6065,"comment_status":"closed","ping_status":"closed","sticky":false,"template":"","format":"standard","meta":{"footnotes":""},"categories":[48],"tags":[],"class_list":["post-6064","post","type-post","status-publish","format-standard","has-post-thumbnail","hentry","category-archivo-de-noticias"],"wpmagazine_modules_lite_featured_media_urls":{"thumbnail":["https:\/\/grupomontevideo.org\/site\/wp-content\/uploads\/2020\/05\/Unidad-central-de-politicas-de-genero-01.jpg",150,60,false],"cvmm-medium":["https:\/\/grupomontevideo.org\/site\/wp-content\/uploads\/2020\/05\/Unidad-central-de-politicas-de-genero-01.jpg",300,120,false],"cvmm-medium-plus":["https:\/\/grupomontevideo.org\/site\/wp-content\/uploads\/2020\/05\/Unidad-central-de-politicas-de-genero-01.jpg",305,122,false],"cvmm-portrait":["https:\/\/grupomontevideo.org\/site\/wp-content\/uploads\/2020\/05\/Unidad-central-de-politicas-de-genero-01.jpg",400,160,false],"cvmm-medium-square":["https:\/\/grupomontevideo.org\/site\/wp-content\/uploads\/2020\/05\/Unidad-central-de-politicas-de-genero-01.jpg",600,240,false],"cvmm-large":["https:\/\/grupomontevideo.org\/site\/wp-content\/uploads\/2020\/05\/Unidad-central-de-politicas-de-genero-01.jpg",1024,410,false],"cvmm-small":["https:\/\/grupomontevideo.org\/site\/wp-content\/uploads\/2020\/05\/Unidad-central-de-politicas-de-genero-01.jpg",130,52,false],"full":["https:\/\/grupomontevideo.org\/site\/wp-content\/uploads\/2020\/05\/Unidad-central-de-politicas-de-genero-01.jpg",1170,468,false]},"categories_names":{"48":{"name":"Archivo de noticias","link":"https:\/\/grupomontevideo.org\/site\/category\/archivo-de-noticias\/"}},"tags_names":[],"comments_number":"0","_links":{"self":[{"href":"https:\/\/grupomontevideo.org\/site\/wp-json\/wp\/v2\/posts\/6064","targetHints":{"allow":["GET"]}}],"collection":[{"href":"https:\/\/grupomontevideo.org\/site\/wp-json\/wp\/v2\/posts"}],"about":[{"href":"https:\/\/grupomontevideo.org\/site\/wp-json\/wp\/v2\/types\/post"}],"author":[{"embeddable":true,"href":"https:\/\/grupomontevideo.org\/site\/wp-json\/wp\/v2\/users\/1"}],"replies":[{"embeddable":true,"href":"https:\/\/grupomontevideo.org\/site\/wp-json\/wp\/v2\/comments?post=6064"}],"version-history":[{"count":1,"href":"https:\/\/grupomontevideo.org\/site\/wp-json\/wp\/v2\/posts\/6064\/revisions"}],"predecessor-version":[{"id":15647,"href":"https:\/\/grupomontevideo.org\/site\/wp-json\/wp\/v2\/posts\/6064\/revisions\/15647"}],"wp:featuredmedia":[{"embeddable":true,"href":"https:\/\/grupomontevideo.org\/site\/wp-json\/wp\/v2\/media\/6065"}],"wp:attachment":[{"href":"https:\/\/grupomontevideo.org\/site\/wp-json\/wp\/v2\/media?parent=6064"}],"wp:term":[{"taxonomy":"category","embeddable":true,"href":"https:\/\/grupomontevideo.org\/site\/wp-json\/wp\/v2\/categories?post=6064"},{"taxonomy":"post_tag","embeddable":true,"href":"https:\/\/grupomontevideo.org\/site\/wp-json\/wp\/v2\/tags?post=6064"}],"curies":[{"name":"wp","href":"https:\/\/api.w.org\/{rel}","templated":true}]}}