{"id":6042,"date":"2020-04-21T19:23:08","date_gmt":"2020-04-21T19:23:08","guid":{"rendered":"http:\/\/grupomontevideo.org\/sitio\/?post_type=noticias&#038;p=6042"},"modified":"2022-06-22T16:35:27","modified_gmt":"2022-06-22T16:35:27","slug":"reunion-virtual-comision-permanente-de-extension-universiatria","status":"publish","type":"post","link":"https:\/\/grupomontevideo.org\/site\/reunion-virtual-comision-permanente-de-extension-universiatria\/","title":{"rendered":"Reuni\u00f3n Virtual de la Comisi\u00f3n Permanente de Extensi\u00f3n Universiatria"},"content":{"rendered":"<p style=\"text-align: justify;\">La <strong>Comisi\u00f3n Permanente de Extensi\u00f3n Universitaria de la Asociaci\u00f3n de Universidades Grupo Montevideo<\/strong> (AUGM) se reuni\u00f3 de forma virtual el pasado <strong>este 30 de abril (11.00 horas de Uruguay) y abord\u00f3 varios asuntos referentes a su actividad durante este at\u00edpico 2020.\u00a0<\/strong><\/p>\n<p style=\"text-align: justify;\"><span style=\"font-weight: 400;\">Para abrir el encuentro, los representes recibieron un informe con las orientaciones emanadas de los \u00f3rganos de direcci\u00f3n de AUGM ante la situaci\u00f3n derivada por COVID \u2013 19 y revisaron el plan de trabajo previsto para este a\u00f1o. <\/span><\/p>\n<p style=\"text-align: justify;\"><span style=\"font-weight: 400;\">Se <\/span><span style=\"font-weight: 400;\">abord\u00f3, a continuaci\u00f3n, la <a href=\"http:\/\/grupomontevideo.org\/sitio\/noticias\/suspendido-el-iv-congreso-de-extension-universitaria-de-augm\/\">cancelaci\u00f3n del IV Congreso de Extensi\u00f3n Universitaria de AUGM<\/a> \u201c<em>Universidades comprometidas con el futuro de Am\u00e9rica Latina<\/em>\u201d, previsto para marzo en Chile, y luego discuti\u00f3 la sede para el pr\u00f3ximo Congreso.\u00a0<\/span><\/p>\n<p style=\"text-align: justify;\"><span style=\"font-weight: 400;\">Durante la reuni\u00f3n tambi\u00e9n se realiz\u00f3 una actualizaci\u00f3n de agendas, se present\u00f3 un informe sobre las acciones realizadas y previstas en el marco de la C\u00e1tedra <\/span><span style=\"font-weight: 400;\">Derechos Humanos de AUGM, se discutieron Escuelas de Verano \/ Invierno y se presentaron varias propuesta de trabajo.<\/span><\/p>\n","protected":false},"excerpt":{"rendered":"<p>Se abord\u00f3 la pr\u00f3xima sede de su Congreso regional <\/p>\n","protected":false},"author":1,"featured_media":0,"comment_status":"closed","ping_status":"closed","sticky":false,"template":"","format":"standard","meta":{"footnotes":""},"categories":[48],"tags":[],"class_list":["post-6042","post","type-post","status-publish","format-standard","hentry","category-archivo-de-noticias"],"wpmagazine_modules_lite_featured_media_urls":{"thumbnail":"","cvmm-medium":"","cvmm-medium-plus":"","cvmm-portrait":"","cvmm-medium-square":"","cvmm-large":"","cvmm-small":"","full":""},"categories_names":{"48":{"name":"Archivo de noticias","link":"https:\/\/grupomontevideo.org\/site\/category\/archivo-de-noticias\/"}},"tags_names":[],"comments_number":"0","_links":{"self":[{"href":"https:\/\/grupomontevideo.org\/site\/wp-json\/wp\/v2\/posts\/6042","targetHints":{"allow":["GET"]}}],"collection":[{"href":"https:\/\/grupomontevideo.org\/site\/wp-json\/wp\/v2\/posts"}],"about":[{"href":"https:\/\/grupomontevideo.org\/site\/wp-json\/wp\/v2\/types\/post"}],"author":[{"embeddable":true,"href":"https:\/\/grupomontevideo.org\/site\/wp-json\/wp\/v2\/users\/1"}],"replies":[{"embeddable":true,"href":"https:\/\/grupomontevideo.org\/site\/wp-json\/wp\/v2\/comments?post=6042"}],"version-history":[{"count":1,"href":"https:\/\/grupomontevideo.org\/site\/wp-json\/wp\/v2\/posts\/6042\/revisions"}],"predecessor-version":[{"id":15653,"href":"https:\/\/grupomontevideo.org\/site\/wp-json\/wp\/v2\/posts\/6042\/revisions\/15653"}],"wp:attachment":[{"href":"https:\/\/grupomontevideo.org\/site\/wp-json\/wp\/v2\/media?parent=6042"}],"wp:term":[{"taxonomy":"category","embeddable":true,"href":"https:\/\/grupomontevideo.org\/site\/wp-json\/wp\/v2\/categories?post=6042"},{"taxonomy":"post_tag","embeddable":true,"href":"https:\/\/grupomontevideo.org\/site\/wp-json\/wp\/v2\/tags?post=6042"}],"curies":[{"name":"wp","href":"https:\/\/api.w.org\/{rel}","templated":true}]}}