{"id":6029,"date":"2020-04-20T12:45:28","date_gmt":"2020-04-20T12:45:28","guid":{"rendered":"http:\/\/grupomontevideo.org\/sitio\/?post_type=noticias&#038;p=6029"},"modified":"2022-06-22T16:35:28","modified_gmt":"2022-06-22T16:35:28","slug":"campana-de-unesco-para-difundir-logros-y-avances-cientificos-en-relacion-al-covid-19","status":"publish","type":"post","link":"https:\/\/grupomontevideo.org\/site\/campana-de-unesco-para-difundir-logros-y-avances-cientificos-en-relacion-al-covid-19\/","title":{"rendered":"Campa\u00f1a de UNESCO para difundir logros y avances cient\u00edficos en relaci\u00f3n al COVID-19"},"content":{"rendered":"<p style=\"text-align: justify;\">Toda crisis es tambi\u00e9n una oportunidad. Por eso la <strong>Oficina Regional de Ciencias de la UNESCO lanz\u00f3 la campa\u00f1a #NuestraCienciaResponde, que busca dar difusi\u00f3n a\u00a0 los logros y avances de los grupos de investigaci\u00f3n de la regi\u00f3n en relaci\u00f3n con el Coronavirus COVID-19<\/strong>.<\/p>\n<p style=\"text-align: justify;\">\u201c<em>Hoy, ante la pandemia que azota al mundo, se pone de relieve el rol clave que juegan los sistemas de ciencia y tecnolog\u00eda de Am\u00e9rica Latina y el Caribe, y la necesidad de contar con capacidades locales para poder desarrollar e implementar las medidas adecuadas, sin tener que esperar a que lleguen soluciones desde el exterior<\/em>\u201d, explica en la convocatoria.<\/p>\n<p style=\"text-align: justify;\"><strong>\u00bfC\u00f3mo hacerlo?<\/strong> Visitando <a href=\"https:\/\/es.unesco.org\/fieldoffice\/montevideo\/cienciaresponde\">la p\u00e1gina<\/a>; replicando las placas para redes disponibles en la<a href=\"https:\/\/es.unesco.org\/fieldoffice\/montevideo\/cienciaresponde\/apoyoinstitucional\"> secci\u00f3n \u201cc\u00f3mo apoyar\u201d<\/a> en sus cuentas personales de redes sociales; utilizando el hashtag #NuestraCienciaResponde; arrobando cient\u00edficos y cient\u00edficas a los que conozca; re-circulando las noticias verificadas; aportando informaci\u00f3n por esta v\u00eda para sumar a\u00fan m\u00e1s instituciones de investigaci\u00f3n y desarrollo, p\u00fablicas y privadas, que est\u00e9n trabajando en COVID-19.<\/p>\n<p style=\"text-align: justify;\"><strong>La Asociaci\u00f3n de Universidades Grupo Montevideo (AIUGM) se suma a esta campa\u00f1a en el marco del <a href=\"http:\/\/grupomontevideo.org\/sitio\/wp-content\/uploads\/2015\/11\/Acuerdo-de-Colaboraci%C3%B3n-UNESCO-AUGM.pdf\">acuerdo de colaboraci\u00f3n<\/a> firmado con esta Oficina Regional de la UNSCO en 2015.<\/strong> All\u00ed acordaron promover el establecimiento de mecanismos regionales que incrementen, mejoren y coordinen la cooperaci\u00f3n regional, en el campo de la ciencia y la tecnolog\u00eda, con la participaci\u00f3n activa de las Universidades, gobiernos, empresas y organizaciones sociales.<\/p>\n","protected":false},"excerpt":{"rendered":"<p>Compartamos informaci\u00f3n verificada respecto a las investigaciones sobre la pandemia actual. <\/p>\n","protected":false},"author":1,"featured_media":6030,"comment_status":"closed","ping_status":"closed","sticky":false,"template":"","format":"standard","meta":{"footnotes":""},"categories":[48],"tags":[],"class_list":["post-6029","post","type-post","status-publish","format-standard","has-post-thumbnail","hentry","category-archivo-de-noticias"],"wpmagazine_modules_lite_featured_media_urls":{"thumbnail":["https:\/\/grupomontevideo.org\/site\/wp-content\/uploads\/2020\/04\/Unesco-campana-.jpg",150,87,false],"cvmm-medium":["https:\/\/grupomontevideo.org\/site\/wp-content\/uploads\/2020\/04\/Unesco-campana-.jpg",300,173,false],"cvmm-medium-plus":["https:\/\/grupomontevideo.org\/site\/wp-content\/uploads\/2020\/04\/Unesco-campana-.jpg",305,176,false],"cvmm-portrait":["https:\/\/grupomontevideo.org\/site\/wp-content\/uploads\/2020\/04\/Unesco-campana-.jpg",400,231,false],"cvmm-medium-square":["https:\/\/grupomontevideo.org\/site\/wp-content\/uploads\/2020\/04\/Unesco-campana-.jpg",600,346,false],"cvmm-large":["https:\/\/grupomontevideo.org\/site\/wp-content\/uploads\/2020\/04\/Unesco-campana-.jpg",936,540,false],"cvmm-small":["https:\/\/grupomontevideo.org\/site\/wp-content\/uploads\/2020\/04\/Unesco-campana-.jpg",130,75,false],"full":["https:\/\/grupomontevideo.org\/site\/wp-content\/uploads\/2020\/04\/Unesco-campana-.jpg",936,540,false]},"categories_names":{"48":{"name":"Archivo de noticias","link":"https:\/\/grupomontevideo.org\/site\/category\/archivo-de-noticias\/"}},"tags_names":[],"comments_number":"0","_links":{"self":[{"href":"https:\/\/grupomontevideo.org\/site\/wp-json\/wp\/v2\/posts\/6029","targetHints":{"allow":["GET"]}}],"collection":[{"href":"https:\/\/grupomontevideo.org\/site\/wp-json\/wp\/v2\/posts"}],"about":[{"href":"https:\/\/grupomontevideo.org\/site\/wp-json\/wp\/v2\/types\/post"}],"author":[{"embeddable":true,"href":"https:\/\/grupomontevideo.org\/site\/wp-json\/wp\/v2\/users\/1"}],"replies":[{"embeddable":true,"href":"https:\/\/grupomontevideo.org\/site\/wp-json\/wp\/v2\/comments?post=6029"}],"version-history":[{"count":1,"href":"https:\/\/grupomontevideo.org\/site\/wp-json\/wp\/v2\/posts\/6029\/revisions"}],"predecessor-version":[{"id":15656,"href":"https:\/\/grupomontevideo.org\/site\/wp-json\/wp\/v2\/posts\/6029\/revisions\/15656"}],"wp:featuredmedia":[{"embeddable":true,"href":"https:\/\/grupomontevideo.org\/site\/wp-json\/wp\/v2\/media\/6030"}],"wp:attachment":[{"href":"https:\/\/grupomontevideo.org\/site\/wp-json\/wp\/v2\/media?parent=6029"}],"wp:term":[{"taxonomy":"category","embeddable":true,"href":"https:\/\/grupomontevideo.org\/site\/wp-json\/wp\/v2\/categories?post=6029"},{"taxonomy":"post_tag","embeddable":true,"href":"https:\/\/grupomontevideo.org\/site\/wp-json\/wp\/v2\/tags?post=6029"}],"curies":[{"name":"wp","href":"https:\/\/api.w.org\/{rel}","templated":true}]}}