{"id":6025,"date":"2020-04-20T12:24:42","date_gmt":"2020-04-20T12:24:42","guid":{"rendered":"http:\/\/grupomontevideo.org\/sitio\/?post_type=noticias&#038;p=6025"},"modified":"2022-06-22T16:35:28","modified_gmt":"2022-06-22T16:35:28","slug":"investigadores-detectan-origen-de-primeros-casos-de-coronavirus-en-uruguay","status":"publish","type":"post","link":"https:\/\/grupomontevideo.org\/site\/investigadores-detectan-origen-de-primeros-casos-de-coronavirus-en-uruguay\/","title":{"rendered":"Investigadores detectan origen de primeros casos de coronavirus en Uruguay"},"content":{"rendered":"<p style=\"text-align: justify;\">Este mi\u00e9rcoles 15 de abril, en conferencia de prensa, investigadores de la Facultad de Ciencias, el Instituto Pasteur y el Instituto de Investigaciones Biol\u00f3gicas Clemente Estable anunciaron los resultados de su investigaci\u00f3n sobre la din\u00e1mica evolutiva del genoma del virus SARS Cov 2 en nuestro pa\u00eds.<\/p>\n<p style=\"text-align: justify;\">Adem\u00e1s, el rector de la Udelar, Rodrigo Arim; el ministro de Salud P\u00fablica (MSP), Daniel Salinas; Carlos Batthy\u00e1ny, director ejecutivo del Instituto Pasteur (IP) de Montevideo; Pablo Zunino, presidente del Consejo Directivo del Instituto de Investigaciones Biol\u00f3gicas Clemente Estable (IIBCE); Miguel Sierra, presidente del Consejo Nacional de Innovaci\u00f3n, Ciencia y Tecnolog\u00eda; y Jos\u00e9 Paruelo, gerente de Investigaci\u00f3n del Instituto Nacional de Investigaci\u00f3n Agropecuaria (INIA), anunciaron la creaci\u00f3n de una plataforma de colaboraci\u00f3n entre todas las instituciones, en el \u00e1rea de la gen\u00f3mica. Las autoridades, los investigadores y los periodistas participaron a trav\u00e9s de salas de videoconferencia.<\/p>\n<p style=\"text-align: justify;\">El rector anunci\u00f3 la conformaci\u00f3n de un grupo de trabajo integrado por las instituciones presentes en la conferencia, todas relacionadas con la producci\u00f3n cient\u00edfica, provenientes del sector p\u00fablico y \u00absostenidas por pol\u00edticas p\u00fablicas de larga data\u00bb. El objetivo de este grupo es \u00abdesarrollar un trabajo colaborativo\u00bb, vinculado con redes internacionales, que permita dar respuestas r\u00e1pidamente a la problem\u00e1tica de la epidemia de COVID-19, y conectar el conocimiento cient\u00edfico con las pol\u00edticas p\u00fablicas, expres\u00f3. Arim destac\u00f3 la presencia del ministro Salinas acompa\u00f1ando el evento.<\/p>\n<p style=\"text-align: justify;\">Zunino y Paruelo explicaron que la cooperaci\u00f3n entre las instituciones se da en tres \u00e1reas: se comparte el uso de equipamiento de primera generaci\u00f3n, de insumos de laboratorio, y tambi\u00e9n se potencia la colaboraci\u00f3n entre los investigadores, compartiendo su conocimiento y trabajo en los laboratorios. Adem\u00e1s, se colabora con otros laboratorios p\u00fablicos y privados, tanto con insumos y como con recursos humanos.<\/p>\n<p style=\"text-align: justify;\">Paruelo destac\u00f3 que en el INIA se habla de \u00abuna sola salud\u00bb, porque la salud humana est\u00e1 cada vez m\u00e1s vinculada con la ambiental y animal. Expres\u00f3 que es necesario generar ciencia y tecnolog\u00eda nacional de calidad sobre esta y otras tem\u00e1ticas, porque est\u00e1 claro que no podemos \u00abcopiar recetas el ni f\u00f3rmulas porque no son las adecuadas a las condiciones de Uruguay\u00bb. Esto es notorio en el desarrollo del diagn\u00f3stico y las vacunas para cepas del virus SARS Cov 2 que circulan en el pa\u00eds. Esta plataforma de colaboraci\u00f3n interinstitucional e interdisciplinaria deber\u00e1 continuar en el futuro para abordar otros \u00abdesaf\u00edos pa\u00eds\u00bb, expres\u00f3.<\/p>\n<p style=\"text-align: justify;\"><strong>Introducci\u00f3n del virus en Uruguay<\/strong><\/p>\n<p style=\"text-align: justify;\">Los primeros resultados de esa colaboraci\u00f3n, una investigaci\u00f3n enfocada en la din\u00e1mica evolutiva del genoma del virus SARS Cov 2, fueron comunicados por los investigadores Gregorio Iraola, responsable del Laboratorio de Gen\u00f3mica Microbiana del IP; Gonzalo Moratorio, profesor adjunto del Laboratorio de Virolog\u00eda Molecular de la Facultad de Ciencias (Udelar) y responsable del Laboratorio de Evoluci\u00f3n Experimental del virus (IP); y Pilar Moreno, tambi\u00e9n profesora adjunta del Laboratorio de Virolog\u00eda Molecular.<\/p>\n<p style=\"text-align: justify;\">Iraola explic\u00f3 que el grupo de investigadores complet\u00f3 la secuencia gen\u00f3mica de los primeros diez pacientes diagnosticados con COVID-19, de la fase temprana de la enfermedad en nuestro pa\u00eds. Puede haber nuevos resultados que modifiquen la informaci\u00f3n que surgi\u00f3 de esta investigaci\u00f3n, aclar\u00f3, por lo tanto es\u00a0\u00abimprescindible\u00bb continuar investigando. Los resultados indican que hubo al menos tres introducciones del virus desde tres continentes distintos: una introducci\u00f3n proviene de Europa, espec\u00edficamente de Espa\u00f1a; otra de Am\u00e9rica del Norte, Canad\u00e1 -se trata de una variante que no circula en Asia-; y la tercera desde Australia. Respecto a cu\u00e1ndo ingresaron a Uruguay, hay un 95% de probabilidad de que los rangos de fechas fueron desde el 20 de febrero a la primera semana de marzo.<\/p>\n<p style=\"text-align: justify;\">Otro resultado que encontraron los investigadores es que algunas de estas variaciones del virus han adquirido cambios gen\u00e9ticos o mutaciones particulares de Uruguay. Hasta el momento se desconoce su impacto en el desarrollo y sintomatolog\u00eda de la enfermedad a nivel internacional, pero es importante conocerlas para cuando la comunidad cient\u00edfica internacional logre identificar la implicancia que tienen y as\u00ed poder actuar en consecuencia.<\/p>\n<p style=\"text-align: justify;\">Record\u00f3 que estas cepas secuenciadas no est\u00e1n epidemiol\u00f3gicamente relacionadas con cepas de pa\u00edses de la regi\u00f3n, y plante\u00f3 que a partir de estos resultados el equipo podr\u00e1 seguir investigando otras interrogantes, por ejemplo, c\u00f3mo se ha movido el virus internamente en Uruguay.<\/p>\n<p style=\"text-align: justify;\">Moratorio se\u00f1al\u00f3 que el trabajo previo en colaboraci\u00f3n entre la Udelar y el IP, que logr\u00f3 el desarrollo de un test diagn\u00f3stico para este virus, permiti\u00f3 \u00ababrir la cancha\u00bb para dar lugar a nuevas iniciativas de trabajos investigaci\u00f3n conjuntos. Destac\u00f3 que el equipo est\u00e1 trabajando en el diagn\u00f3stico y en la variabilidad gen\u00e9tica del virus al mismo tiempo, lo cual ser\u00e1 una fortaleza para el pa\u00eds, si los cambios r\u00e1pidos que tiene el virus llegan a afectar su diagn\u00f3stico. Por su parte, Moreno aclar\u00f3 que las mutaciones en el virus eran esperables por sus caracter\u00edsticas, y adem\u00e1s esto coincide con investigaciones realizadas en otros pa\u00edses.<\/p>\n<p style=\"text-align: justify;\">Asimismo, Iraola indic\u00f3 que los tapabocas generan que los aerosoles disminuyan en su alcance y tambi\u00e9n que la persona se toque menos la cara al tenerlo puesto. \u00abEst\u00e1 en nosotros no repetir equivocaciones de otros pa\u00edses donde el virus lleg\u00f3 antes. El uso del tapabocas es fundamental\u00bb enfatiz\u00f3 el investigador.<\/p>\n<p style=\"text-align: justify;\">Por su parte, Salinas\u00a0remarc\u00f3 la importancia del uso del tapabocas de tela lavable, como recomienda la Organizaci\u00f3n Mundial de la Salud.\u00a0\u00abHay que tener m\u00e1s de uno\u00bb, aconsej\u00f3, \u00aba quienes concurran a las mutualistas o viajen en transporte p\u00fablico les recomendamos un determinado uso del tapabocas casero, resistente, de tela y lavable, ya que los tapabocas quir\u00fargicos son reservados para pacientes y personal m\u00e9dico\u00bb, adem\u00e1s de las medidas de higiene ya recomendadas y el distanciamiento social. Estas\u00a0\u00abno son medidas que se tomen simplemente por imitaci\u00f3n, sino basadas en evidencia cient\u00edfica\u00bb. Felicit\u00f3 y alent\u00f3 a los investigadores a desplegar\u00a0\u00abtodas sus potencialidades\u00bb\u00a0en beneficio del avance cient\u00edfico y de la salud de la\u00a0poblaci\u00f3n, y afirm\u00f3 que el ministerio seguir\u00e1 apoyando su trabajo.<\/p>\n<p style=\"text-align: justify;\"><strong>Mutaciones y vacunas<\/strong><\/p>\n<p style=\"text-align: justify;\">Al ser consultado sobre la cantidad de cepas que circulan en Uruguay, y en qu\u00e9 medida hubo influencia de Italia, Iraola indic\u00f3 que no se tiene informaci\u00f3n de cepas provenientes directamente de Italia, pero\u00a0\u00abno quiere decir que no haya\u00bb. Explic\u00f3 que si se considera una cepa como variante gen\u00e9tica del virus, se puede decir que en Uruguay existen tres,\u00a0\u00abpero todav\u00eda no se sabe cu\u00e1l es el impacto de esas variantes en la enfermedad y su tratamiento\u00bb.<\/p>\n<p style=\"text-align: justify;\">Con respecto al tipo de cepas y a la velocidad con la que est\u00e1 cambiando el virus, el investigador explic\u00f3 que a nivel mundial hay una clasificaci\u00f3n de tres grupos, pero en el transcurso de una semana, la comunidad cient\u00edfica adopt\u00f3 otro sistema o nomenclatura. Esto\u00a0\u00abresalta que estamos viendo en tiempo real y tenemos que adaptarnos a los cambios\u00bb. En Uruguay, hay virus que se encuentran dentro de los grupos A y B, de acuerdo a la clasificaci\u00f3n internacional, y dentro del B, tiene la subclasificaci\u00f3n B1, indic\u00f3. Aclar\u00f3 que esto\u00a0\u00abtodav\u00eda no quiere decir nada, es un sistema de clasificaci\u00f3n que nos ayuda a comparar las caracter\u00edsticas\u00bb.<\/p>\n<p style=\"text-align: justify;\">Sobre la utilidad de esta investigaci\u00f3n para generar una cura o vacuna para el COVID-19, Iraola se\u00f1al\u00f3 que Uruguay est\u00e1 entre los siete pa\u00edses latinoamericanos que estudian el virus, lo cual es fundamental para hacer estudios comparativos. Moratorio destac\u00f3 tambi\u00e9n la necesidad impetuosa de conocer el genoma de un virus para el dise\u00f1o de la vacuna. Es fundamental, primero, tener el virus en un laboratorio para modificarlo gen\u00e9ticamente y estudiar cu\u00e1les de esas modificaciones hacen que pierda capacidad de replicaci\u00f3n, de ingreso a las c\u00e9lulas, y por tanto poder atenuarlo. Asimismo, es fundamental trabajar con genes o componentes a nivel proteico del virus para inactivarlos y poder despertar el sistema inmune, generar las defensas necesarias. Seg\u00fan Moratorio todos los estudios que existen actualmente, realizados en miles de genomas, son fundamentales en el desarrollo de vacunas.\u00a0\u00abHay una vacuna china que entr\u00f3 en la siguiente fase, y existen otros candidatos vacunales, lo cual es muy esperanzador\u00bb, concluy\u00f3.<\/p>\n<p><strong>Fuente: UCUR\/Udelar<\/strong><\/p>\n","protected":false},"excerpt":{"rendered":"<p>Este mi\u00e9rcoles 15 de abril, en conferencia de prensa, investigadores de la Facultad de Ciencias, el Instituto Pasteur y el Instituto de Investigaciones Biol\u00f3gicas Clemente Estable anunciaron los resultados de su investigaci\u00f3n sobre la din\u00e1mica evolutiva del genoma del virus SARS Cov 2 en nuestro pa\u00eds. Adem\u00e1s, el rector de la Udelar, Rodrigo Arim; el [&hellip;]<\/p>\n","protected":false},"author":1,"featured_media":6026,"comment_status":"closed","ping_status":"closed","sticky":false,"template":"","format":"standard","meta":{"footnotes":""},"categories":[48],"tags":[],"class_list":["post-6025","post","type-post","status-publish","format-standard","has-post-thumbnail","hentry","category-archivo-de-noticias"],"wpmagazine_modules_lite_featured_media_urls":{"thumbnail":["https:\/\/grupomontevideo.org\/site\/wp-content\/uploads\/2020\/04\/UdelarGenoma.jpg",150,82,false],"cvmm-medium":["https:\/\/grupomontevideo.org\/site\/wp-content\/uploads\/2020\/04\/UdelarGenoma.jpg",300,163,false],"cvmm-medium-plus":["https:\/\/grupomontevideo.org\/site\/wp-content\/uploads\/2020\/04\/UdelarGenoma.jpg",305,166,false],"cvmm-portrait":["https:\/\/grupomontevideo.org\/site\/wp-content\/uploads\/2020\/04\/UdelarGenoma.jpg",400,218,false],"cvmm-medium-square":["https:\/\/grupomontevideo.org\/site\/wp-content\/uploads\/2020\/04\/UdelarGenoma.jpg",600,326,false],"cvmm-large":["https:\/\/grupomontevideo.org\/site\/wp-content\/uploads\/2020\/04\/UdelarGenoma.jpg",1024,557,false],"cvmm-small":["https:\/\/grupomontevideo.org\/site\/wp-content\/uploads\/2020\/04\/UdelarGenoma.jpg",130,71,false],"full":["https:\/\/grupomontevideo.org\/site\/wp-content\/uploads\/2020\/04\/UdelarGenoma.jpg",1024,557,false]},"categories_names":{"48":{"name":"Archivo de noticias","link":"https:\/\/grupomontevideo.org\/site\/category\/archivo-de-noticias\/"}},"tags_names":[],"comments_number":"0","_links":{"self":[{"href":"https:\/\/grupomontevideo.org\/site\/wp-json\/wp\/v2\/posts\/6025","targetHints":{"allow":["GET"]}}],"collection":[{"href":"https:\/\/grupomontevideo.org\/site\/wp-json\/wp\/v2\/posts"}],"about":[{"href":"https:\/\/grupomontevideo.org\/site\/wp-json\/wp\/v2\/types\/post"}],"author":[{"embeddable":true,"href":"https:\/\/grupomontevideo.org\/site\/wp-json\/wp\/v2\/users\/1"}],"replies":[{"embeddable":true,"href":"https:\/\/grupomontevideo.org\/site\/wp-json\/wp\/v2\/comments?post=6025"}],"version-history":[{"count":1,"href":"https:\/\/grupomontevideo.org\/site\/wp-json\/wp\/v2\/posts\/6025\/revisions"}],"predecessor-version":[{"id":15657,"href":"https:\/\/grupomontevideo.org\/site\/wp-json\/wp\/v2\/posts\/6025\/revisions\/15657"}],"wp:featuredmedia":[{"embeddable":true,"href":"https:\/\/grupomontevideo.org\/site\/wp-json\/wp\/v2\/media\/6026"}],"wp:attachment":[{"href":"https:\/\/grupomontevideo.org\/site\/wp-json\/wp\/v2\/media?parent=6025"}],"wp:term":[{"taxonomy":"category","embeddable":true,"href":"https:\/\/grupomontevideo.org\/site\/wp-json\/wp\/v2\/categories?post=6025"},{"taxonomy":"post_tag","embeddable":true,"href":"https:\/\/grupomontevideo.org\/site\/wp-json\/wp\/v2\/tags?post=6025"}],"curies":[{"name":"wp","href":"https:\/\/api.w.org\/{rel}","templated":true}]}}