{"id":6020,"date":"2020-04-17T17:42:56","date_gmt":"2020-04-17T17:42:56","guid":{"rendered":"http:\/\/grupomontevideo.org\/sitio\/?post_type=noticias&#038;p=6020"},"modified":"2022-06-22T16:35:29","modified_gmt":"2022-06-22T16:35:29","slug":"convocatoria-capacitacion-regional-de-mercociudades","status":"publish","type":"post","link":"https:\/\/grupomontevideo.org\/site\/convocatoria-capacitacion-regional-de-mercociudades\/","title":{"rendered":"Convocatoria: capacitaci\u00f3n regional de Mercociudades"},"content":{"rendered":"<p style=\"text-align: justify;\">El <strong>Programa de Cooperaci\u00f3n Sur Sur de Mercociudades<\/strong> convoca a representantes de gobiernos locales, a organizaciones de la sociedad civil e instituciones educativas, a presentar sus candidaturas en orden de participar de la decimocuarta capacitaci\u00f3n de Mercociudades para la formulaci\u00f3n de proyectos regionales. <strong>La convocatoria estar\u00e1 abierta hasta el 30 de junio de 2020 a las 12:00h (Uruguay) y tiene como eje central \u201c<em>Ciudades y Comunidades Sostenibles<\/em>\u201d<\/strong>.<\/p>\n<p style=\"text-align: justify;\">Se invita a postular ideas de proyectos que aborden el eje central arriba mencionado y como eje transversal los Objetivos de Desarrollo Sostenible 5, 6 y 10 (igualdad de g\u00e9nero, agua limpia y saneamiento y reducci\u00f3n de las desigualdades).<\/p>\n<p style=\"text-align: justify;\"><strong>Podr\u00e1n postularse integrantes del personal t\u00e9cnico y de gesti\u00f3n de gobiernos locales, de instituciones educativas y organizaciones de la sociedad civil, alojados en <a href=\"https:\/\/mercociudades.org\/ciudades-miembro\/\">ciudades miembro de Mercociudades<\/a>.<\/strong><\/p>\n<p style=\"text-align: justify;\"><strong>La capacitaci\u00f3n presencial se realizar\u00e1 en Porto Alegre del 31 de agosto al 4 de septiembre del 2020.<\/strong> Los gastos de alojamiento, manutenci\u00f3n, traslados internos y la entrega de todos los materiales de trabajo no tienen costo (el pasaje internacional deber\u00e1 ser costeado por cada instituci\u00f3n participante). Luego del espacio presencial la capacitaci\u00f3n continuar\u00e1 con un asesoramiento virtual de dos meses que les permitir\u00e1 alcanzar la versi\u00f3n definitiva de su proyecto.<\/p>\n<p style=\"text-align: justify;\">Del total de proyectos formulados, se seleccionar\u00e1n hasta tres que contar\u00e1n con el financiamiento de su participaci\u00f3n en la XXV Cumbre de Mercociudades, a realizarse en diciembre de 2020 en Tandil, Argentina.<\/p>\n<p style=\"text-align: justify;\">Las y los interesados en presentar sus candidaturas a esta capacitaci\u00f3n deber\u00e1n completar el<a href=\"http:\/\/sursurmercociudades.org\/sursur\/?q=es\/form_capacitacion\"> Formulario de Candidatura<\/a> y la <a href=\"https:\/\/mercociudades.org\/wp-content\/uploads\/2020\/03\/Carta_compromiso_institucional_esp_14CAP-1.docx\">Carta de Compromiso Institucional<\/a> de la organizaci\u00f3n a la cual pertenece. Del total de postulaciones podr\u00e1n seleccionarse hasta un m\u00e1ximo de 20.<\/p>\n<p>Acceda a las <a href=\"https:\/\/mercociudades.org\/wp-content\/uploads\/2020\/04\/Bases_14_CAPACITACION.pdf\">BASES DE LA CONVOCATORIA.<\/a><br \/>\nPor consultas escribir a innovacion.comunica@gmail.com<br \/>\n<strong>Fuente: Mercociudades<\/strong><\/p>\n","protected":false},"excerpt":{"rendered":"<p>Para personal de gobiernos locales, instituciones educativas y organizaciones sociales <\/p>\n","protected":false},"author":1,"featured_media":5613,"comment_status":"closed","ping_status":"closed","sticky":false,"template":"","format":"standard","meta":{"footnotes":""},"categories":[48],"tags":[],"class_list":["post-6020","post","type-post","status-publish","format-standard","has-post-thumbnail","hentry","category-archivo-de-noticias"],"wpmagazine_modules_lite_featured_media_urls":{"thumbnail":["https:\/\/grupomontevideo.org\/site\/wp-content\/uploads\/2019\/11\/Posgrado-Udelar.jpg",150,104,false],"cvmm-medium":["https:\/\/grupomontevideo.org\/site\/wp-content\/uploads\/2019\/11\/Posgrado-Udelar.jpg",300,208,false],"cvmm-medium-plus":["https:\/\/grupomontevideo.org\/site\/wp-content\/uploads\/2019\/11\/Posgrado-Udelar.jpg",299,207,false],"cvmm-portrait":["https:\/\/grupomontevideo.org\/site\/wp-content\/uploads\/2019\/11\/Posgrado-Udelar.jpg",400,277,false],"cvmm-medium-square":["https:\/\/grupomontevideo.org\/site\/wp-content\/uploads\/2019\/11\/Posgrado-Udelar.jpg",600,415,false],"cvmm-large":["https:\/\/grupomontevideo.org\/site\/wp-content\/uploads\/2019\/11\/Posgrado-Udelar.jpg",812,562,false],"cvmm-small":["https:\/\/grupomontevideo.org\/site\/wp-content\/uploads\/2019\/11\/Posgrado-Udelar.jpg",130,90,false],"full":["https:\/\/grupomontevideo.org\/site\/wp-content\/uploads\/2019\/11\/Posgrado-Udelar.jpg",812,562,false]},"categories_names":{"48":{"name":"Archivo de noticias","link":"https:\/\/grupomontevideo.org\/site\/category\/archivo-de-noticias\/"}},"tags_names":[],"comments_number":"0","_links":{"self":[{"href":"https:\/\/grupomontevideo.org\/site\/wp-json\/wp\/v2\/posts\/6020","targetHints":{"allow":["GET"]}}],"collection":[{"href":"https:\/\/grupomontevideo.org\/site\/wp-json\/wp\/v2\/posts"}],"about":[{"href":"https:\/\/grupomontevideo.org\/site\/wp-json\/wp\/v2\/types\/post"}],"author":[{"embeddable":true,"href":"https:\/\/grupomontevideo.org\/site\/wp-json\/wp\/v2\/users\/1"}],"replies":[{"embeddable":true,"href":"https:\/\/grupomontevideo.org\/site\/wp-json\/wp\/v2\/comments?post=6020"}],"version-history":[{"count":1,"href":"https:\/\/grupomontevideo.org\/site\/wp-json\/wp\/v2\/posts\/6020\/revisions"}],"predecessor-version":[{"id":15659,"href":"https:\/\/grupomontevideo.org\/site\/wp-json\/wp\/v2\/posts\/6020\/revisions\/15659"}],"wp:featuredmedia":[{"embeddable":true,"href":"https:\/\/grupomontevideo.org\/site\/wp-json\/wp\/v2\/media\/5613"}],"wp:attachment":[{"href":"https:\/\/grupomontevideo.org\/site\/wp-json\/wp\/v2\/media?parent=6020"}],"wp:term":[{"taxonomy":"category","embeddable":true,"href":"https:\/\/grupomontevideo.org\/site\/wp-json\/wp\/v2\/categories?post=6020"},{"taxonomy":"post_tag","embeddable":true,"href":"https:\/\/grupomontevideo.org\/site\/wp-json\/wp\/v2\/tags?post=6020"}],"curies":[{"name":"wp","href":"https:\/\/api.w.org\/{rel}","templated":true}]}}