{"id":6013,"date":"2020-04-15T17:55:31","date_gmt":"2020-04-15T17:55:31","guid":{"rendered":"http:\/\/grupomontevideo.org\/sitio\/?post_type=noticias&#038;p=6013"},"modified":"2022-06-22T16:35:30","modified_gmt":"2022-06-22T16:35:30","slug":"pesquisadores-da-ufrgs-lancam-guia-gratuito-para-a-midia-no-combate-a-covid-19","status":"publish","type":"post","link":"https:\/\/grupomontevideo.org\/site\/pesquisadores-da-ufrgs-lancam-guia-gratuito-para-a-midia-no-combate-a-covid-19\/","title":{"rendered":"Pesquisadores da UFRGS lan\u00e7am guia gratuito para a m\u00eddia no combate \u00e0 Covid-19"},"content":{"rendered":"<p style=\"text-align: justify;\">Uma pandemia como a de Covid-19 exige estrat\u00e9gias para o combate \u00e0 crise em si e para a comunica\u00e7\u00e3o a respeito desse processo. Pensando na atua\u00e7\u00e3o da m\u00eddia durante e ap\u00f3s o confinamento social, os professores Luiz Artur Ferraretto, da UFRGS, e Fernando Morgado, das Faculdades Integradas H\u00e9lio Alonso (Facha), do Rio de Janeiro, produziram o\u00a0<i>e-book<\/i>\u00a0\u00abCovid-19 e comunica\u00e7\u00e3o: um guia pr\u00e1tico para enfrentar a crise<i>\u00ab<\/i>.<\/p>\n<p style=\"text-align: justify;\">A obra pode ser baixada gratuitamente no <a class=\"external-link\" href=\"https:\/\/nerufrgs.blogspot.com\/\">site do N\u00facleo de Estudos de R\u00e1dio da UFRGS (NER)<\/a>\u00a0ou diretamente no link\u00a0<a class=\"external-link\" href=\"http:\/\/bit.ly\/guianer\">bit.ly\/guianer<\/a>. Com 62 p\u00e1ginas, o material foi planejado para ser visualizado com facilidade na tela de um celular e de outros dispositivos m\u00f3veis. O conte\u00fado aborda quest\u00f5es como nomenclaturas relacionadas \u00e0 Covid-19, alerta contra falsos especialistas e\u00a0<i>fake news<\/i>, \u00e9tica e responsabilidade do profissional de comunica\u00e7\u00e3o, manuten\u00e7\u00e3o dos neg\u00f3cios durante a pandemia, caracter\u00edsticas do\u00a0<i>home office<\/i>, entre outras.<\/p>\n<p style=\"text-align: justify;\">Conforme os autores, o material baseia-se nas recomenda\u00e7\u00f5es da Organiza\u00e7\u00e3o Mundial da Sa\u00fade para o combate \u00e0 pandemia e representa um esfor\u00e7o conjunto dos integrantes do NER da UFRGS no sentido de extrapolar seu foco de estudo original em um momento que exige uma vis\u00e3o ampla, colaborativa e integrada de todos os protagonistas da comunica\u00e7\u00e3o.<\/p>\n<p style=\"text-align: justify;\">Est\u00e3o em fase de produ\u00e7\u00e3o as vers\u00f5es do guia em espanhol, franc\u00eas e ingl\u00eas. Tamb\u00e9m posteriormente podem ser lan\u00e7adas vers\u00f5es atualizadas do\u00a0<i>e-book<\/i>, sempre que os pesquisadores identificarem necessidade de revis\u00e3o do conte\u00fado, durante e ap\u00f3s a epidemia de Covid-19.<\/p>\n<p><a href=\"https:\/\/grupomontevideo.org\/site\/wp-content\/uploads\/2020\/04\/ner_covid-19_e_comunicacao.pdf\"><img fetchpriority=\"high\" decoding=\"async\" class=\"alignleft size-full wp-image-6014\" src=\"https:\/\/grupomontevideo.org\/site\/wp-content\/uploads\/2020\/04\/f8e24fd4-461e-4fa7-afcb-2087cfab1270.jpeg\" alt=\"\" width=\"386\" height=\"580\" \/><\/a><\/p>\n","protected":false},"excerpt":{"rendered":"<p>A obra pode ser baixada gratuitamente aquim<\/p>\n","protected":false},"author":1,"featured_media":6016,"comment_status":"closed","ping_status":"closed","sticky":false,"template":"","format":"standard","meta":{"footnotes":""},"categories":[48],"tags":[],"class_list":["post-6013","post","type-post","status-publish","format-standard","has-post-thumbnail","hentry","category-archivo-de-noticias"],"wpmagazine_modules_lite_featured_media_urls":{"thumbnail":["https:\/\/grupomontevideo.org\/site\/wp-content\/uploads\/2020\/04\/radio-e-tv-ufrgs.jpg",150,99,false],"cvmm-medium":["https:\/\/grupomontevideo.org\/site\/wp-content\/uploads\/2020\/04\/radio-e-tv-ufrgs.jpg",300,198,false],"cvmm-medium-plus":["https:\/\/grupomontevideo.org\/site\/wp-content\/uploads\/2020\/04\/radio-e-tv-ufrgs.jpg",305,202,false],"cvmm-portrait":["https:\/\/grupomontevideo.org\/site\/wp-content\/uploads\/2020\/04\/radio-e-tv-ufrgs.jpg",400,265,false],"cvmm-medium-square":["https:\/\/grupomontevideo.org\/site\/wp-content\/uploads\/2020\/04\/radio-e-tv-ufrgs.jpg",600,397,false],"cvmm-large":["https:\/\/grupomontevideo.org\/site\/wp-content\/uploads\/2020\/04\/radio-e-tv-ufrgs.jpg",768,508,false],"cvmm-small":["https:\/\/grupomontevideo.org\/site\/wp-content\/uploads\/2020\/04\/radio-e-tv-ufrgs.jpg",130,86,false],"full":["https:\/\/grupomontevideo.org\/site\/wp-content\/uploads\/2020\/04\/radio-e-tv-ufrgs.jpg",768,508,false]},"categories_names":{"48":{"name":"Archivo de noticias","link":"https:\/\/grupomontevideo.org\/site\/category\/archivo-de-noticias\/"}},"tags_names":[],"comments_number":"0","_links":{"self":[{"href":"https:\/\/grupomontevideo.org\/site\/wp-json\/wp\/v2\/posts\/6013","targetHints":{"allow":["GET"]}}],"collection":[{"href":"https:\/\/grupomontevideo.org\/site\/wp-json\/wp\/v2\/posts"}],"about":[{"href":"https:\/\/grupomontevideo.org\/site\/wp-json\/wp\/v2\/types\/post"}],"author":[{"embeddable":true,"href":"https:\/\/grupomontevideo.org\/site\/wp-json\/wp\/v2\/users\/1"}],"replies":[{"embeddable":true,"href":"https:\/\/grupomontevideo.org\/site\/wp-json\/wp\/v2\/comments?post=6013"}],"version-history":[{"count":1,"href":"https:\/\/grupomontevideo.org\/site\/wp-json\/wp\/v2\/posts\/6013\/revisions"}],"predecessor-version":[{"id":15662,"href":"https:\/\/grupomontevideo.org\/site\/wp-json\/wp\/v2\/posts\/6013\/revisions\/15662"}],"wp:featuredmedia":[{"embeddable":true,"href":"https:\/\/grupomontevideo.org\/site\/wp-json\/wp\/v2\/media\/6016"}],"wp:attachment":[{"href":"https:\/\/grupomontevideo.org\/site\/wp-json\/wp\/v2\/media?parent=6013"}],"wp:term":[{"taxonomy":"category","embeddable":true,"href":"https:\/\/grupomontevideo.org\/site\/wp-json\/wp\/v2\/categories?post=6013"},{"taxonomy":"post_tag","embeddable":true,"href":"https:\/\/grupomontevideo.org\/site\/wp-json\/wp\/v2\/tags?post=6013"}],"curies":[{"name":"wp","href":"https:\/\/api.w.org\/{rel}","templated":true}]}}