{"id":6001,"date":"2020-04-15T14:06:59","date_gmt":"2020-04-15T14:06:59","guid":{"rendered":"http:\/\/grupomontevideo.org\/sitio\/?post_type=noticias&#038;p=6001"},"modified":"2022-06-22T16:35:31","modified_gmt":"2022-06-22T16:35:31","slug":"postergada-la-xxx-reunion-latinoamericana-de-rizobiologia-y-la-v-conferencia-latinoamericana-de-microorganismos-promotores-del-crecimiento-vegetal","status":"publish","type":"post","link":"https:\/\/grupomontevideo.org\/site\/postergada-la-xxx-reunion-latinoamericana-de-rizobiologia-y-la-v-conferencia-latinoamericana-de-microorganismos-promotores-del-crecimiento-vegetal\/","title":{"rendered":"Postergada la Reuni\u00f3n Latinoamericana de Rizobiolog\u00eda y la Conferencia Latinoamericana de Microorganismos Promotores del Crecimiento Vegetal"},"content":{"rendered":"<p style=\"text-align: justify;\"><strong>Fue postergado para el 2021 la <a href=\"http:\/\/www.relar-pgpr-2020.com\/acerca-de.html?fbclid=IwAR1jH__Rnc6HuSix7OpBpoESiEyhij2v3lw7yTAYxsYs42w49JryjPL0DFE\">XXX Reuni\u00f3n Latinoamericana de Rizobiolog\u00eda y la V Conferencia Latinoamericana de Microorganismos Promotores del Crecimiento Vegetal. <\/a><\/strong>eventos que tedr\u00edan lugar entre el 10 y el 14 de noviembre de este a\u00f1o en el Hotel Argentino de la ciudad de Piri\u00e1polis, Uruguay.<\/p>\n<p style=\"text-align: justify;\"><span style=\"font-weight: 400;\">Seg\u00fan informaron desde la organizaci\u00f3n a trav\u00e9s de un comunicado, la decisi\u00f3n fue tomada a ra\u00edz de la situaci\u00f3n que enfrenta el pa\u00eds sede y el mundo por la pandemia de COVID19, que aumentan el \u201c<strong>riesgo sanitario<\/strong>\u201d y las \u201c<strong>elevadas incertidumbres emergentes<\/strong>\u201d. \u201c<strong>Estamos haciendo las tratativas para que sea en el mes de Noviembre y en el mismo lugar estipulado<\/strong>\u201d, afirma.\u00a0<\/span><\/p>\n<p style=\"text-align: justify;\"><span style=\"font-weight: 400;\">\u201c<\/span><i><span style=\"font-weight: 400;\">Sin embargo, en la adversidad redoblamos nuestro compromiso, apuesta y entusiasmo de realizar este evento el pr\u00f3ximo a\u00f1o, con el convencimiento de que nuestro trabajo es un elemento de transformaci\u00f3n indispensable para el desarrollo de sistemas productivos mas sustentables y arm\u00f3nicos con el medio ambiente en este planeta cada vez mas golpeado\u201d, <\/span><\/i><span style=\"font-weight: 400;\">agrega el comunicado.<\/span><\/p>\n<hr \/>\n<p style=\"text-align: center;\"><a href=\"https:\/\/grupomontevideo.org\/site\/wp-content\/uploads\/2020\/04\/Comunicado-de-postergacion-1.pdf\">Lea el comunicado aqu\u00ed<\/a><\/p>\n<hr \/>\n<p style=\"text-align: justify;\"><span style=\"font-weight: 400;\">Esta actividad, que cuenta con el auspicio de la Asociaci\u00f3n de Universidades Grupo Montevideo (AUGM), es un encuentro internacional que re\u00fane participantes provenientes de diferentes pa\u00edses latinoamericanos y que son parte de institutos de investigaci\u00f3n, de ense\u00f1anza, asociaciones de productores agr\u00edcolas y empresas proveedoras de bioinsumos agropecuarios.<\/span><\/p>\n<p style=\"text-align: justify;\"><span style=\"font-weight: 400;\">El objetivo de\u00a0 este espacio es el intercambio de conocimientos y experiencias a trav\u00e9s de una mirada transversal sobre el estado del arte actual en el \u00e1rea de estudio suelo-planta-microorganismo, de vital importancia para la producci\u00f3n agr\u00edcola industrial.\u00a0<\/span><\/p>\n<p style=\"text-align: justify;\"><span style=\"font-weight: 400;\">El programa propuesto comprend\u00eda el estudio de la microbiota del suelo y de la planta como un todo, centr\u00e1ndose en el rol que los microorganismos cumplen en el \u00f3ptimo desarrollo vegetal y por tanto, en la salud de los sistemas agr\u00edcolas.<\/span><\/p>\n","protected":false},"excerpt":{"rendered":"<p>Se debe al riesgo santuario y a las elevadas incertidumbres emergentes por el COVID19<\/p>\n","protected":false},"author":1,"featured_media":6003,"comment_status":"closed","ping_status":"closed","sticky":false,"template":"","format":"standard","meta":{"footnotes":""},"categories":[48],"tags":[],"class_list":["post-6001","post","type-post","status-publish","format-standard","has-post-thumbnail","hentry","category-archivo-de-noticias"],"wpmagazine_modules_lite_featured_media_urls":{"thumbnail":["https:\/\/grupomontevideo.org\/site\/wp-content\/uploads\/2020\/04\/Argentinno-Hotel.jpg",150,99,false],"cvmm-medium":["https:\/\/grupomontevideo.org\/site\/wp-content\/uploads\/2020\/04\/Argentinno-Hotel.jpg",300,198,false],"cvmm-medium-plus":["https:\/\/grupomontevideo.org\/site\/wp-content\/uploads\/2020\/04\/Argentinno-Hotel.jpg",305,201,false],"cvmm-portrait":["https:\/\/grupomontevideo.org\/site\/wp-content\/uploads\/2020\/04\/Argentinno-Hotel.jpg",400,263,false],"cvmm-medium-square":["https:\/\/grupomontevideo.org\/site\/wp-content\/uploads\/2020\/04\/Argentinno-Hotel.jpg",600,395,false],"cvmm-large":["https:\/\/grupomontevideo.org\/site\/wp-content\/uploads\/2020\/04\/Argentinno-Hotel.jpg",1024,674,false],"cvmm-small":["https:\/\/grupomontevideo.org\/site\/wp-content\/uploads\/2020\/04\/Argentinno-Hotel.jpg",130,86,false],"full":["https:\/\/grupomontevideo.org\/site\/wp-content\/uploads\/2020\/04\/Argentinno-Hotel.jpg",1200,790,false]},"categories_names":{"48":{"name":"Archivo de noticias","link":"https:\/\/grupomontevideo.org\/site\/category\/archivo-de-noticias\/"}},"tags_names":[],"comments_number":"0","_links":{"self":[{"href":"https:\/\/grupomontevideo.org\/site\/wp-json\/wp\/v2\/posts\/6001","targetHints":{"allow":["GET"]}}],"collection":[{"href":"https:\/\/grupomontevideo.org\/site\/wp-json\/wp\/v2\/posts"}],"about":[{"href":"https:\/\/grupomontevideo.org\/site\/wp-json\/wp\/v2\/types\/post"}],"author":[{"embeddable":true,"href":"https:\/\/grupomontevideo.org\/site\/wp-json\/wp\/v2\/users\/1"}],"replies":[{"embeddable":true,"href":"https:\/\/grupomontevideo.org\/site\/wp-json\/wp\/v2\/comments?post=6001"}],"version-history":[{"count":1,"href":"https:\/\/grupomontevideo.org\/site\/wp-json\/wp\/v2\/posts\/6001\/revisions"}],"predecessor-version":[{"id":15666,"href":"https:\/\/grupomontevideo.org\/site\/wp-json\/wp\/v2\/posts\/6001\/revisions\/15666"}],"wp:featuredmedia":[{"embeddable":true,"href":"https:\/\/grupomontevideo.org\/site\/wp-json\/wp\/v2\/media\/6003"}],"wp:attachment":[{"href":"https:\/\/grupomontevideo.org\/site\/wp-json\/wp\/v2\/media?parent=6001"}],"wp:term":[{"taxonomy":"category","embeddable":true,"href":"https:\/\/grupomontevideo.org\/site\/wp-json\/wp\/v2\/categories?post=6001"},{"taxonomy":"post_tag","embeddable":true,"href":"https:\/\/grupomontevideo.org\/site\/wp-json\/wp\/v2\/tags?post=6001"}],"curies":[{"name":"wp","href":"https:\/\/api.w.org\/{rel}","templated":true}]}}