{"id":5917,"date":"2020-03-27T15:54:10","date_gmt":"2020-03-27T15:54:10","guid":{"rendered":"http:\/\/grupomontevideo.org\/sitio\/?post_type=noticias&#038;p=5917"},"modified":"2022-06-22T16:35:39","modified_gmt":"2022-06-22T16:35:39","slug":"responsabilidad-frente-a-la-informacion","status":"publish","type":"post","link":"https:\/\/grupomontevideo.org\/site\/responsabilidad-frente-a-la-informacion\/","title":{"rendered":"Responsabilidad frente a la informaci\u00f3n"},"content":{"rendered":"<p style=\"text-align: justify;\">Actualmente, el avance de la pandemia coronavirus est\u00e1 afectando vertiginosamente a los ciudadanos y a las econom\u00edas del mundo. A esto se le suma la proliferaci\u00f3n de un enorme caudal de noticias falsas o fake news que lo \u00fanico que hacen es desinformar, alarmar a la poblaci\u00f3n y generar una psicosis colectiva que en muchos casos no se puede detener.<\/p>\n<p style=\"text-align: justify;\">En este contexto, los profesionales de la comunicaci\u00f3n tienen un rol fundamental y un compromiso con la sociedad respecto de la circulaci\u00f3n de la informaci\u00f3n. <em>\u201cCon la masividad de los medios de comunicaci\u00f3n, es m\u00e1s f\u00e1cil originar y que circulen distintas noticias e informaciones con mayor rapidez\u201d<\/em>, manifiesta\u00a0<strong>Aixa Boeykens<\/strong>, graduada de la Universidad Nacional de Entre R\u00edos (UNER), docente y coordinadora de la carrera de Licenciatura en Comunicaci\u00f3n Social de la <a href=\"https:\/\/www.fcedu.uner.edu.ar\/\" target=\"_blank\" rel=\"noopener noreferrer\">Facultad de Ciencias de la Educaci\u00f3n<\/a>.<\/p>\n<p style=\"text-align: justify;\"><em>\u201cLo que caracteriza al fen\u00f3meno de las fake news es, por un lado, esta modificaci\u00f3n en el sistema comunicacional con las redes sociales, que demanda mayor rapidez para que la informaci\u00f3n est\u00e9 presente cuando hay algo que comunicar. Por otro lado, el poco tiempo para poder chequear de d\u00f3nde viene esa informaci\u00f3n\u201d<\/em>, relata.<\/p>\n<p><img decoding=\"async\" class=\"aligncenter\" src=\"https:\/\/noticias.uner.edu.ar\/public\/uploads\/aixa.jpg\" \/><\/p>\n<p style=\"text-align: justify;\">En este sentido, los medios de comunicaci\u00f3n tienen una responsabilidad fundamental respecto de la sobreinformaci\u00f3n:<em>\u00a0\u201cLas rutinas de producci\u00f3n y la seriedad con la que se construye la informaci\u00f3n\u201d<\/em>, indica Boeykens. Lo que en general ocurre en los medios period\u00edsticos es un constante<em>\u00a0\u201cllenar espacios\u201d<\/em>. Por ejemplo:\u00a0<em>\u201cHay, de manera permanente, conductores repitiendo cosas, lo que genera una espectacularizaci\u00f3n del tema. Esto es lo que las personas reciben. La constante repetici\u00f3n de un tema genera un estado de miedo o p\u00e1nico, y no contribuye\u201d<\/em>, agrega la docente.<\/p>\n<p style=\"text-align: justify;\">Seg\u00fan Boeykens, se puede hacer un excelente uso de las redes sociales, pero depende de cada ciudadano:<em>\u00a0\u201cCada uno de nosotros tiene que ser responsable cuando enviamos informaci\u00f3n. En las fake news hay dos componentes que act\u00faan: uno cognitivo y otro emocional. En general, el equilibrio trata de desplazarse hacia el componente emocional, lo que descarta la posibilidad de poder prestar atenci\u00f3n a cu\u00e1l es la informaci\u00f3n que est\u00e1 transmitiendo\u201d.<\/em><\/p>\n<p style=\"text-align: justify;\"><strong>Consumo ciudadano<\/strong><\/p>\n<p style=\"text-align: justify;\">En este mundo globalizado, el imperio de la tecnolog\u00eda, las apps o redes sociales transforman las pr\u00e1cticas y\/o h\u00e1bitos de la vida cotidiana de las personas. Estar en la red implica adentrarse a un universo infinito de posibilidades: de entretenimientos o juegos; de comunicarse con otros o informarnos; y todo esto lo podemos hacer al mismo tiempo.<\/p>\n<p style=\"text-align: justify;\">En nuestro comportamiento diario<em>\u00a0\u201cscrolleamos, nos encontramos con enlaces de medios de comunicaci\u00f3n, de medios no conocidos, inclusive algunos que no existen y que proponen titulares. Nos informamos con formas fragmentarias de comunicaci\u00f3n, que pueden ser un titular, una foto o un meme, entre otros. Este puede ser el caldo de cultivo para potenciar las noticias falsas\u201d<\/em>, explica\u00a0<strong>Leonardo Murolo<\/strong>, doctor en Comunicaci\u00f3n y director de la Licenciatura en Comunicaci\u00f3n Social de la Universidad Nacional de Quilmes e integrante de la REDCOM (Red de Carreras de Comunicaci\u00f3n de la Argentina) de la cual la Facultad de Ciencias de la Educaci\u00f3n tambi\u00e9n forma parte.<\/p>\n<p style=\"text-align: justify;\">\u00bfQu\u00e9 tipo de informaci\u00f3n consumimos y de qu\u00e9 manera? Depende exclusivamente de nosotros mismos<em>. \u201c\u00bfC\u00f3mo procesamos la cantidad enorme de informaci\u00f3n que consumimos mediante las redes?\u201d, se pregunta Murolo. \u201cNo hace falta ser comunicadores, soci\u00f3logos, antrop\u00f3logos para saber leerlos en su complejidad y saber que tienen due\u00f1os, intereses, voluntades que los mueven. Todos los ciudadanos y ciudadanas deber\u00edamos saberlo. Es algo que atraviesa a todas las profesiones y al sujeto ciudadano, para tomar sus decisiones\u201d<\/em>, comenta.<\/p>\n<p><img decoding=\"async\" src=\"https:\/\/noticias.uner.edu.ar\/public\/uploads\/murolo.jpg\" \/><\/p>\n<p style=\"text-align: justify;\"><em>\u201cLas redes sociales contribuyen positiva y negativamente en la abundancia de informaci\u00f3n, hay una labor ciudadana que no es s\u00f3lo votar y pagar los impuestos, sino tambi\u00e9n poder discernir en la informaci\u00f3n que consumimos y las decisiones que tomamos a partir de ella\u201d<\/em>, finaliza.<\/p>\n<p style=\"text-align: justify;\">No es la primera vez que la humanidad atraviesa por una crisis global. La sociedad debe tomar conciencia de nuestras pr\u00e1cticas comunicacionales y ser cr\u00edticos a la hora de compartir la informaci\u00f3n que circula en la red. Ante esto, ser responsables y cuidadosos en la difusi\u00f3n de noticias se torna indispensable, porque frente a una situaci\u00f3n particular, no podr\u00edamos medir su impacto.<\/p>\n<p><strong>Fuente: UNER Noticias<\/strong><\/p>\n","protected":false},"excerpt":{"rendered":"<p>\u00bfQu\u00e9 sucede con las noticias en tiempos de COVID-19?<\/p>\n","protected":false},"author":1,"featured_media":5918,"comment_status":"closed","ping_status":"closed","sticky":false,"template":"","format":"standard","meta":{"footnotes":""},"categories":[48],"tags":[],"class_list":["post-5917","post","type-post","status-publish","format-standard","has-post-thumbnail","hentry","category-archivo-de-noticias"],"wpmagazine_modules_lite_featured_media_urls":{"thumbnail":["https:\/\/grupomontevideo.org\/site\/wp-content\/uploads\/2020\/03\/426340385149.jpg",150,83,false],"cvmm-medium":["https:\/\/grupomontevideo.org\/site\/wp-content\/uploads\/2020\/03\/426340385149.jpg",300,167,false],"cvmm-medium-plus":["https:\/\/grupomontevideo.org\/site\/wp-content\/uploads\/2020\/03\/426340385149.jpg",305,169,false],"cvmm-portrait":["https:\/\/grupomontevideo.org\/site\/wp-content\/uploads\/2020\/03\/426340385149.jpg",400,222,false],"cvmm-medium-square":["https:\/\/grupomontevideo.org\/site\/wp-content\/uploads\/2020\/03\/426340385149.jpg",600,333,false],"cvmm-large":["https:\/\/grupomontevideo.org\/site\/wp-content\/uploads\/2020\/03\/426340385149.jpg",700,389,false],"cvmm-small":["https:\/\/grupomontevideo.org\/site\/wp-content\/uploads\/2020\/03\/426340385149.jpg",130,72,false],"full":["https:\/\/grupomontevideo.org\/site\/wp-content\/uploads\/2020\/03\/426340385149.jpg",700,389,false]},"categories_names":{"48":{"name":"Archivo de noticias","link":"https:\/\/grupomontevideo.org\/site\/category\/archivo-de-noticias\/"}},"tags_names":[],"comments_number":"0","_links":{"self":[{"href":"https:\/\/grupomontevideo.org\/site\/wp-json\/wp\/v2\/posts\/5917","targetHints":{"allow":["GET"]}}],"collection":[{"href":"https:\/\/grupomontevideo.org\/site\/wp-json\/wp\/v2\/posts"}],"about":[{"href":"https:\/\/grupomontevideo.org\/site\/wp-json\/wp\/v2\/types\/post"}],"author":[{"embeddable":true,"href":"https:\/\/grupomontevideo.org\/site\/wp-json\/wp\/v2\/users\/1"}],"replies":[{"embeddable":true,"href":"https:\/\/grupomontevideo.org\/site\/wp-json\/wp\/v2\/comments?post=5917"}],"version-history":[{"count":1,"href":"https:\/\/grupomontevideo.org\/site\/wp-json\/wp\/v2\/posts\/5917\/revisions"}],"predecessor-version":[{"id":15685,"href":"https:\/\/grupomontevideo.org\/site\/wp-json\/wp\/v2\/posts\/5917\/revisions\/15685"}],"wp:featuredmedia":[{"embeddable":true,"href":"https:\/\/grupomontevideo.org\/site\/wp-json\/wp\/v2\/media\/5918"}],"wp:attachment":[{"href":"https:\/\/grupomontevideo.org\/site\/wp-json\/wp\/v2\/media?parent=5917"}],"wp:term":[{"taxonomy":"category","embeddable":true,"href":"https:\/\/grupomontevideo.org\/site\/wp-json\/wp\/v2\/categories?post=5917"},{"taxonomy":"post_tag","embeddable":true,"href":"https:\/\/grupomontevideo.org\/site\/wp-json\/wp\/v2\/tags?post=5917"}],"curies":[{"name":"wp","href":"https:\/\/api.w.org\/{rel}","templated":true}]}}