{"id":5333,"date":"2019-08-20T13:18:40","date_gmt":"2019-08-20T13:18:40","guid":{"rendered":"http:\/\/grupomontevideo.org\/sitio\/?post_type=noticias&#038;p=5333"},"modified":"2022-06-22T16:41:27","modified_gmt":"2022-06-22T16:41:27","slug":"escuela-de-materiales-de-augm-en-valdivia-chile","status":"publish","type":"post","link":"https:\/\/grupomontevideo.org\/site\/escuela-de-materiales-de-augm-en-valdivia-chile\/","title":{"rendered":"Escuela de Materiales AUGM en Valdivia, Chile"},"content":{"rendered":"<p style=\"text-align: justify;\"><span style=\"font-weight: 400;\">El <strong>N\u00facleo Disciplinario Ciencia e Ingenier\u00eda de los Materiales de la Asociaci\u00f3n de Universidades Grupo Montevideo (AUGM) llevar\u00e1 adelante una nueva Escuela de Materiales, este vez en Valdivia, Chile<\/strong>, en el marco Congreso Internacional de Materiales y Metalurgia (CONAMET-SAM 2019). <\/span><\/p>\n<p style=\"text-align: justify;\">La actividad, que se extender\u00e1 del <strong>4 al 6 de noviembre<\/strong>, tiene como <strong>objetivo principal promover la integraci\u00f3n acad\u00e9mica de los grupos que act\u00faan en el \u00e1rea de Ciencia e Ingenier\u00eda de Materiales<\/strong>, un \u00e1rea de particular relevancia pero desigual desarrollo a nivel regional.<\/p>\n<blockquote>\n<p style=\"text-align: justify;\"><i>Para ello se <strong>impulsa una sostenida cooperaci\u00f3n entre docentes e investigadores de las diferentes universidades del N\u00facleo, estimulando la propuesta de proyectos conjuntos de investigaci\u00f3n, patrocinando eventos cient\u00edficos y creando la Escuela de Materiales AUGM<\/strong>, de car\u00e1cter itinerante entre las universidades miembro del N\u00facleo y eventos cient\u00edficos relevantes en la Regi\u00f3n.\u00a0<\/i><\/p>\n<\/blockquote>\n<p style=\"text-align: justify;\"><span style=\"font-weight: 400;\">Se han realizado varias de estas escuelas en diferentes oportunidades en Brasil, Uruguay y Chile, y los temas han variado seg\u00fan las necesidades e intereses del lugar donde se realizan. En esta edici\u00f3n los <strong>temas<\/strong> son \u201c<em><strong>T<\/strong><\/em><\/span><em><strong>\u00e9cnicas de caracterizaci\u00f3n electro-\u00f3ptica de pel\u00edculas semiconductoras<\/strong><\/em><span style=\"font-weight: 400;\">\u201d, que estar\u00e1 en manos del Prof. Dr. Roberto Arce (Argentina); \u201c<\/span><strong><i>Caracterizaci\u00f3n de Biomateriales<\/i><\/strong><span style=\"font-weight: 400;\">\u201d, que ser\u00e1 impartido por el\u00a0 Prof. Dr. Carlos R. Grandini (Brasil); y \u201c<\/span><strong><i>Aplicaci\u00f3n rayos X a la caracterizaci\u00f3n de materiales<\/i><\/strong><span style=\"font-weight: 400;\">\u201d, por el\u00a0 Prof. Ing. H\u00e9ctor Pesenti (Chile).<\/span><\/p>\n<p><b>M\u00e1s informaci\u00f3n\u00a0de la escuela: Prof. Ing. Alberto Monsalve (alberto.monsalve@usach.cl)<\/b><\/p>\n<p style=\"text-align: justify;\"><span style=\"font-weight: 400;\">Esta Escuela se llevar\u00e1 a cabo despu\u00e9s de la reuni\u00f3n anual del N\u00facleo, que tendr\u00e1 lugar el 3 de noviembre en la ciudad de Valdivia. Entre los temas a tratar est\u00e1 la revisi\u00f3n de las metas propuestas en la reuni\u00f3n anterior para el per\u00edodo 2019-2020: presentaci\u00f3n de los representantes de cada universidad, con breve descripci\u00f3n de las actividades desarrolladas y coordinadas en su universidad. Se discutir\u00e1n las actividades desarrolladas y se evaluar\u00e1 su proyecci\u00f3n de futuro.Tambi\u00e9n se abordar\u00e1 la elaboraci\u00f3n del Plan de actividades para el bienio 2020 -2021.<\/span><\/p>\n<p style=\"text-align: justify;\"><strong>Sobre el Congreso Internacional de Materiales y Metalurgia (CONAMET-SAM 2019)<\/strong><\/p>\n<p style=\"text-align: justify;\"><span style=\"font-weight: 400;\">Este congreso se ha posicionado entre los mayores encuentros iberoamericanos sobre investigaci\u00f3n, aplicaciones y tecnolog\u00eda de los materiales. Tiene el objetivo de reunir a la gran comunidad que trabaja en materiales para ayudar a establecer nuevos contactos, fomentar la colaboraci\u00f3n, presentar los \u00faltimos desarrollos e innovaciones, y permitir el <\/span><span style=\"font-weight: 400;\">intercambio de ideas y cr\u00edticas constructivas.<\/span><\/p>\n<p><strong>Vea el sitio del <a href=\"https:\/\/conamet-sam-2019.cl\/\">CONAMET &#8211; SAM 2019 aqu\u00ed\u00a0<\/a><\/strong><br \/>\n<img decoding=\"async\" class=\"size-full wp-image-5336 aligncenter\" src=\"https:\/\/grupomontevideo.org\/site\/wp-content\/uploads\/2019\/08\/Conamet.jpg\" alt=\"\" width=\"300\" height=\"155\" \/><\/p>\n","protected":false},"excerpt":{"rendered":"<p>Busca promover la integraci\u00f3n acad\u00e9mica de los grupos que act\u00faan en el \u00e1rea <\/p>\n","protected":false},"author":1,"featured_media":5334,"comment_status":"closed","ping_status":"closed","sticky":false,"template":"","format":"standard","meta":{"footnotes":""},"categories":[48],"tags":[],"class_list":["post-5333","post","type-post","status-publish","format-standard","has-post-thumbnail","hentry","category-archivo-de-noticias"],"wpmagazine_modules_lite_featured_media_urls":{"thumbnail":["https:\/\/grupomontevideo.org\/site\/wp-content\/uploads\/2019\/08\/Ingenieria-de-los-materiales.jpg",150,65,false],"cvmm-medium":["https:\/\/grupomontevideo.org\/site\/wp-content\/uploads\/2019\/08\/Ingenieria-de-los-materiales.jpg",300,131,false],"cvmm-medium-plus":["https:\/\/grupomontevideo.org\/site\/wp-content\/uploads\/2019\/08\/Ingenieria-de-los-materiales.jpg",305,133,false],"cvmm-portrait":["https:\/\/grupomontevideo.org\/site\/wp-content\/uploads\/2019\/08\/Ingenieria-de-los-materiales.jpg",400,175,false],"cvmm-medium-square":["https:\/\/grupomontevideo.org\/site\/wp-content\/uploads\/2019\/08\/Ingenieria-de-los-materiales.jpg",600,262,false],"cvmm-large":["https:\/\/grupomontevideo.org\/site\/wp-content\/uploads\/2019\/08\/Ingenieria-de-los-materiales.jpg",848,370,false],"cvmm-small":["https:\/\/grupomontevideo.org\/site\/wp-content\/uploads\/2019\/08\/Ingenieria-de-los-materiales.jpg",130,57,false],"full":["https:\/\/grupomontevideo.org\/site\/wp-content\/uploads\/2019\/08\/Ingenieria-de-los-materiales.jpg",848,370,false]},"categories_names":{"48":{"name":"Archivo de noticias","link":"https:\/\/grupomontevideo.org\/site\/category\/archivo-de-noticias\/"}},"tags_names":[],"comments_number":"0","_links":{"self":[{"href":"https:\/\/grupomontevideo.org\/site\/wp-json\/wp\/v2\/posts\/5333","targetHints":{"allow":["GET"]}}],"collection":[{"href":"https:\/\/grupomontevideo.org\/site\/wp-json\/wp\/v2\/posts"}],"about":[{"href":"https:\/\/grupomontevideo.org\/site\/wp-json\/wp\/v2\/types\/post"}],"author":[{"embeddable":true,"href":"https:\/\/grupomontevideo.org\/site\/wp-json\/wp\/v2\/users\/1"}],"replies":[{"embeddable":true,"href":"https:\/\/grupomontevideo.org\/site\/wp-json\/wp\/v2\/comments?post=5333"}],"version-history":[{"count":1,"href":"https:\/\/grupomontevideo.org\/site\/wp-json\/wp\/v2\/posts\/5333\/revisions"}],"predecessor-version":[{"id":15779,"href":"https:\/\/grupomontevideo.org\/site\/wp-json\/wp\/v2\/posts\/5333\/revisions\/15779"}],"wp:featuredmedia":[{"embeddable":true,"href":"https:\/\/grupomontevideo.org\/site\/wp-json\/wp\/v2\/media\/5334"}],"wp:attachment":[{"href":"https:\/\/grupomontevideo.org\/site\/wp-json\/wp\/v2\/media?parent=5333"}],"wp:term":[{"taxonomy":"category","embeddable":true,"href":"https:\/\/grupomontevideo.org\/site\/wp-json\/wp\/v2\/categories?post=5333"},{"taxonomy":"post_tag","embeddable":true,"href":"https:\/\/grupomontevideo.org\/site\/wp-json\/wp\/v2\/tags?post=5333"}],"curies":[{"name":"wp","href":"https:\/\/api.w.org\/{rel}","templated":true}]}}