{"id":5327,"date":"2019-08-19T15:22:49","date_gmt":"2019-08-19T15:22:49","guid":{"rendered":"http:\/\/grupomontevideo.org\/sitio\/?post_type=noticias&#038;p=5327"},"modified":"2022-06-22T16:41:27","modified_gmt":"2022-06-22T16:41:27","slug":"miradas-sobre-el-acceso-a-la-literatura-cientifica","status":"publish","type":"post","link":"https:\/\/grupomontevideo.org\/site\/miradas-sobre-el-acceso-a-la-literatura-cientifica\/","title":{"rendered":"Miradas sobre el Acceso a la Literatura Cient\u00edfica"},"content":{"rendered":"<p style=\"text-align: justify;\">El<strong> mi\u00e9rcoles 28 de agosto<\/strong>, de 14:30 a 18 horas, en el anfiteatro de la Facultad de Informaci\u00f3n y Comunicaci\u00f3n (San Salvador esquina Jackson) de la Universidad de la Rep\u00fablica (Udelar, Uruguay) se realizar\u00e1 la jornada \u00ab<strong>Miradas sobre el Acceso a la Literatura Cient\u00edfica\u00bb<\/strong>. La actividad es organizada por la Comisi\u00f3n Sectorial de Investigaci\u00f3n Cient\u00edfica en el marco del Art. 2 de la Ley Org\u00e1nica de la Universidad de la Rep\u00fablica.<\/p>\n<p style=\"text-align: justify;\">La Universidad de la Rep\u00fablica, cumpliendo su mandato de propender a la comprensi\u00f3n p\u00fablica de problemas de inter\u00e9s general, invita a tres charlas sobre formas de acceso a la literatura cient\u00edfica, procurando poner a disposici\u00f3n de la comunidad enfoques plurales sobre el tema.<\/p>\n<p style=\"text-align: justify;\"><strong>Programa<\/strong><\/p>\n<p style=\"text-align: justify;\">14:30 &#8211; 15.00 horas &#8211; Inscripciones<\/p>\n<p style=\"text-align: justify;\">15:00 &#8211; 17:00 horas &#8211; Charlas de:<\/p>\n<p style=\"text-align: justify;\">Justin Mytton &#8211; Elsevier Sudam\u00e9rica Guillermo Banzato y Cecilia Rozenblum &#8211; AmeliCA (Conocimiento Abierto en Am\u00e9rica Latina y el Sur Global) Alexandra Elbakyan &#8211; Sci-Hub<\/p>\n<p style=\"text-align: justify;\">17:00 &#8211; 18:00 horas &#8211; Preguntas del p\u00fablico a los expositores<\/p>\n<p style=\"text-align: justify;\">Art. 2 (Ley Org\u00e1nica de la Universidad de la Rep\u00fablica) Fines de la Universidad: \u00ab&#8230; Le incumbe asimismo, a trav\u00e9s de todos sus \u00f3rganos, en sus respectivas competencias, acrecentar, difundir y defender la cultura, impulsar y proteger la investigaci\u00f3n cient\u00edfica y las actividades art\u00edsticas y contribuir al estudio de los problemas de inter\u00e9s general y propender a su comprensi\u00f3n p\u00fablica; defender los valores morales y los principios de justicia, libertad, bienestar social, los derechos de la persona humana y la forma democr\u00e1tico-republicana de gobierno\u00bb.<\/p>\n<p style=\"text-align: justify;\">Como resulta obvio, las posturas vertidas en estas charlas ni representan ni comprometen la opini\u00f3n de la Universidad de la Rep\u00fablica.<\/p>\n<p><strong>Fuente: Udelar<\/strong><br \/>\n<img fetchpriority=\"high\" decoding=\"async\" class=\"alignleft size-full wp-image-5328\" src=\"https:\/\/grupomontevideo.org\/site\/wp-content\/uploads\/2019\/08\/4511c8d83953b88b9f0b4bdd306412c7-1.jpg\" alt=\"\" width=\"609\" height=\"861\" \/><br \/>\n&nbsp;<\/p>\n","protected":false},"excerpt":{"rendered":"<p>Tres charlas sobre formas de acceso a la literatura cient\u00edfica, Montevideo, Uruguay<\/p>\n","protected":false},"author":1,"featured_media":5329,"comment_status":"closed","ping_status":"closed","sticky":false,"template":"","format":"standard","meta":{"footnotes":""},"categories":[48],"tags":[],"class_list":["post-5327","post","type-post","status-publish","format-standard","has-post-thumbnail","hentry","category-archivo-de-noticias"],"wpmagazine_modules_lite_featured_media_urls":{"thumbnail":["https:\/\/grupomontevideo.org\/site\/wp-content\/uploads\/2019\/08\/Literatura-Cientifica-Udelar.jpg",150,113,false],"cvmm-medium":["https:\/\/grupomontevideo.org\/site\/wp-content\/uploads\/2019\/08\/Literatura-Cientifica-Udelar.jpg",300,225,false],"cvmm-medium-plus":["https:\/\/grupomontevideo.org\/site\/wp-content\/uploads\/2019\/08\/Literatura-Cientifica-Udelar.jpg",275,207,false],"cvmm-portrait":["https:\/\/grupomontevideo.org\/site\/wp-content\/uploads\/2019\/08\/Literatura-Cientifica-Udelar.jpg",350,263,false],"cvmm-medium-square":["https:\/\/grupomontevideo.org\/site\/wp-content\/uploads\/2019\/08\/Literatura-Cientifica-Udelar.jpg",350,263,false],"cvmm-large":["https:\/\/grupomontevideo.org\/site\/wp-content\/uploads\/2019\/08\/Literatura-Cientifica-Udelar.jpg",350,263,false],"cvmm-small":["https:\/\/grupomontevideo.org\/site\/wp-content\/uploads\/2019\/08\/Literatura-Cientifica-Udelar.jpg",126,95,false],"full":["https:\/\/grupomontevideo.org\/site\/wp-content\/uploads\/2019\/08\/Literatura-Cientifica-Udelar.jpg",350,263,false]},"categories_names":{"48":{"name":"Archivo de noticias","link":"https:\/\/grupomontevideo.org\/site\/category\/archivo-de-noticias\/"}},"tags_names":[],"comments_number":"0","_links":{"self":[{"href":"https:\/\/grupomontevideo.org\/site\/wp-json\/wp\/v2\/posts\/5327","targetHints":{"allow":["GET"]}}],"collection":[{"href":"https:\/\/grupomontevideo.org\/site\/wp-json\/wp\/v2\/posts"}],"about":[{"href":"https:\/\/grupomontevideo.org\/site\/wp-json\/wp\/v2\/types\/post"}],"author":[{"embeddable":true,"href":"https:\/\/grupomontevideo.org\/site\/wp-json\/wp\/v2\/users\/1"}],"replies":[{"embeddable":true,"href":"https:\/\/grupomontevideo.org\/site\/wp-json\/wp\/v2\/comments?post=5327"}],"version-history":[{"count":1,"href":"https:\/\/grupomontevideo.org\/site\/wp-json\/wp\/v2\/posts\/5327\/revisions"}],"predecessor-version":[{"id":15780,"href":"https:\/\/grupomontevideo.org\/site\/wp-json\/wp\/v2\/posts\/5327\/revisions\/15780"}],"wp:featuredmedia":[{"embeddable":true,"href":"https:\/\/grupomontevideo.org\/site\/wp-json\/wp\/v2\/media\/5329"}],"wp:attachment":[{"href":"https:\/\/grupomontevideo.org\/site\/wp-json\/wp\/v2\/media?parent=5327"}],"wp:term":[{"taxonomy":"category","embeddable":true,"href":"https:\/\/grupomontevideo.org\/site\/wp-json\/wp\/v2\/categories?post=5327"},{"taxonomy":"post_tag","embeddable":true,"href":"https:\/\/grupomontevideo.org\/site\/wp-json\/wp\/v2\/tags?post=5327"}],"curies":[{"name":"wp","href":"https:\/\/api.w.org\/{rel}","templated":true}]}}