{"id":5322,"date":"2019-08-16T15:37:15","date_gmt":"2019-08-16T15:37:15","guid":{"rendered":"http:\/\/grupomontevideo.org\/sitio\/?post_type=noticias&#038;p=5322"},"modified":"2022-06-22T16:41:27","modified_gmt":"2022-06-22T16:41:27","slug":"convocatoria-2020-del-escala-estudiantes-de-grado","status":"publish","type":"post","link":"https:\/\/grupomontevideo.org\/site\/convocatoria-2020-del-escala-estudiantes-de-grado\/","title":{"rendered":"Convocatoria 2020 del ESCALA Estudiantes de Grado"},"content":{"rendered":"<p style=\"text-align: justify;\"><span style=\"font-weight: 400;\">Se encuentra abierta la convocatoria 2020 para el <\/span><b>Programa Espacio Acad\u00e9mico Com\u00fan Ampliado Latinoamericano (ESCALA) para Estudiantes de Grado<\/b><span style=\"font-weight: 400;\"> (PEEG) de las instituciones miembro de la Asociaci\u00f3n de Universidades Grupo Montevideo (AUGM). Pueden postular aquellos estudiantes que est\u00e9n registrados como tales en la universidad de origen y tengan aprobado por lo menos el 40% de la carrera o licenciatura que cursan. Deben ser, adem\u00e1s, menores de 30 a\u00f1os de edad y no ocupar cargos docentes.<\/span><\/p>\n<p style=\"text-align: justify;\"><span style=\"font-weight: 400;\">El programa <\/span><b>busca impulsar y fortalecer el proceso de construcci\u00f3n de un espacio acad\u00e9mico com\u00fan regional a trav\u00e9s de la movilidad de estudiantes<\/b><span style=\"font-weight: 400;\">. Mediante la convivencia entre estos y los docentes de distintas universidades y pa\u00edses, se promueve el intercambio acad\u00e9mico-cultural y se brinda mejor conocimiento de los diferentes sistemas de educaci\u00f3n superior instalados en Latinoam\u00e9rica.<\/span><\/p>\n<p style=\"text-align: justify;\"><b>Las plazas disponibles para el PEEG 2020 pueden ser consultadas en el <\/b><a href=\"http:\/\/grupomontevideo.org\/escala\/index.php\/plazas\"><b>siguiente link<\/b><\/a><b> o ingresando en la <\/b><a href=\"http:\/\/grupomontevideo.org\/escala\/\"><b>p\u00e1gina<\/b><b> del Programa<\/b><\/a><span style=\"font-weight: 400;\">. Las consultas y las postulaciones deben dirigirlas a los responsables en las universidades de origen. Existen posibilidades en 35 universidades de Argentina, Bolivia, Brasil, Chile, Paraguay y Uruguay.<\/span><\/p>\n<p style=\"text-align: justify;\"><span style=\"font-weight: 400;\">La <\/span><b>duraci\u00f3n de cada intercambio es de un semestre<\/b><span style=\"font-weight: 400;\"> y <\/span><b>cada universidad seleccionar\u00e1 los participantes del PEEG<\/b><span style=\"font-weight: 400;\"> entre sus integrantes, a quienes tendr\u00e1 que garantizar igualdad de oportunidades para todos los aspirantes mediante la aplicaci\u00f3n de concursos de m\u00e9rito y entrevistas, instancias donde <\/span><b>los postulantes presentar\u00e1n antecedentes acad\u00e9micos, escolaridad y certificaci\u00f3n de otros requisitos<\/b><span style=\"font-weight: 400;\"> que cada universidad considere pertinentes.<\/span><\/p>\n<p style=\"text-align: justify;\"><b>El aspirante deber\u00e1 presentar un plan de estudios<\/b><span style=\"font-weight: 400;\"> de las disciplinas o asignaturas que desee cursar en el exterior y las que pretende que sean reconocidas en su propio plan de estudios. Este deber\u00e1 ser acordado entre las unidades acad\u00e9micas de las dos universidades participantes y puede incluir asignaturas de car\u00e1cter optativo, trabajo final u otras actividades acad\u00e9micas, adem\u00e1s de las espec\u00edficas de su carrera.<\/span><\/p>\n","protected":false},"excerpt":{"rendered":"<p>Oportunidades de movilidad en 35 universidades de la regi\u00f3n <\/p>\n","protected":false},"author":1,"featured_media":153,"comment_status":"closed","ping_status":"closed","sticky":false,"template":"","format":"standard","meta":{"footnotes":""},"categories":[48],"tags":[],"class_list":["post-5322","post","type-post","status-publish","format-standard","has-post-thumbnail","hentry","category-archivo-de-noticias"],"wpmagazine_modules_lite_featured_media_urls":{"thumbnail":["https:\/\/grupomontevideo.org\/site\/wp-content\/uploads\/2015\/11\/estudiantes.jpg",150,84,false],"cvmm-medium":["https:\/\/grupomontevideo.org\/site\/wp-content\/uploads\/2015\/11\/estudiantes.jpg",300,168,false],"cvmm-medium-plus":["https:\/\/grupomontevideo.org\/site\/wp-content\/uploads\/2015\/11\/estudiantes.jpg",305,170,false],"cvmm-portrait":["https:\/\/grupomontevideo.org\/site\/wp-content\/uploads\/2015\/11\/estudiantes.jpg",400,223,false],"cvmm-medium-square":["https:\/\/grupomontevideo.org\/site\/wp-content\/uploads\/2015\/11\/estudiantes.jpg",600,335,false],"cvmm-large":["https:\/\/grupomontevideo.org\/site\/wp-content\/uploads\/2015\/11\/estudiantes.jpg",650,363,false],"cvmm-small":["https:\/\/grupomontevideo.org\/site\/wp-content\/uploads\/2015\/11\/estudiantes.jpg",130,73,false],"full":["https:\/\/grupomontevideo.org\/site\/wp-content\/uploads\/2015\/11\/estudiantes.jpg",650,363,false]},"categories_names":{"48":{"name":"Archivo de noticias","link":"https:\/\/grupomontevideo.org\/site\/category\/archivo-de-noticias\/"}},"tags_names":[],"comments_number":"0","_links":{"self":[{"href":"https:\/\/grupomontevideo.org\/site\/wp-json\/wp\/v2\/posts\/5322","targetHints":{"allow":["GET"]}}],"collection":[{"href":"https:\/\/grupomontevideo.org\/site\/wp-json\/wp\/v2\/posts"}],"about":[{"href":"https:\/\/grupomontevideo.org\/site\/wp-json\/wp\/v2\/types\/post"}],"author":[{"embeddable":true,"href":"https:\/\/grupomontevideo.org\/site\/wp-json\/wp\/v2\/users\/1"}],"replies":[{"embeddable":true,"href":"https:\/\/grupomontevideo.org\/site\/wp-json\/wp\/v2\/comments?post=5322"}],"version-history":[{"count":1,"href":"https:\/\/grupomontevideo.org\/site\/wp-json\/wp\/v2\/posts\/5322\/revisions"}],"predecessor-version":[{"id":15782,"href":"https:\/\/grupomontevideo.org\/site\/wp-json\/wp\/v2\/posts\/5322\/revisions\/15782"}],"wp:featuredmedia":[{"embeddable":true,"href":"https:\/\/grupomontevideo.org\/site\/wp-json\/wp\/v2\/media\/153"}],"wp:attachment":[{"href":"https:\/\/grupomontevideo.org\/site\/wp-json\/wp\/v2\/media?parent=5322"}],"wp:term":[{"taxonomy":"category","embeddable":true,"href":"https:\/\/grupomontevideo.org\/site\/wp-json\/wp\/v2\/categories?post=5322"},{"taxonomy":"post_tag","embeddable":true,"href":"https:\/\/grupomontevideo.org\/site\/wp-json\/wp\/v2\/tags?post=5322"}],"curies":[{"name":"wp","href":"https:\/\/api.w.org\/{rel}","templated":true}]}}