{"id":5307,"date":"2019-08-12T13:36:13","date_gmt":"2019-08-12T13:36:13","guid":{"rendered":"http:\/\/grupomontevideo.org\/sitio\/?post_type=noticias&#038;p=5307"},"modified":"2022-06-22T16:41:28","modified_gmt":"2022-06-22T16:41:28","slug":"ingenieria-ambiental-de-la-une-entrega-archivos-digitales-vectoriales-con-los-resultados-a-comuna-de-yguazu","status":"publish","type":"post","link":"https:\/\/grupomontevideo.org\/site\/ingenieria-ambiental-de-la-une-entrega-archivos-digitales-vectoriales-con-los-resultados-a-comuna-de-yguazu\/","title":{"rendered":"Ingenier\u00eda Ambiental de la UNE entrega archivos digitales vectoriales con los resultados a Comuna de Yguaz\u00fa"},"content":{"rendered":"<p style=\"text-align: justify;\">Representantes de la<strong> Carrera de Ingenier\u00eda Ambiental<\/strong>, en el marco del Convenio de Cooperaci\u00f3n Interinstitucional entre la Facultad de Ingenier\u00eda Agron\u00f3mica de la Universidad Nacional del Este (UNE) y la Municipalidad de Yguaz\u00fa, este 6 de agosto, <strong>presentaron y entregaron a la Comuna, archivos digitales vectoriales editables con sus resultados, referentes a la actualizaci\u00f3n general de la red vial y cursos h\u00eddricos del distrito, dentro de una etapa de Generaci\u00f3n de Base de Datos Espaciales<\/strong><\/p>\n<blockquote>\n<p style=\"text-align: justify;\">\u201c<em><strong>Estamos entregando un trabajo importante de cartograf\u00eda para el distrito de Yguaz\u00fa a trav\u00e9s de un convenio firmado con la facultad y la Municipalidad<\/strong>. Es el resultado de los trabajos de los estudiantes y docentes cumpliendo un poco uno de los objetivos importantes de la UNE que es la extensi\u00f3n universitaria<\/em>\u201d, afirm\u00f3 el Ing. Jos\u00e9 S\u00e1nchez, decano.<\/p>\n<\/blockquote>\n<p style=\"text-align: justify;\">Los responsables fueron alumnos del \u00faltimo semestre de la carrera, bajo la coordinaci\u00f3n de la C\u00e1tedra de Ordenamiento Territorial, la Direcci\u00f3n de Gesti\u00f3n Ambiental, con su Laboratorio de Sistema de Informaci\u00f3n Geogr\u00e1fico, en Sujeci\u00f3n a la Gu\u00eda para Elaboraci\u00f3n de los Planes de Ordenamiento Urbano y Territorial de la Secretaria T\u00e9cnica de Planificaci\u00f3n.<\/p>\n<blockquote>\n<p style=\"text-align: justify;\">\u201c<em>El trabajo que desempe\u00f1aron estos alumnos fue excelente pudimos ver la presentaci\u00f3n, nos sorprendi\u00f3 realmente en principio ten\u00edamos una noci\u00f3n de lo que se estaba haciendo pero no dimensionamos la calidad del trabajo y quiero destacar y agradecerle a las autoridades de la Facultad de Agronom\u00eda y al equipo t\u00e9cnico que acompa\u00f1\u00f3<\/em>\u201d, afirm\u00f3 el Ing. Mauro Kawano, intendente.<\/p>\n<\/blockquote>\n<p style=\"text-align: justify;\">La presentaci\u00f3n estuvo a cargo del Ing. Enrique Rodr\u00edguez Cabral, docente universitario, en la Municipalidad de Yguaz\u00fa. Cont\u00f3 con la presencia del intendente Mauro Kawano, miembros de la Junta Municipal, el Ing. Jos\u00e9 S\u00e1nchez, decano de FIA-UNE, docentes y alumnos de la carrera de Ingenier\u00eda Ambiental.<\/p>\n<blockquote>\n<p style=\"text-align: justify;\">\u201c<em>Nos hemos basado teniendo como referencia el Plan Nacional 2030 donde establece como una de las prioridades el ordenamiento territorial de los de los distritos, la gu\u00eda de planificaci\u00f3n urbana y territorial de la Secretar\u00eda Nacional de Planificaci\u00f3n y hemos realizado una actualizaci\u00f3n general de la red vial, con la determinaci\u00f3n de los nombres y el tipo de pavimentaci\u00f3n, entre otros<\/em>\u201d, dijo el Ing. Enrique Rodr\u00edguez.<\/p>\n<\/blockquote>\n<p style=\"text-align: justify;\">El convenio hab\u00eda sido firmado durante el acto de Apertura Acad\u00e9mica 2019, realizado el 21 de marzo, en el local del Facultad de Ingenier\u00eda Agron\u00f3mica Km. 17,5 Minga Guaz\u00fa. Dentro del convenio es estableci\u00f3 que profesionales t\u00e9cnicos de la Facultad de Ingenier\u00eda Agron\u00f3mica, podr\u00e1n cooperar en el proyecto de ordenamiento territorial del municipio de Yguaz\u00fa.<\/p>\n<figure id=\"attachment_5309\" aria-describedby=\"caption-attachment-5309\" style=\"width: 1280px\" class=\"wp-caption aligncenter\"><img fetchpriority=\"high\" decoding=\"async\" class=\"wp-image-5309 size-full\" src=\"https:\/\/grupomontevideo.org\/site\/wp-content\/uploads\/2019\/08\/WhatsApp-Image-2019-08-07-at-13.38.42.jpeg\" alt=\"\" width=\"1280\" height=\"853\" \/><figcaption id=\"caption-attachment-5309\" class=\"wp-caption-text\">Foto: UNE<\/figcaption><\/figure>\n<p style=\"text-align: justify;\">Yguaz\u00fa es un distrito del departamento del Alto Paran\u00e1 distante a 41 kil\u00f3metros de Ciudad del Este, capital departamental donde est\u00e1 asentada el Rectorado de la UNE. Se fund\u00f3 el 22 de agosto de 1961 cumpliendo con un Convenio de Migraci\u00f3n entre el Jap\u00f3n y Paraguay, primeramente fue administrada por la Agencia de Cooperaci\u00f3n Internacional del Jap\u00f3n, JICA. La poblaci\u00f3n est\u00e1 compuesta por paraguayos, brasile\u00f1os, japoneses, alemanes, suizos y franceses, los que conservan sus idiomas y tradiciones.<\/p>\n","protected":false},"excerpt":{"rendered":"<p>Este seis de agosto, Paraguay <\/p>\n","protected":false},"author":1,"featured_media":5310,"comment_status":"closed","ping_status":"closed","sticky":false,"template":"","format":"standard","meta":{"footnotes":""},"categories":[48],"tags":[],"class_list":["post-5307","post","type-post","status-publish","format-standard","has-post-thumbnail","hentry","category-archivo-de-noticias"],"wpmagazine_modules_lite_featured_media_urls":{"thumbnail":["https:\/\/grupomontevideo.org\/site\/wp-content\/uploads\/2019\/08\/WhatsApp-Image-2019-08-07-at-13.38.43.jpeg",150,100,false],"cvmm-medium":["https:\/\/grupomontevideo.org\/site\/wp-content\/uploads\/2019\/08\/WhatsApp-Image-2019-08-07-at-13.38.43.jpeg",300,200,false],"cvmm-medium-plus":["https:\/\/grupomontevideo.org\/site\/wp-content\/uploads\/2019\/08\/WhatsApp-Image-2019-08-07-at-13.38.43.jpeg",305,203,false],"cvmm-portrait":["https:\/\/grupomontevideo.org\/site\/wp-content\/uploads\/2019\/08\/WhatsApp-Image-2019-08-07-at-13.38.43.jpeg",400,267,false],"cvmm-medium-square":["https:\/\/grupomontevideo.org\/site\/wp-content\/uploads\/2019\/08\/WhatsApp-Image-2019-08-07-at-13.38.43.jpeg",600,400,false],"cvmm-large":["https:\/\/grupomontevideo.org\/site\/wp-content\/uploads\/2019\/08\/WhatsApp-Image-2019-08-07-at-13.38.43.jpeg",1024,682,false],"cvmm-small":["https:\/\/grupomontevideo.org\/site\/wp-content\/uploads\/2019\/08\/WhatsApp-Image-2019-08-07-at-13.38.43.jpeg",130,87,false],"full":["https:\/\/grupomontevideo.org\/site\/wp-content\/uploads\/2019\/08\/WhatsApp-Image-2019-08-07-at-13.38.43.jpeg",1280,853,false]},"categories_names":{"48":{"name":"Archivo de noticias","link":"https:\/\/grupomontevideo.org\/site\/category\/archivo-de-noticias\/"}},"tags_names":[],"comments_number":"0","_links":{"self":[{"href":"https:\/\/grupomontevideo.org\/site\/wp-json\/wp\/v2\/posts\/5307","targetHints":{"allow":["GET"]}}],"collection":[{"href":"https:\/\/grupomontevideo.org\/site\/wp-json\/wp\/v2\/posts"}],"about":[{"href":"https:\/\/grupomontevideo.org\/site\/wp-json\/wp\/v2\/types\/post"}],"author":[{"embeddable":true,"href":"https:\/\/grupomontevideo.org\/site\/wp-json\/wp\/v2\/users\/1"}],"replies":[{"embeddable":true,"href":"https:\/\/grupomontevideo.org\/site\/wp-json\/wp\/v2\/comments?post=5307"}],"version-history":[{"count":1,"href":"https:\/\/grupomontevideo.org\/site\/wp-json\/wp\/v2\/posts\/5307\/revisions"}],"predecessor-version":[{"id":15784,"href":"https:\/\/grupomontevideo.org\/site\/wp-json\/wp\/v2\/posts\/5307\/revisions\/15784"}],"wp:featuredmedia":[{"embeddable":true,"href":"https:\/\/grupomontevideo.org\/site\/wp-json\/wp\/v2\/media\/5310"}],"wp:attachment":[{"href":"https:\/\/grupomontevideo.org\/site\/wp-json\/wp\/v2\/media?parent=5307"}],"wp:term":[{"taxonomy":"category","embeddable":true,"href":"https:\/\/grupomontevideo.org\/site\/wp-json\/wp\/v2\/categories?post=5307"},{"taxonomy":"post_tag","embeddable":true,"href":"https:\/\/grupomontevideo.org\/site\/wp-json\/wp\/v2\/tags?post=5307"}],"curies":[{"name":"wp","href":"https:\/\/api.w.org\/{rel}","templated":true}]}}