{"id":5302,"date":"2019-08-09T16:59:08","date_gmt":"2019-08-09T16:59:08","guid":{"rendered":"http:\/\/grupomontevideo.org\/sitio\/?post_type=noticias&#038;p=5302"},"modified":"2022-06-22T16:41:28","modified_gmt":"2022-06-22T16:41:28","slug":"carta-28-anos-de-augm-homenaje-a-nuestros-fundador-ing-jorge-brovetto","status":"publish","type":"post","link":"https:\/\/grupomontevideo.org\/site\/carta-28-anos-de-augm-homenaje-a-nuestros-fundador-ing-jorge-brovetto\/","title":{"rendered":"Carta 28 a\u00f1os de AUGM: homenaje a nuestro fundador Ing. Jorge Brovetto"},"content":{"rendered":"<p style=\"text-align: center;\"><strong>Libro<\/strong><\/p>\n<p style=\"text-align: center;\"><strong><a href=\"https:\/\/grupomontevideo.org\/site\/wp-content\/uploads\/2019\/08\/AUGM_Brovetto-1.pdf\">28 a\u00f1os de AUGM: Cooperaci\u00f3n e integraci\u00f3n: origen y creaci\u00f3n de una instituci\u00f3n secular (PDF)<\/a><\/strong><\/p>\n<hr \/>\n<p><a href=\"https:\/\/grupomontevideo.org\/site\/wp-content\/uploads\/2019\/08\/0001.jpg\"><img fetchpriority=\"high\" decoding=\"async\" class=\"alignleft wp-image-5303 size-full\" src=\"https:\/\/grupomontevideo.org\/site\/wp-content\/uploads\/2019\/08\/0001.jpg\" alt=\"\" width=\"2484\" height=\"3513\" \/><\/a><br \/>\n&nbsp;<br \/>\n&nbsp;<br \/>\n&nbsp;<br \/>\n&nbsp;<br \/>\n&nbsp;<br \/>\n&nbsp;<br \/>\n&nbsp;<br \/>\n&nbsp;<\/p>\n","protected":false},"excerpt":{"rendered":"<p>Vea la publicaci\u00f3n \u00abCooperaci\u00f3n e integraci\u00f3n: origen y creaci\u00f3n de una instituci\u00f3n secular\u00bb. <\/p>\n","protected":false},"author":1,"featured_media":5306,"comment_status":"closed","ping_status":"closed","sticky":false,"template":"","format":"standard","meta":{"footnotes":""},"categories":[48],"tags":[],"class_list":["post-5302","post","type-post","status-publish","format-standard","has-post-thumbnail","hentry","category-archivo-de-noticias"],"wpmagazine_modules_lite_featured_media_urls":{"thumbnail":["https:\/\/grupomontevideo.org\/site\/wp-content\/uploads\/2019\/08\/Brovetto.jpg",150,100,false],"cvmm-medium":["https:\/\/grupomontevideo.org\/site\/wp-content\/uploads\/2019\/08\/Brovetto.jpg",300,200,false],"cvmm-medium-plus":["https:\/\/grupomontevideo.org\/site\/wp-content\/uploads\/2019\/08\/Brovetto.jpg",305,203,false],"cvmm-portrait":["https:\/\/grupomontevideo.org\/site\/wp-content\/uploads\/2019\/08\/Brovetto.jpg",400,266,false],"cvmm-medium-square":["https:\/\/grupomontevideo.org\/site\/wp-content\/uploads\/2019\/08\/Brovetto.jpg",600,400,false],"cvmm-large":["https:\/\/grupomontevideo.org\/site\/wp-content\/uploads\/2019\/08\/Brovetto.jpg",850,566,false],"cvmm-small":["https:\/\/grupomontevideo.org\/site\/wp-content\/uploads\/2019\/08\/Brovetto.jpg",130,87,false],"full":["https:\/\/grupomontevideo.org\/site\/wp-content\/uploads\/2019\/08\/Brovetto.jpg",850,566,false]},"categories_names":{"48":{"name":"Archivo de noticias","link":"https:\/\/grupomontevideo.org\/site\/category\/archivo-de-noticias\/"}},"tags_names":[],"comments_number":"0","_links":{"self":[{"href":"https:\/\/grupomontevideo.org\/site\/wp-json\/wp\/v2\/posts\/5302","targetHints":{"allow":["GET"]}}],"collection":[{"href":"https:\/\/grupomontevideo.org\/site\/wp-json\/wp\/v2\/posts"}],"about":[{"href":"https:\/\/grupomontevideo.org\/site\/wp-json\/wp\/v2\/types\/post"}],"author":[{"embeddable":true,"href":"https:\/\/grupomontevideo.org\/site\/wp-json\/wp\/v2\/users\/1"}],"replies":[{"embeddable":true,"href":"https:\/\/grupomontevideo.org\/site\/wp-json\/wp\/v2\/comments?post=5302"}],"version-history":[{"count":1,"href":"https:\/\/grupomontevideo.org\/site\/wp-json\/wp\/v2\/posts\/5302\/revisions"}],"predecessor-version":[{"id":15785,"href":"https:\/\/grupomontevideo.org\/site\/wp-json\/wp\/v2\/posts\/5302\/revisions\/15785"}],"wp:featuredmedia":[{"embeddable":true,"href":"https:\/\/grupomontevideo.org\/site\/wp-json\/wp\/v2\/media\/5306"}],"wp:attachment":[{"href":"https:\/\/grupomontevideo.org\/site\/wp-json\/wp\/v2\/media?parent=5302"}],"wp:term":[{"taxonomy":"category","embeddable":true,"href":"https:\/\/grupomontevideo.org\/site\/wp-json\/wp\/v2\/categories?post=5302"},{"taxonomy":"post_tag","embeddable":true,"href":"https:\/\/grupomontevideo.org\/site\/wp-json\/wp\/v2\/tags?post=5302"}],"curies":[{"name":"wp","href":"https:\/\/api.w.org\/{rel}","templated":true}]}}