{"id":5287,"date":"2019-08-06T13:19:46","date_gmt":"2019-08-06T13:19:46","guid":{"rendered":"http:\/\/grupomontevideo.org\/sitio\/?post_type=noticias&#038;p=5287"},"modified":"2022-06-22T16:41:29","modified_gmt":"2022-06-22T16:41:29","slug":"evi-de-extension-en-la-uncuyo-educacion-inclusiva-equitativa-y-de-calidad","status":"publish","type":"post","link":"https:\/\/grupomontevideo.org\/site\/evi-de-extension-en-la-uncuyo-educacion-inclusiva-equitativa-y-de-calidad\/","title":{"rendered":"EVI de Extensi\u00f3n en la UNCuyo: educaci\u00f3n inclusiva, equitativa y de calidad"},"content":{"rendered":"<p style=\"text-align: justify;\">En pos de la colaboraci\u00f3n para el cumplimiento de los Objetivos de Desarrollo Sostenible propuestos a 2030, en particular el\u00a0n\u00famero 4 que se refiere a \u201c<strong><em>Garantizar una educaci\u00f3n inclusiva, equitativa y de calidad y promover oportunidades de aprendizaje para toda la vida para todos\/as<\/em><\/strong>\u201d, la <strong>Asociaci\u00f3n de Universidades Grupo Montevideo (AUGM) lleva adelante la Escuela de Invierno de Extensi\u00f3n\u00a0 (EVI), actividad que se lleva adelante desde este lunes 5 al viernes 9 de agosto en la Universidad Nacional de Cuyo (UNCuyo)<\/strong> con el objetivo de generar un espacio de intercambio donde se potencien conocimientos y experiencias que colaboren en la formaci\u00f3n de las y los participantes.<\/p>\n<blockquote>\n<p style=\"text-align: justify;\"><em>\u201cEstamos conmemorando los 80 a\u00f1os de nuestra Universidad y todav\u00eda sentimos resonar las conclusiones de la Conferencia Regional de Educaci\u00f3n Superior (CRES), poniendo a la Reforma Universitaria como la iniciativa que dio a luz la extensi\u00f3n en las universidades. Estamos en pleno plan estrat\u00e9gico y no podemos planificar ni actuar sin mirar al otro y a la sociedad. No podemos planificar sin mirar, con empat\u00eda, a nuestros estudiantes y a nuestra sociedad. Somos responsables de esto los que estamos en la gesti\u00f3n y en administraci\u00f3n del conocimiento\u201d<\/em><\/p>\n<\/blockquote>\n<p>As\u00ed se expres\u00f3 el <strong>rector de la UNCuyo, Daniel Pizzi<\/strong>, en el comienzo de las actividades de este lunes. Por su parte, la r<strong>esponsable Acad\u00e9mica de la universidad mendocina, Dolores Lettelier, destac\u00f3 la sinergia entre esa Secretaria y la de Extensi\u00f3n y Vinculaci\u00f3n de la UNCuyo para la implementaci\u00f3n de las Pr\u00e1cticas Sociales Educativas (PSE) desde la curr\u00edcula<\/strong>, ya que son una \u00ab<em>oportunidad para la innovaci\u00f3n<\/em>\u00ab.<br \/>\nA su vez, la <strong>coordinadora de Extensi\u00f3n Universitaria de la UNCuyo, Roxana del Rosso<\/strong>, puntualiz\u00f3 la labor conjunta de los Consejos de Extensi\u00f3n y Acad\u00e9mico en la implementaci\u00f3n de las PSE en la Universidad. \u201c<em>Es necesario este trabajo compartido, para un trabajo a conciencia, medible y con impacto. Buscamos acompa\u00f1ar a los docentes que ya se han iniciado y a los que todav\u00eda no han tenido experiencia en Pr\u00e1cticas Sociales Educativas<\/em>\u201d, resalt\u00f3.<br \/>\nAcompa\u00f1an a los participantes de la Escuela de Invierno, un <strong>grupo de docentes del Programa Integral Metropolitano de la Universidad de la Rep\u00fablica de Uruguay. Delia Bianchi, en representaci\u00f3n de ese equipo, agradeci\u00f3 el trabajo colaborativo con la UNCuyo<\/strong>:<\/p>\n<blockquote><p>\u201cLo que nos sostiene es el sue\u00f1o y la utop\u00eda que la construcci\u00f3n de nuestras universidades se encarna y dialoga con el territorio. Estar hoy aqu\u00ed tiene una doble conmoci\u00f3n, volver a verificar y comprobar que tenemos estas posibilidades de di\u00e1logo y tambi\u00e9n el hecho que venimos c\u00f3mo equipo docente joven y que inician su formaci\u00f3n como docentes integrales. Que tengamos c\u00f3mo resultado irnos con m\u00e1s preguntas que certezas\u201d, concluy\u00f3.<\/p><\/blockquote>\n<figure id=\"attachment_5288\" aria-describedby=\"caption-attachment-5288\" style=\"width: 1280px\" class=\"wp-caption aligncenter\"><img fetchpriority=\"high\" decoding=\"async\" class=\"size-full wp-image-5288\" src=\"https:\/\/grupomontevideo.org\/site\/wp-content\/uploads\/2019\/08\/EVI-Extension-UNCuyo-2.jpg\" alt=\"\" width=\"1280\" height=\"614\" \/><figcaption id=\"caption-attachment-5288\" class=\"wp-caption-text\">Foto: Secretar\u00eda de Extensi\u00f3n y Vinculaci\u00f3n UNCuyo<\/figcaption><\/figure>\n<p style=\"text-align: justify;\">La EVI de realiza en el Centro de Informaci\u00f3n y Comunicaci\u00f3n de la UNCuyo (CICUNC), en sus Cilindro Central y Cilindro Sur, y tambi\u00e9n en el Aula A de la Facultad de Ciencias Econ\u00f3micas (planta baja, edificio de gobierno).<\/p>\n<p style=\"text-align: justify;\">Las <strong>EVI de AUGM son cursos cortos que se realizan sobre una tem\u00e1tica de inter\u00e9s de la Asociaci\u00f3n y que aportan a la construcci\u00f3n del Espacio Acad\u00e9mico Com\u00fan Ampliado<\/strong>, aportando de modo cooperativo a la consolidaci\u00f3n y profundizaci\u00f3n de los procesos de integraci\u00f3n regional e internacionalizaci\u00f3n de nuestras Universidades.<\/p>\n<p><em><strong>Fuente: Secretar\u00eda de Extensi\u00f3n y Vinculaci\u00f3n UNCuyo<\/strong><\/em><\/p>\n","protected":false},"excerpt":{"rendered":"<p>Desde el 5 al 9 de agosto, Mendoza, Argentina <\/p>\n","protected":false},"author":1,"featured_media":5289,"comment_status":"closed","ping_status":"closed","sticky":false,"template":"","format":"standard","meta":{"footnotes":""},"categories":[48],"tags":[],"class_list":["post-5287","post","type-post","status-publish","format-standard","has-post-thumbnail","hentry","category-archivo-de-noticias"],"wpmagazine_modules_lite_featured_media_urls":{"thumbnail":["https:\/\/grupomontevideo.org\/site\/wp-content\/uploads\/2019\/08\/EVI-Extension-UNCuyo.jpg",150,94,false],"cvmm-medium":["https:\/\/grupomontevideo.org\/site\/wp-content\/uploads\/2019\/08\/EVI-Extension-UNCuyo.jpg",300,188,false],"cvmm-medium-plus":["https:\/\/grupomontevideo.org\/site\/wp-content\/uploads\/2019\/08\/EVI-Extension-UNCuyo.jpg",305,191,false],"cvmm-portrait":["https:\/\/grupomontevideo.org\/site\/wp-content\/uploads\/2019\/08\/EVI-Extension-UNCuyo.jpg",400,251,false],"cvmm-medium-square":["https:\/\/grupomontevideo.org\/site\/wp-content\/uploads\/2019\/08\/EVI-Extension-UNCuyo.jpg",600,376,false],"cvmm-large":["https:\/\/grupomontevideo.org\/site\/wp-content\/uploads\/2019\/08\/EVI-Extension-UNCuyo.jpg",1024,642,false],"cvmm-small":["https:\/\/grupomontevideo.org\/site\/wp-content\/uploads\/2019\/08\/EVI-Extension-UNCuyo.jpg",130,81,false],"full":["https:\/\/grupomontevideo.org\/site\/wp-content\/uploads\/2019\/08\/EVI-Extension-UNCuyo.jpg",1280,802,false]},"categories_names":{"48":{"name":"Archivo de noticias","link":"https:\/\/grupomontevideo.org\/site\/category\/archivo-de-noticias\/"}},"tags_names":[],"comments_number":"0","_links":{"self":[{"href":"https:\/\/grupomontevideo.org\/site\/wp-json\/wp\/v2\/posts\/5287","targetHints":{"allow":["GET"]}}],"collection":[{"href":"https:\/\/grupomontevideo.org\/site\/wp-json\/wp\/v2\/posts"}],"about":[{"href":"https:\/\/grupomontevideo.org\/site\/wp-json\/wp\/v2\/types\/post"}],"author":[{"embeddable":true,"href":"https:\/\/grupomontevideo.org\/site\/wp-json\/wp\/v2\/users\/1"}],"replies":[{"embeddable":true,"href":"https:\/\/grupomontevideo.org\/site\/wp-json\/wp\/v2\/comments?post=5287"}],"version-history":[{"count":1,"href":"https:\/\/grupomontevideo.org\/site\/wp-json\/wp\/v2\/posts\/5287\/revisions"}],"predecessor-version":[{"id":15787,"href":"https:\/\/grupomontevideo.org\/site\/wp-json\/wp\/v2\/posts\/5287\/revisions\/15787"}],"wp:featuredmedia":[{"embeddable":true,"href":"https:\/\/grupomontevideo.org\/site\/wp-json\/wp\/v2\/media\/5289"}],"wp:attachment":[{"href":"https:\/\/grupomontevideo.org\/site\/wp-json\/wp\/v2\/media?parent=5287"}],"wp:term":[{"taxonomy":"category","embeddable":true,"href":"https:\/\/grupomontevideo.org\/site\/wp-json\/wp\/v2\/categories?post=5287"},{"taxonomy":"post_tag","embeddable":true,"href":"https:\/\/grupomontevideo.org\/site\/wp-json\/wp\/v2\/tags?post=5287"}],"curies":[{"name":"wp","href":"https:\/\/api.w.org\/{rel}","templated":true}]}}