{"id":5282,"date":"2019-08-05T14:58:51","date_gmt":"2019-08-05T14:58:51","guid":{"rendered":"http:\/\/grupomontevideo.org\/sitio\/?post_type=noticias&#038;p=5282"},"modified":"2022-06-22T16:41:29","modified_gmt":"2022-06-22T16:41:29","slug":"cp-medios-y-comunicacion-universitaria-acordo-campana-mediatica-para-augm","status":"publish","type":"post","link":"https:\/\/grupomontevideo.org\/site\/cp-medios-y-comunicacion-universitaria-acordo-campana-mediatica-para-augm\/","title":{"rendered":"CP Medios y Comunicaci\u00f3n Universitaria dise\u00f1ar\u00e1 campa\u00f1a para mostrar los resultados acad\u00e9micos de AUGM"},"content":{"rendered":"<p style=\"text-align: justify;\"><span style=\"font-weight: 400;\">La <strong>Comisi\u00f3n Permanente de Medios y Comunicaci\u00f3n Universitaria<\/strong> de la Asociaci\u00f3n de Universidades Grupo Montevideo (AUGM), en el marco del Plan de Desarrollo Estrat\u00e9gico de la red<strong>, dise\u00f1ar\u00e1 una campa\u00f1a de comunicaci\u00f3n para visibilizar los logros y resultados acad\u00e9micos del Grupo como herramienta de cooperaci\u00f3n para la integraci\u00f3n<\/strong> y su impacto para el fortalecimiento de las funciones universitarias.<\/span><\/p>\n<p style=\"text-align: justify;\"><strong>Este fue uno de los acuerdo alcanzados por la Comisi\u00f3n el pasado viernes 2 de agosto en su primera reuni\u00f3n del 2019<\/strong>, instancia que se llev\u00f3 a cabo en la Secretar\u00eda Ejecutiva de AUGM en Montevideo, Uruguay.<\/p>\n<p style=\"text-align: justify;\"><span style=\"font-weight: 400;\">Estuvo presente Liliam Caballero de Gunset de la Universidad Nacional de Asunci\u00f3n (UNA), Leticia Spinelli de la Universidad Nacional de Quilmes (UNQ), Fernando Salis de la Universidade Federal de Rio de Janeiro (UFRJ), Horacio Meil\u00e1n de la Universidad Nacional de Cuyo (UNCuyo), Mariela Ravanal de la Universidad de Chile (UChile), Paola Papa y Diego P\u00e9rez de la Universidad de la Rep\u00fablica (Udelar), y \u00c1lvaro Maglia, Fernando Sosa y Edward Braida de la Secretar\u00eda Ejecutiva de AUGM.\u00a0<\/span><\/p>\n<p style=\"text-align: justify;\"><span style=\"font-weight: 400;\"><strong>La campa\u00f1a, que se enmarcar\u00e1 en los 30 a\u00f1os de AUGM (2021), mostrar\u00e1 experiencias concretas de diferentes docentes o estudiantes que est\u00e9n realizando o hayan participado en alguno de los programas de AUGM en contribuci\u00f3n al espacio acad\u00e9mico com\u00fan ampliado, objetivo principal del Grupo Montevideo<\/strong>. Esta campa\u00f1a ser\u00e1 presentada como propuesta en la pr\u00f3xima reuni\u00f3n de Delegados Asesores de setiembre y en el Consejo de Rectores de octubre.\u00a0<\/span><\/p>\n<p style=\"text-align: justify;\"><span style=\"font-weight: 400;\"><strong>En la reuni\u00f3n tambi\u00e9n se abordaron temas referentes al <a href=\"http:\/\/grupomontevideo.org\/sitio\/noticias\/iv-congreso-de-extension-universitaria-de-augm\/\">IV Congreso de Extensi\u00f3n de AUGM<\/a> que se llevar\u00e1 adelante el 4, 5 y 6 de noviembre en Chile<\/strong>, donde la Comisi\u00f3n realizar\u00e1 una <strong>Mesa Panel con el t\u00edtulo \u201c<em>El desaf\u00edo de la comunicaci\u00f3n en universidades p\u00fablicas: creatividad y nuevos medios, redes y herramientas<\/em>\u201d, y el curso intensivo \u201c<em>Articulaci\u00f3n entre la comunicaci\u00f3n universitaria y extensi\u00f3n<\/em>\u201d<\/strong>. El primero se realizar\u00e1 el mi\u00e9rcoles 6 desde las 12.00, y el segundo el martes 5 de 15.00 a 18.00 y el mi\u00e9rcoles 6 de 9.00 a 11.00.\u00a0<\/span><\/p>\n<p style=\"text-align: justify;\"><span style=\"font-weight: 400;\">Por \u00faltimo, despu\u00e9s de un profuso intercambio, los presentes redactaron un objetivo estrat\u00e9gico y dos espec\u00edficos sobre la Comunicaci\u00f3n de la AUGM como aporte al Plan de Desarrollo que el Grupo est\u00e1 elaborando.\u00a0<\/span><\/p>\n","protected":false},"excerpt":{"rendered":"<p>El agrupamiento acad\u00e9mico llev\u00f3 a cabo su primera reuni\u00f3n del 2019 en Montevideo, Uruguay<\/p>\n","protected":false},"author":1,"featured_media":5283,"comment_status":"closed","ping_status":"closed","sticky":false,"template":"","format":"standard","meta":{"footnotes":""},"categories":[48],"tags":[],"class_list":["post-5282","post","type-post","status-publish","format-standard","has-post-thumbnail","hentry","category-archivo-de-noticias"],"wpmagazine_modules_lite_featured_media_urls":{"thumbnail":["https:\/\/grupomontevideo.org\/site\/wp-content\/uploads\/2019\/08\/CP-Medios-Editada.jpg",150,76,false],"cvmm-medium":["https:\/\/grupomontevideo.org\/site\/wp-content\/uploads\/2019\/08\/CP-Medios-Editada.jpg",300,151,false],"cvmm-medium-plus":["https:\/\/grupomontevideo.org\/site\/wp-content\/uploads\/2019\/08\/CP-Medios-Editada.jpg",305,154,false],"cvmm-portrait":["https:\/\/grupomontevideo.org\/site\/wp-content\/uploads\/2019\/08\/CP-Medios-Editada.jpg",400,201,false],"cvmm-medium-square":["https:\/\/grupomontevideo.org\/site\/wp-content\/uploads\/2019\/08\/CP-Medios-Editada.jpg",600,302,false],"cvmm-large":["https:\/\/grupomontevideo.org\/site\/wp-content\/uploads\/2019\/08\/CP-Medios-Editada.jpg",1024,516,false],"cvmm-small":["https:\/\/grupomontevideo.org\/site\/wp-content\/uploads\/2019\/08\/CP-Medios-Editada.jpg",130,65,false],"full":["https:\/\/grupomontevideo.org\/site\/wp-content\/uploads\/2019\/08\/CP-Medios-Editada.jpg",3264,1644,false]},"categories_names":{"48":{"name":"Archivo de noticias","link":"https:\/\/grupomontevideo.org\/site\/category\/archivo-de-noticias\/"}},"tags_names":[],"comments_number":"0","_links":{"self":[{"href":"https:\/\/grupomontevideo.org\/site\/wp-json\/wp\/v2\/posts\/5282","targetHints":{"allow":["GET"]}}],"collection":[{"href":"https:\/\/grupomontevideo.org\/site\/wp-json\/wp\/v2\/posts"}],"about":[{"href":"https:\/\/grupomontevideo.org\/site\/wp-json\/wp\/v2\/types\/post"}],"author":[{"embeddable":true,"href":"https:\/\/grupomontevideo.org\/site\/wp-json\/wp\/v2\/users\/1"}],"replies":[{"embeddable":true,"href":"https:\/\/grupomontevideo.org\/site\/wp-json\/wp\/v2\/comments?post=5282"}],"version-history":[{"count":1,"href":"https:\/\/grupomontevideo.org\/site\/wp-json\/wp\/v2\/posts\/5282\/revisions"}],"predecessor-version":[{"id":15788,"href":"https:\/\/grupomontevideo.org\/site\/wp-json\/wp\/v2\/posts\/5282\/revisions\/15788"}],"wp:featuredmedia":[{"embeddable":true,"href":"https:\/\/grupomontevideo.org\/site\/wp-json\/wp\/v2\/media\/5283"}],"wp:attachment":[{"href":"https:\/\/grupomontevideo.org\/site\/wp-json\/wp\/v2\/media?parent=5282"}],"wp:term":[{"taxonomy":"category","embeddable":true,"href":"https:\/\/grupomontevideo.org\/site\/wp-json\/wp\/v2\/categories?post=5282"},{"taxonomy":"post_tag","embeddable":true,"href":"https:\/\/grupomontevideo.org\/site\/wp-json\/wp\/v2\/tags?post=5282"}],"curies":[{"name":"wp","href":"https:\/\/api.w.org\/{rel}","templated":true}]}}