{"id":5280,"date":"2019-08-05T14:51:15","date_gmt":"2019-08-05T14:51:15","guid":{"rendered":"http:\/\/grupomontevideo.org\/sitio\/?post_type=noticias&#038;p=5280"},"modified":"2022-06-22T16:41:30","modified_gmt":"2022-06-22T16:41:30","slug":"primera-reunion-del-comite-ejecutivo-del-observatorio-ciudad-universidad","status":"publish","type":"post","link":"https:\/\/grupomontevideo.org\/site\/primera-reunion-del-comite-ejecutivo-del-observatorio-ciudad-universidad\/","title":{"rendered":"Primera reuni\u00f3n del Comit\u00e9 Ejecutivo del Observatorio Ciudad &#8211; Universidad"},"content":{"rendered":"<p style=\"text-align: justify;\">El <strong>Comit\u00e9 Ejecutivo del Observatorio Ciudad &#8211; Universidad<\/strong>, iniciativa de la Asociaci\u00f3n de Universidades y Mercociudades para recuperar y difundir buenas pr\u00e1cticas de cooperaci\u00f3n entre universidades y gobiernos locales, <strong>llevar\u00e1 a cabo su primera reuni\u00f3n este mi\u00e9rcoles 7 de agosto de forma virtual<\/strong>.<\/p>\n<p><strong>Acceda al <a href=\"http:\/\/obc.grupomontevideo.org\/\">sitio del Observatorio aqu\u00ed <\/a>\u00a0<\/strong><\/p>\n<p style=\"text-align: justify;\"><strong>La instancia comenzar\u00e1 con la presentaci\u00f3n de la nueva directora del Observatorio<\/strong>, Sara Lauria, secretaria de Fortalecimiento Territorial de la Universidad Nacional del Litoral (Argentina), <strong>y de los integrantes del Consejo Consultivo<\/strong>, que hoy est\u00e1 conformado por \u00c1lvaro Maglia, secretario ejecutivo de AUGM, cargo designado por el Consejo de Rectores para su representaci\u00f3n en este espacio; Nelly Balda, designada por Delegados Asesores; Ana Sofia Oliveira por la Comisi\u00f3n Permanente Ciencia, Tecnolog\u00eda e Innovaci\u00f3n; M\u00f3nica Bussetti de la Comisi\u00f3n Permanente de Extensi\u00f3n Universitaria; y Marta Casares por el Comit\u00e9 Acad\u00e9mico Desarrollo Regional.<\/p>\n<p style=\"text-align: justify;\">Adem\u00e1s de realizar una puesta punto e la trayectoria del observatorio y de analizar el informe de env\u00edo de los boletines mensuales, e<strong>n esta reuni\u00f3n se analizar\u00e1n diferentes propuestas de mejoramiento, captaci\u00f3n, visibilizaci\u00f3n, difusi\u00f3n e intercambio de buenas pr\u00e1cticas<\/strong>.<\/p>\n<p style=\"text-align: justify;\">En este sentido se abordar\u00e1 un nuevo procedimiento para la incorporaci\u00f3n de las pr\u00e1cticas postuladas, el relacionamiento con la actividad \u201cEncuentro de Ciudades \u2013Universidades\u201d en el marco del Programa Ciudades y Universidades, la incorporaci\u00f3n de un eje tem\u00e1tico en el que se presenten buenas pr\u00e1cticas de vinculaci\u00f3n ciudad-universidad en las Bienales de Coloquios Territoriales y los congresos de extensi\u00f3n de AUGM, y la distinci\u00f3n anual a las tres mejores \u201cBuenas Pr\u00e1cticas locales\u201d.<\/p>\n<p style=\"text-align: justify;\"><strong>El Observatorio Ciudad -Universidad, como proyecto mancomunado de AUGM y Mercociudades, apunta a fortalecer los mecanismos de cooperaci\u00f3n, interacci\u00f3n y\/o vinculaci\u00f3n tecnol\u00f3gica entre las universidades y ciudades de la regi\u00f3n Mercosur<\/strong>.<\/p>\n<p style=\"text-align: justify;\">Mediante el banco de buenas pr\u00e1cticas (BBP) se busca la difusi\u00f3n de innovaciones y experiencias exitosas en gesti\u00f3n de gobiernos locales, as\u00ed como facilitar la comunicaci\u00f3n directa entre potenciales usuarios y equipos de investigaci\u00f3n, profesionales y t\u00e9cnicos, responsables de estas experiencias.<\/p>\n","protected":false},"excerpt":{"rendered":"<p>Este mi\u00e9rcoles 7 de agosto de forma virtual <\/p>\n","protected":false},"author":1,"featured_media":5281,"comment_status":"closed","ping_status":"closed","sticky":false,"template":"","format":"standard","meta":{"footnotes":""},"categories":[48],"tags":[],"class_list":["post-5280","post","type-post","status-publish","format-standard","has-post-thumbnail","hentry","category-archivo-de-noticias"],"wpmagazine_modules_lite_featured_media_urls":{"thumbnail":["https:\/\/grupomontevideo.org\/site\/wp-content\/uploads\/2019\/08\/Smartciy.png",150,84,false],"cvmm-medium":["https:\/\/grupomontevideo.org\/site\/wp-content\/uploads\/2019\/08\/Smartciy.png",300,169,false],"cvmm-medium-plus":["https:\/\/grupomontevideo.org\/site\/wp-content\/uploads\/2019\/08\/Smartciy.png",305,172,false],"cvmm-portrait":["https:\/\/grupomontevideo.org\/site\/wp-content\/uploads\/2019\/08\/Smartciy.png",400,225,false],"cvmm-medium-square":["https:\/\/grupomontevideo.org\/site\/wp-content\/uploads\/2019\/08\/Smartciy.png",600,338,false],"cvmm-large":["https:\/\/grupomontevideo.org\/site\/wp-content\/uploads\/2019\/08\/Smartciy.png",800,450,false],"cvmm-small":["https:\/\/grupomontevideo.org\/site\/wp-content\/uploads\/2019\/08\/Smartciy.png",130,73,false],"full":["https:\/\/grupomontevideo.org\/site\/wp-content\/uploads\/2019\/08\/Smartciy.png",800,450,false]},"categories_names":{"48":{"name":"Archivo de noticias","link":"https:\/\/grupomontevideo.org\/site\/category\/archivo-de-noticias\/"}},"tags_names":[],"comments_number":"0","_links":{"self":[{"href":"https:\/\/grupomontevideo.org\/site\/wp-json\/wp\/v2\/posts\/5280","targetHints":{"allow":["GET"]}}],"collection":[{"href":"https:\/\/grupomontevideo.org\/site\/wp-json\/wp\/v2\/posts"}],"about":[{"href":"https:\/\/grupomontevideo.org\/site\/wp-json\/wp\/v2\/types\/post"}],"author":[{"embeddable":true,"href":"https:\/\/grupomontevideo.org\/site\/wp-json\/wp\/v2\/users\/1"}],"replies":[{"embeddable":true,"href":"https:\/\/grupomontevideo.org\/site\/wp-json\/wp\/v2\/comments?post=5280"}],"version-history":[{"count":1,"href":"https:\/\/grupomontevideo.org\/site\/wp-json\/wp\/v2\/posts\/5280\/revisions"}],"predecessor-version":[{"id":15789,"href":"https:\/\/grupomontevideo.org\/site\/wp-json\/wp\/v2\/posts\/5280\/revisions\/15789"}],"wp:featuredmedia":[{"embeddable":true,"href":"https:\/\/grupomontevideo.org\/site\/wp-json\/wp\/v2\/media\/5281"}],"wp:attachment":[{"href":"https:\/\/grupomontevideo.org\/site\/wp-json\/wp\/v2\/media?parent=5280"}],"wp:term":[{"taxonomy":"category","embeddable":true,"href":"https:\/\/grupomontevideo.org\/site\/wp-json\/wp\/v2\/categories?post=5280"},{"taxonomy":"post_tag","embeddable":true,"href":"https:\/\/grupomontevideo.org\/site\/wp-json\/wp\/v2\/tags?post=5280"}],"curies":[{"name":"wp","href":"https:\/\/api.w.org\/{rel}","templated":true}]}}