{"id":5263,"date":"2019-07-29T13:06:26","date_gmt":"2019-07-29T13:06:26","guid":{"rendered":"http:\/\/grupomontevideo.org\/sitio\/?post_type=noticias&#038;p=5263"},"modified":"2022-06-22T16:41:31","modified_gmt":"2022-06-22T16:41:31","slug":"lista-de-seleccionados-en-el-segundo-llamado-2019-del-escala-posgrado","status":"publish","type":"post","link":"https:\/\/grupomontevideo.org\/site\/lista-de-seleccionados-en-el-segundo-llamado-2019-del-escala-posgrado\/","title":{"rendered":"Lista de seleccionados en el segundo llamado 2019 del ESCALA Posgrado"},"content":{"rendered":"<p style=\"text-align: justify;\"><span style=\"font-weight: 400;\">Est\u00e1 disponible la <strong>lista de seleccionados del segundo llamado 2019 para el Programa ESCALA Posgrado de la Asociaci\u00f3n de Universidades Grupo Montevideo<\/strong> (AUGM). Se trata de 16 j\u00f3venes que realizar\u00e1n movilidad entre Universidades Miembro de Argentina, Brasil, Chile, Paraguay y Uruguay. <\/span><\/p>\n<p style=\"text-align: justify;\">El programa cerr\u00f3 esta convocatoria el 31 de mayo y su<strong> objetivo es promover la cooperaci\u00f3n y la integraci\u00f3n de las universidades que conforman AUGM a trav\u00e9s de la movilidad de estudiantes regulares de maestr\u00edas y doctorados<\/strong> que, por medio del ESCALA, pueden cursar un per\u00edodo acad\u00e9mico en otra Universidad Miembro de un pa\u00eds distinto al suyo, con pleno reconocimiento de la actividad acad\u00e9mica realizada.<\/p>\n<p style=\"text-align: justify;\"><span style=\"font-weight: 400;\">La aceptaci\u00f3n de cada intercambio fue cometido de la universidad de destino de acuerdo a las postulaciones recibidas y mediante procedimientos que la <\/span><a href=\"http:\/\/grupomontevideo.org\/escalaposgrado\/index.php\/reglamento\/\"><span style=\"font-weight: 400;\">normativa y los mecanismos<\/span><\/a><span style=\"font-weight: 400;\"> que el programa establecen.<\/span><\/p>\n<p style=\"text-align: justify;\"><span style=\"font-weight: 400;\">Las universidades de origen del estudiante son las responsables del financiamiento de los gastos de traslado, mientras que las de destino son las responsables de los gastos de alojamiento y manutenci\u00f3n.\u00a0<\/span><\/p>\n<p>&nbsp;<\/p>\n<p style=\"text-align: justify;\">\n<style type=\"text\/css\"><!--td {border: 1px solid #ccc;}br {mso-data-placement:same-cell;}--><\/style>\n<\/p>\n<table dir=\"ltr\" border=\"1\" cellspacing=\"0\" cellpadding=\"0\">\n<colgroup>\n<col width=\"402\" \/>\n<col width=\"226\" \/>\n<col width=\"102\" \/><\/colgroup>\n<tbody>\n<tr>\n<td data-sheets-value=\"{&quot;1&quot;:2,&quot;2&quot;:&quot;UNIVERSIDAD DE ORIGEN&quot;}\">UNIVERSIDAD DE ORIGEN<\/td>\n<td data-sheets-value=\"{&quot;1&quot;:2,&quot;2&quot;:&quot;NOMBRE&quot;}\">NOMBRE<\/td>\n<td data-sheets-value=\"{&quot;1&quot;:2,&quot;2&quot;:&quot;UNIVERSIDAD DE DESTINO&quot;}\">UNIVERSIDAD DE DESTINO<\/td>\n<\/tr>\n<tr>\n<td><\/td>\n<td><\/td>\n<td><\/td>\n<\/tr>\n<tr>\n<td colspan=\"1\" rowspan=\"2\" data-sheets-value=\"{&quot;1&quot;:2,&quot;2&quot;:&quot;Universidad Nacional de Cuyo (UNCUyo), Argentina&quot;}\">\n<div>Universidad Nacional de Cuyo (UNCUyo), Argentina<\/div>\n<\/td>\n<td data-sheets-value=\"{&quot;1&quot;:2,&quot;2&quot;:&quot;Flavia Iba\u00f1ez&quot;}\">Flavia Iba\u00f1ez<\/td>\n<td data-sheets-value=\"{&quot;1&quot;:2,&quot;2&quot;:&quot;USACH&quot;}\">USACH<\/td>\n<\/tr>\n<tr>\n<td data-sheets-value=\"{&quot;1&quot;:2,&quot;2&quot;:&quot;Ana Carolina Da Luz&quot;}\">Ana Carolina Da Luz<\/td>\n<td data-sheets-value=\"{&quot;1&quot;:2,&quot;2&quot;:&quot;UFMG&quot;}\">UFMG<\/td>\n<\/tr>\n<tr>\n<td colspan=\"1\" rowspan=\"2\" data-sheets-value=\"{&quot;1&quot;:2,&quot;2&quot;:&quot;Universidade de Brasilia (UNB), Brasil&quot;}\">\n<div>Universidade de Brasilia (UNB), Brasil<\/div>\n<\/td>\n<td data-sheets-value=\"{&quot;1&quot;:2,&quot;2&quot;:&quot;Wilson Anchico Jojoa &quot;}\">Wilson Anchico Jojoa<\/td>\n<td data-sheets-value=\"{&quot;1&quot;:2,&quot;2&quot;:&quot;USACH&quot;}\">USACH<\/td>\n<\/tr>\n<tr>\n<td data-sheets-value=\"{&quot;1&quot;:2,&quot;2&quot;:&quot;Catalina Guti\u00e9rrez G\u00f3ngora&quot;}\">Catalina Guti\u00e9rrez G\u00f3ngora<\/td>\n<td data-sheets-value=\"{&quot;1&quot;:2,&quot;2&quot;:&quot;UV&quot;}\">UV<\/td>\n<\/tr>\n<tr>\n<td data-sheets-value=\"{&quot;1&quot;:2,&quot;2&quot;:&quot;Universidade Federal de Santa Catarina (UFSC), Brasil&quot;}\">Universidade Federal de Santa Catarina (UFSC), Brasil<\/td>\n<td data-sheets-value=\"{&quot;1&quot;:2,&quot;2&quot;:&quot;Ana Baron Engeroff &quot;}\">Ana Baron Engeroff<\/td>\n<td data-sheets-value=\"{&quot;1&quot;:2,&quot;2&quot;:&quot;UNC&quot;}\">UNC<\/td>\n<\/tr>\n<tr>\n<td data-sheets-value=\"{&quot;1&quot;:2,&quot;2&quot;:&quot;Universidad de Santiago de Chile (USACH), Chile&quot;}\">Universidad de Santiago de Chile (USACH), Chile<\/td>\n<td data-sheets-value=\"{&quot;1&quot;:2,&quot;2&quot;:&quot;Roberto Lugo Mart\u00ednez&quot;}\">Roberto Lugo Mart\u00ednez<\/td>\n<td data-sheets-value=\"{&quot;1&quot;:2,&quot;2&quot;:&quot;UNS&quot;}\">UNS<\/td>\n<\/tr>\n<tr>\n<td colspan=\"1\" rowspan=\"5\" data-sheets-value=\"{&quot;1&quot;:2,&quot;2&quot;:&quot;Universidad Nacional de Asunci\u00f3n (UNA), Paraguay&quot;}\">\n<div>Universidad Nacional de Asunci\u00f3n (UNA), Paraguay<\/div>\n<\/td>\n<td data-sheets-value=\"{&quot;1&quot;:2,&quot;2&quot;:&quot;Alberto Anastasio Cubilla&quot;}\">Alberto Anastasio Cubilla<\/td>\n<td data-sheets-value=\"{&quot;1&quot;:2,&quot;2&quot;:&quot;UFG&quot;}\">UFG<\/td>\n<\/tr>\n<tr>\n<td data-sheets-value=\"{&quot;1&quot;:2,&quot;2&quot;:&quot;Ana Luba Yakusic&quot;}\">Ana Luba Yakusic<\/td>\n<td data-sheets-value=\"{&quot;1&quot;:2,&quot;2&quot;:&quot;UNB&quot;}\">UNB<\/td>\n<\/tr>\n<tr>\n<td data-sheets-value=\"{&quot;1&quot;:2,&quot;2&quot;:&quot;Cynthia Duarte &quot;}\">Cynthia Duarte<\/td>\n<td data-sheets-value=\"{&quot;1&quot;:2,&quot;2&quot;:&quot;UNC&quot;}\">UNC<\/td>\n<\/tr>\n<tr>\n<td data-sheets-value=\"{&quot;1&quot;:2,&quot;2&quot;:&quot;Sandra Andraschko Unzain&quot;}\">Sandra Andraschko Unzain<\/td>\n<td data-sheets-value=\"{&quot;1&quot;:2,&quot;2&quot;:&quot;UNS&quot;}\">UNS<\/td>\n<\/tr>\n<tr>\n<td data-sheets-value=\"{&quot;1&quot;:2,&quot;2&quot;:&quot;Carla Renna Pereira&quot;}\">Carla Renna Pereira<\/td>\n<td data-sheets-value=\"{&quot;1&quot;:2,&quot;2&quot;:&quot;UNS&quot;}\">UNS<\/td>\n<\/tr>\n<tr>\n<td colspan=\"1\" rowspan=\"5\" data-sheets-value=\"{&quot;1&quot;:2,&quot;2&quot;:&quot;Universidad de la Rep\u00fablica (UDELAR), Uruguay&quot;}\">\n<div>Universidad de la Rep\u00fablica (UDELAR), Uruguay<\/div>\n<\/td>\n<td data-sheets-value=\"{&quot;1&quot;:2,&quot;2&quot;:&quot;Lucia Espasand\u00edn&quot;}\">Lucia Espasand\u00edn<\/td>\n<td data-sheets-value=\"{&quot;1&quot;:2,&quot;2&quot;:&quot;UNCUYO&quot;}\">UNCUYO<\/td>\n<\/tr>\n<tr>\n<td data-sheets-value=\"{&quot;1&quot;:2,&quot;2&quot;:&quot;Sof\u00eda Minchilli&quot;}\">Sof\u00eda Minchilli<\/td>\n<td data-sheets-value=\"{&quot;1&quot;:2,&quot;2&quot;:&quot;UNCUYO&quot;}\">UNCUYO<\/td>\n<\/tr>\n<tr>\n<td data-sheets-value=\"{&quot;1&quot;:2,&quot;2&quot;:&quot;Chiara Di Fabio Pereda&quot;}\">Chiara Di Fabio Pereda<\/td>\n<td data-sheets-value=\"{&quot;1&quot;:2,&quot;2&quot;:&quot;UNC&quot;}\">UNC<\/td>\n<\/tr>\n<tr>\n<td data-sheets-value=\"{&quot;1&quot;:2,&quot;2&quot;:&quot;Danilo Silva&quot;}\">Danilo Silva<\/td>\n<td data-sheets-value=\"{&quot;1&quot;:2,&quot;2&quot;:&quot;UFSM&quot;}\">UFSM<\/td>\n<\/tr>\n<tr>\n<td data-sheets-value=\"{&quot;1&quot;:2,&quot;2&quot;:&quot;Walter L\u00f3pez&quot;}\">Walter L\u00f3pez<\/td>\n<td data-sheets-value=\"{&quot;1&quot;:2,&quot;2&quot;:&quot;UNC&quot;}\">UNC<\/td>\n<\/tr>\n<\/tbody>\n<\/table>\n<p>&nbsp;<\/p>\n<p style=\"text-align: justify;\"><span style=\"font-weight: 400;\">Ya se encuentra abierta, adem\u00e1s, la <strong>convocatoria 2020 del ESCALA Posgrado. Las postulaciones se reciben hasta el 2 de septiembre y las consultas deber\u00e1n ser dirigidas a la coordinaci\u00f3n del Programa en la universidad de origen<\/strong> y para ello los datos de contacto de las personas responsables del PEEPg en cada universidad se encuentran disponibles en el siguiente link.<\/span><\/p>\n<p><strong>M\u00e1s informaci\u00f3n en el <a href=\"http:\/\/grupomontevideo.org\/escalaposgrado\/\">sitio del ESCALA Posgrado<\/a><\/strong><\/p>\n","protected":false},"excerpt":{"rendered":"<p>Son 15 los j\u00f3venes que realizar\u00e1n movilidad entre Universidades Miembro <\/p>\n","protected":false},"author":1,"featured_media":5264,"comment_status":"closed","ping_status":"closed","sticky":false,"template":"","format":"standard","meta":{"footnotes":""},"categories":[48],"tags":[],"class_list":["post-5263","post","type-post","status-publish","format-standard","has-post-thumbnail","hentry","category-archivo-de-noticias"],"wpmagazine_modules_lite_featured_media_urls":{"thumbnail":["https:\/\/grupomontevideo.org\/site\/wp-content\/uploads\/2019\/07\/Posgrado-UNC.jpg",150,80,false],"cvmm-medium":["https:\/\/grupomontevideo.org\/site\/wp-content\/uploads\/2019\/07\/Posgrado-UNC.jpg",300,159,false],"cvmm-medium-plus":["https:\/\/grupomontevideo.org\/site\/wp-content\/uploads\/2019\/07\/Posgrado-UNC.jpg",305,162,false],"cvmm-portrait":["https:\/\/grupomontevideo.org\/site\/wp-content\/uploads\/2019\/07\/Posgrado-UNC.jpg",400,212,false],"cvmm-medium-square":["https:\/\/grupomontevideo.org\/site\/wp-content\/uploads\/2019\/07\/Posgrado-UNC.jpg",600,318,false],"cvmm-large":["https:\/\/grupomontevideo.org\/site\/wp-content\/uploads\/2019\/07\/Posgrado-UNC.jpg",895,475,false],"cvmm-small":["https:\/\/grupomontevideo.org\/site\/wp-content\/uploads\/2019\/07\/Posgrado-UNC.jpg",130,69,false],"full":["https:\/\/grupomontevideo.org\/site\/wp-content\/uploads\/2019\/07\/Posgrado-UNC.jpg",895,475,false]},"categories_names":{"48":{"name":"Archivo de noticias","link":"https:\/\/grupomontevideo.org\/site\/category\/archivo-de-noticias\/"}},"tags_names":[],"comments_number":"0","_links":{"self":[{"href":"https:\/\/grupomontevideo.org\/site\/wp-json\/wp\/v2\/posts\/5263","targetHints":{"allow":["GET"]}}],"collection":[{"href":"https:\/\/grupomontevideo.org\/site\/wp-json\/wp\/v2\/posts"}],"about":[{"href":"https:\/\/grupomontevideo.org\/site\/wp-json\/wp\/v2\/types\/post"}],"author":[{"embeddable":true,"href":"https:\/\/grupomontevideo.org\/site\/wp-json\/wp\/v2\/users\/1"}],"replies":[{"embeddable":true,"href":"https:\/\/grupomontevideo.org\/site\/wp-json\/wp\/v2\/comments?post=5263"}],"version-history":[{"count":1,"href":"https:\/\/grupomontevideo.org\/site\/wp-json\/wp\/v2\/posts\/5263\/revisions"}],"predecessor-version":[{"id":15793,"href":"https:\/\/grupomontevideo.org\/site\/wp-json\/wp\/v2\/posts\/5263\/revisions\/15793"}],"wp:featuredmedia":[{"embeddable":true,"href":"https:\/\/grupomontevideo.org\/site\/wp-json\/wp\/v2\/media\/5264"}],"wp:attachment":[{"href":"https:\/\/grupomontevideo.org\/site\/wp-json\/wp\/v2\/media?parent=5263"}],"wp:term":[{"taxonomy":"category","embeddable":true,"href":"https:\/\/grupomontevideo.org\/site\/wp-json\/wp\/v2\/categories?post=5263"},{"taxonomy":"post_tag","embeddable":true,"href":"https:\/\/grupomontevideo.org\/site\/wp-json\/wp\/v2\/tags?post=5263"}],"curies":[{"name":"wp","href":"https:\/\/api.w.org\/{rel}","templated":true}]}}