{"id":5247,"date":"2019-07-24T12:31:01","date_gmt":"2019-07-24T12:31:01","guid":{"rendered":"http:\/\/grupomontevideo.org\/sitio\/?post_type=noticias&#038;p=5247"},"modified":"2022-06-22T16:41:31","modified_gmt":"2022-06-22T16:41:31","slug":"inscripciones-maestria-en-procesos-de-integracion-regional-de-la-uba","status":"publish","type":"post","link":"https:\/\/grupomontevideo.org\/site\/inscripciones-maestria-en-procesos-de-integracion-regional-de-la-uba\/","title":{"rendered":"Inscripciones: Maestr\u00eda en Procesos de Integraci\u00f3n Regional de la UBA"},"content":{"rendered":"<p style=\"text-align: justify;\">La <b>Maestr\u00eda en Procesos de Integraci\u00f3n Regional (MPIR) de la Facultad de Ciencias Econ\u00f3micas de la Universidad de Buenos Aires (UBA)<\/b> es un programa de estudios de posgrado de dos a\u00f1os de duraci\u00f3n que se dicta desde 1996. <strong>Su principal misi\u00f3n es formar expertos en integraci\u00f3n regional que sean capaces de comprender y analizar todos estos procesos que caracterizan la econom\u00eda mundial contempor\u00e1nea.<\/strong> Este programa promueve un enfoque global de los problemas, desaf\u00edos y oportunidades que plantean los procesos de integraci\u00f3n regional a nivel mundial a trav\u00e9s del tratamiento multidisciplinario de las cuestiones econ\u00f3micas, pol\u00edticas, sociales, culturales, ambientales, jur\u00eddicas e institucionales involucradas en dichos procesos.<\/p>\n<p style=\"text-align: justify;\"><strong>El objetivo general es formar recursos humanos altamente calificados para operar en los nuevos escenarios regionales e internacionales<\/strong>, desde \u00e1mbitos p\u00fablicos o privados, con los instrumentos te\u00f3ricos, pr\u00e1cticos y anal\u00edticos que ofrece el programa de estudios de este posgrado.<\/p>\n<p style=\"text-align: justify;\">El egresado de la Maestr\u00eda poseer\u00e1 una formaci\u00f3n acad\u00e9mico \u2013 profesional de posgrado del m\u00e1s alto nivel, y una s\u00f3lida formaci\u00f3n te\u00f3rico \u2013 metodol\u00f3gica para un excelente desenvolvimiento en el sector privado y p\u00fablico, como as\u00ed tambi\u00e9n para la reflexi\u00f3n acad\u00e9mica y la investigaci\u00f3n emp\u00edrica.<\/p>\n<p style=\"text-align: justify;\">Podr\u00e1n postular aquellas personas con T\u00edtulo de Grado de universidades argentinas o del exterior, de al menos 4 a\u00f1os de duraci\u00f3n, con un m\u00ednimo de 2600 horas reloj. En el caso de postulantes europeos deben poseer una formaci\u00f3n equivalente a master de nivel I. Adem\u00e1s deber\u00e1n poseer capacidad de lectura y comprensi\u00f3n de textos en idioma ingl\u00e9s. Para los alumnos extranjeros de habla no hispana, conocimiento del idioma castellano.<\/p>\n<p><span lang=\"EN-GB\"><span style=\"color: #000000;\"><strong><a href=\"http:\/\/www.economicas.uba.ar\/posgrado\/posgrados\/procesos-de-integracion-regional\/\" target=\"_blank\" rel=\"noopener noreferrer\" data-saferedirecturl=\"https:\/\/www.google.com\/url?q=http:\/\/www.economicas.uba.ar\/posgrado\/posgrados\/procesos-de-integracion-regional\/&amp;source=gmail&amp;ust=1564058031288000&amp;usg=AFQjCNE2fj7xgA5F99c2JgXdrfwisvq8ug\"><span style=\"font-family: arial,sans-serif;\">Para m\u00e1s informaci\u00f3n sobre la Maestr\u00eda \/ For more information about the Master\u2019s Degree<\/span><\/a><\/strong><br \/>\n<\/span><\/span><br \/>\n<strong><a href=\"https:\/\/servicios.econ.uba.ar\/www\/inscribirse.php?reu=307\" target=\"_blank\" rel=\"noopener noreferrer\" data-saferedirecturl=\"https:\/\/www.google.com\/url?q=https:\/\/servicios.econ.uba.ar\/www\/inscribirse.php?reu%3D307&amp;source=gmail&amp;ust=1564058031288000&amp;usg=AFQjCNFY69QZzvnyS2mfDE_I4_K3QsUyQg\"><span style=\"font-family: arial,sans-serif;\">Para inscribirse en la reuni\u00f3n informativa<\/span><\/a><\/strong><br \/>\n<a href=\"https:\/\/grupomontevideo.org\/site\/wp-content\/uploads\/2019\/07\/image.png\"><img fetchpriority=\"high\" decoding=\"async\" class=\"alignleft size-full wp-image-5248\" src=\"https:\/\/grupomontevideo.org\/site\/wp-content\/uploads\/2019\/07\/image.png\" alt=\"\" width=\"960\" height=\"720\" \/><\/a><\/p>\n","protected":false},"excerpt":{"rendered":"<p>El 31 de julio se realizar\u00e1 una reuni\u00f3n informativa a las 19 horas en Av. C\u00f3rdoba 2122, Bs As, Arg.<\/p>\n","protected":false},"author":1,"featured_media":5249,"comment_status":"closed","ping_status":"closed","sticky":false,"template":"","format":"standard","meta":{"footnotes":""},"categories":[48],"tags":[],"class_list":["post-5247","post","type-post","status-publish","format-standard","has-post-thumbnail","hentry","category-archivo-de-noticias"],"wpmagazine_modules_lite_featured_media_urls":{"thumbnail":["https:\/\/grupomontevideo.org\/site\/wp-content\/uploads\/2019\/07\/UBA-FCE.jpg",150,51,false],"cvmm-medium":["https:\/\/grupomontevideo.org\/site\/wp-content\/uploads\/2019\/07\/UBA-FCE.jpg",300,102,false],"cvmm-medium-plus":["https:\/\/grupomontevideo.org\/site\/wp-content\/uploads\/2019\/07\/UBA-FCE.jpg",305,103,false],"cvmm-portrait":["https:\/\/grupomontevideo.org\/site\/wp-content\/uploads\/2019\/07\/UBA-FCE.jpg",400,136,false],"cvmm-medium-square":["https:\/\/grupomontevideo.org\/site\/wp-content\/uploads\/2019\/07\/UBA-FCE.jpg",600,203,false],"cvmm-large":["https:\/\/grupomontevideo.org\/site\/wp-content\/uploads\/2019\/07\/UBA-FCE.jpg",758,257,false],"cvmm-small":["https:\/\/grupomontevideo.org\/site\/wp-content\/uploads\/2019\/07\/UBA-FCE.jpg",130,44,false],"full":["https:\/\/grupomontevideo.org\/site\/wp-content\/uploads\/2019\/07\/UBA-FCE.jpg",758,257,false]},"categories_names":{"48":{"name":"Archivo de noticias","link":"https:\/\/grupomontevideo.org\/site\/category\/archivo-de-noticias\/"}},"tags_names":[],"comments_number":"0","_links":{"self":[{"href":"https:\/\/grupomontevideo.org\/site\/wp-json\/wp\/v2\/posts\/5247","targetHints":{"allow":["GET"]}}],"collection":[{"href":"https:\/\/grupomontevideo.org\/site\/wp-json\/wp\/v2\/posts"}],"about":[{"href":"https:\/\/grupomontevideo.org\/site\/wp-json\/wp\/v2\/types\/post"}],"author":[{"embeddable":true,"href":"https:\/\/grupomontevideo.org\/site\/wp-json\/wp\/v2\/users\/1"}],"replies":[{"embeddable":true,"href":"https:\/\/grupomontevideo.org\/site\/wp-json\/wp\/v2\/comments?post=5247"}],"version-history":[{"count":1,"href":"https:\/\/grupomontevideo.org\/site\/wp-json\/wp\/v2\/posts\/5247\/revisions"}],"predecessor-version":[{"id":15795,"href":"https:\/\/grupomontevideo.org\/site\/wp-json\/wp\/v2\/posts\/5247\/revisions\/15795"}],"wp:featuredmedia":[{"embeddable":true,"href":"https:\/\/grupomontevideo.org\/site\/wp-json\/wp\/v2\/media\/5249"}],"wp:attachment":[{"href":"https:\/\/grupomontevideo.org\/site\/wp-json\/wp\/v2\/media?parent=5247"}],"wp:term":[{"taxonomy":"category","embeddable":true,"href":"https:\/\/grupomontevideo.org\/site\/wp-json\/wp\/v2\/categories?post=5247"},{"taxonomy":"post_tag","embeddable":true,"href":"https:\/\/grupomontevideo.org\/site\/wp-json\/wp\/v2\/tags?post=5247"}],"curies":[{"name":"wp","href":"https:\/\/api.w.org\/{rel}","templated":true}]}}