{"id":5237,"date":"2019-07-17T12:54:15","date_gmt":"2019-07-17T12:54:15","guid":{"rendered":"http:\/\/grupomontevideo.org\/sitio\/?post_type=noticias&#038;p=5237"},"modified":"2022-06-22T16:41:31","modified_gmt":"2022-06-22T16:41:31","slug":"delegados-asesores-avanzaron-en-propuestas-para-el-plan-estrategico-del-grupo-montevideo","status":"publish","type":"post","link":"https:\/\/grupomontevideo.org\/site\/delegados-asesores-avanzaron-en-propuestas-para-el-plan-estrategico-del-grupo-montevideo\/","title":{"rendered":"Grupo Montevideo avanz\u00f3 en propuestas para el Plan Estrat\u00e9gico"},"content":{"rendered":"<p style=\"text-align: justify;\"><span style=\"font-weight: 400;\">La <strong>Asociaci\u00f3n de Universidades Grupo Montevideo (AUGM) avanz\u00f3 en la construcci\u00f3n del Plan\u00a0 Estrat\u00e9gico que comenz\u00f3 a elaborar en octubre de 2018 y que tiene intenci\u00f3n de presentar para su aprobaci\u00f3n en el marco de la LXXVI sesi\u00f3n del Consejo de Rectores<\/strong>, \u00f3rgano que se reunir\u00e1 el 17 de octubre de 2019 en el marco de los festejos por los 100 a\u00f1os de la Universidad Nacional del Litoral. <\/span><\/p>\n<p style=\"text-align: justify;\">El 11 de julio, en la sede del Consejo Interuniversitario de Nacional (CIN) de Argentina, <strong>los Delegados Asesores de los Rectores integrantes al Consejo Consultivo de AUGM, por indicaci\u00f3n de este \u00faltimo, llevaron a cabo una jornada de an\u00e1lisis y propuestas orientadas a la definici\u00f3n de objetivos estrat\u00e9gicos<\/strong>.<\/p>\n<p style=\"text-align: justify;\"><span style=\"font-weight: 400;\">Dicha jornada tuvo como punto de partida el documento elaborado por el N\u00facleo Disciplinario Evaluaci\u00f3n Institucional y Planeamiento Estrat\u00e9gico, donde se exponen los elementos recabados a trav\u00e9s de la metodolog\u00eda de an\u00e1lisis <\/span><b>F<\/b><span style=\"font-weight: 400;\">ortalezas, <\/span><b>O<\/b><span style=\"font-weight: 400;\">portunidades, <\/span><b>D<\/b><span style=\"font-weight: 400;\">ebilidades y <\/span><b>A<\/b><span style=\"font-weight: 400;\">menazas.\u00a0\u00a0<\/span><\/p>\n<p style=\"text-align: justify;\"><span style=\"font-weight: 400;\"><strong>De los resultados se destaca el avance en la propuesta sobre la visi\u00f3n de AUGM y el establecimiento de tres ejes estrat\u00e9gicos con sus correspondientes objetivos<\/strong>. A los efectos de continuar con el trabajo colectivo se acord\u00f3 un calendario de actividades que permita cumplir con los plazos estipulados.<\/span><\/p>\n<p style=\"text-align: justify;\"><span style=\"font-weight: 400;\">Participaron del encuentro los rectores Ger\u00f3nimo Laviosa y Enrique Mammarella, presidente y vicepresidente de AUGM, respectivamente, Delfina Veirav\u00e9, rectora de la Universidad Nacional del Nordeste (UNNE), \u00c1lvaro Rico en representaci\u00f3n del rector Rodrigo Arim UdelaR, los delegados asesores Pedro S\u00e1nchez Izquierdo de la Universidad Nacional del Litoral, Gustavo Tripaldi de la Universidad Nacional del Nordeste, Alejandro Rodr\u00edguez Musso de la Universidad de Valpara\u00edso, Nicolas Maillard de la Universidade Federal do Rio Grande do Sul,\u00a0 Carlos Enrique Montiel de la Universidad Nacional del Este, y \u00c1lvaro Maglia y Fernando Sosa por la secretar\u00eda ejecutiva de AUGM.\u00a0<\/span><\/p>\n","protected":false},"excerpt":{"rendered":"<p>Se reunieron el pasado 11 de julio en Buenos Aires, Argentina. <\/p>\n","protected":false},"author":1,"featured_media":5238,"comment_status":"closed","ping_status":"closed","sticky":false,"template":"","format":"standard","meta":{"footnotes":""},"categories":[48],"tags":[],"class_list":["post-5237","post","type-post","status-publish","format-standard","has-post-thumbnail","hentry","category-archivo-de-noticias"],"wpmagazine_modules_lite_featured_media_urls":{"thumbnail":["https:\/\/grupomontevideo.org\/site\/wp-content\/uploads\/2019\/07\/WhatsApp-Image-2019-07-11-at-13.40.24.jpeg",150,85,false],"cvmm-medium":["https:\/\/grupomontevideo.org\/site\/wp-content\/uploads\/2019\/07\/WhatsApp-Image-2019-07-11-at-13.40.24.jpeg",300,169,false],"cvmm-medium-plus":["https:\/\/grupomontevideo.org\/site\/wp-content\/uploads\/2019\/07\/WhatsApp-Image-2019-07-11-at-13.40.24.jpeg",305,172,false],"cvmm-portrait":["https:\/\/grupomontevideo.org\/site\/wp-content\/uploads\/2019\/07\/WhatsApp-Image-2019-07-11-at-13.40.24.jpeg",400,226,false],"cvmm-medium-square":["https:\/\/grupomontevideo.org\/site\/wp-content\/uploads\/2019\/07\/WhatsApp-Image-2019-07-11-at-13.40.24.jpeg",600,338,false],"cvmm-large":["https:\/\/grupomontevideo.org\/site\/wp-content\/uploads\/2019\/07\/WhatsApp-Image-2019-07-11-at-13.40.24.jpeg",1024,578,false],"cvmm-small":["https:\/\/grupomontevideo.org\/site\/wp-content\/uploads\/2019\/07\/WhatsApp-Image-2019-07-11-at-13.40.24.jpeg",130,73,false],"full":["https:\/\/grupomontevideo.org\/site\/wp-content\/uploads\/2019\/07\/WhatsApp-Image-2019-07-11-at-13.40.24.jpeg",1280,722,false]},"categories_names":{"48":{"name":"Archivo de noticias","link":"https:\/\/grupomontevideo.org\/site\/category\/archivo-de-noticias\/"}},"tags_names":[],"comments_number":"0","_links":{"self":[{"href":"https:\/\/grupomontevideo.org\/site\/wp-json\/wp\/v2\/posts\/5237","targetHints":{"allow":["GET"]}}],"collection":[{"href":"https:\/\/grupomontevideo.org\/site\/wp-json\/wp\/v2\/posts"}],"about":[{"href":"https:\/\/grupomontevideo.org\/site\/wp-json\/wp\/v2\/types\/post"}],"author":[{"embeddable":true,"href":"https:\/\/grupomontevideo.org\/site\/wp-json\/wp\/v2\/users\/1"}],"replies":[{"embeddable":true,"href":"https:\/\/grupomontevideo.org\/site\/wp-json\/wp\/v2\/comments?post=5237"}],"version-history":[{"count":1,"href":"https:\/\/grupomontevideo.org\/site\/wp-json\/wp\/v2\/posts\/5237\/revisions"}],"predecessor-version":[{"id":15796,"href":"https:\/\/grupomontevideo.org\/site\/wp-json\/wp\/v2\/posts\/5237\/revisions\/15796"}],"wp:featuredmedia":[{"embeddable":true,"href":"https:\/\/grupomontevideo.org\/site\/wp-json\/wp\/v2\/media\/5238"}],"wp:attachment":[{"href":"https:\/\/grupomontevideo.org\/site\/wp-json\/wp\/v2\/media?parent=5237"}],"wp:term":[{"taxonomy":"category","embeddable":true,"href":"https:\/\/grupomontevideo.org\/site\/wp-json\/wp\/v2\/categories?post=5237"},{"taxonomy":"post_tag","embeddable":true,"href":"https:\/\/grupomontevideo.org\/site\/wp-json\/wp\/v2\/tags?post=5237"}],"curies":[{"name":"wp","href":"https:\/\/api.w.org\/{rel}","templated":true}]}}