{"id":5234,"date":"2019-07-17T12:43:09","date_gmt":"2019-07-17T12:43:09","guid":{"rendered":"http:\/\/grupomontevideo.org\/sitio\/?post_type=noticias&#038;p=5234"},"modified":"2022-06-22T16:41:31","modified_gmt":"2022-06-22T16:41:31","slug":"augm-y-el-iesalc-reforzaron-relaciones-e-intercambiaron-informacion-sobre-nuevos-espacios-de-colaboracion","status":"publish","type":"post","link":"https:\/\/grupomontevideo.org\/site\/augm-y-el-iesalc-reforzaron-relaciones-e-intercambiaron-informacion-sobre-nuevos-espacios-de-colaboracion\/","title":{"rendered":"AUGM y el IESALC reforzaron relaciones e intercambiaron informaci\u00f3n sobre nuevos espacios de colaboraci\u00f3n"},"content":{"rendered":"<p style=\"text-align: justify;\"><span style=\"font-weight: 400;\">La<strong> Asociaci\u00f3n de Universidades Grupo Montevideo (AUGM) se reuni\u00f3 el pasado 10 de junio con el Dr. Francesc Pedr\u00f3<\/strong>, quien asumi\u00f3 en el mes de mayo pasado como director del Instituto Internacional de Educaci\u00f3n Superior para Am\u00e9rica Latina y el Caribe (IESALC) de la Unesco. <\/span><\/p>\n<p style=\"text-align: justify;\">Este primer encuentro de acercamiento entre el nuevo director de IESALC y las autoridades de AUGM presentes,\u00a0 <strong>permiti\u00f3 reforzar relaciones de vieja data entre ambas instituciones e intercambiar informaci\u00f3n que permita impulsar nuevas demandas y espacios de colaboraci\u00f3n de cara al futuro<\/strong>.<\/p>\n<p style=\"text-align: justify;\"><span style=\"font-weight: 400;\">El <strong>Dr. Pedr\u00f3 manifest\u00f3 conocer la relevancia de la tarea acad\u00e9mica desempe\u00f1ada por el Grupo Montevideo a lo largo de sus 28 a\u00f1os de existencia a nivel regional y mundial<\/strong>, destacando la labor efectuada en las Conferencias Regionales y Mundiales\u00a0 de Educaci\u00f3n Superior convocadas por UNESCO.\u00a0<\/span><\/p>\n<p style=\"text-align: justify;\"><span style=\"font-weight: 400;\"><strong>AUGM, por su parte, se\u00f1al\u00f3 la importancia de avanzar en la labor conjunta entre el\u00a0 Espacio Latinoamericano y Caribe\u00f1o de Educaci\u00f3n Superior (ENLACES) y el IESALC en el seguimiento del Plan de Acci\u00f3n de la CRES\u00a0 2018<\/strong>. Asimismo, se destac\u00f3 la importancia de visibilizar y potenciar la funci\u00f3n Extensi\u00f3n como caracter\u00edstica del compromiso social de las universidades p\u00fablicas latinoamericanas.<\/span><\/p>\n<figure id=\"attachment_5236\" aria-describedby=\"caption-attachment-5236\" style=\"width: 1158px\" class=\"wp-caption aligncenter\"><a href=\"https:\/\/grupomontevideo.org\/site\/wp-content\/uploads\/2019\/07\/AUGM-Pedro-2.jpg\"><img fetchpriority=\"high\" decoding=\"async\" class=\"size-full wp-image-5236\" src=\"https:\/\/grupomontevideo.org\/site\/wp-content\/uploads\/2019\/07\/AUGM-Pedro-2.jpg\" alt=\"\" width=\"1158\" height=\"590\" \/><\/a><figcaption id=\"caption-attachment-5236\" class=\"wp-caption-text\">Foto: UNNE<\/figcaption><\/figure>\n<p style=\"text-align: justify;\"><span style=\"font-weight: 400;\">Participaron del encuentro el presidente de AUGM y rector de la Universidad Nacional del Este (Paraguay), Ger\u00f3nimo Laviosa, el vicepresidente de AUGM y rector de la Universidad Nacional del Litoral (Argentina), Enrique Mammarella, la rectora\u00a0 Delfina Veirav\u00e9 de la Universidad Nacional del Nordeste(UNNE), el rector Hugo Juri de la Universidad Nacional de C\u00f3rdoba, el rector H\u00e9ctor Floriani de la Universidad Nacional de Rosario y el rector Guillermo Tamarit de la Universidad del Noroeste de la Provincia de Buenos Aires.\u00a0<\/span><\/p>\n<p style=\"text-align: justify;\"><span style=\"font-weight: 400;\">La reuni\u00f3n cont\u00f3 adem\u00e1s con la presencia de \u00c1lvaro Maglia y Fernando Sosa de la Secretar\u00eda de AUGM, los delegados asesores Carlos Enrique Montiel de la Universidad Nacional del Este,\u00a0 Gustavo Tripaldi de la Universidad Nacional del Nordeste, Nicolas Maillard de la Universidade Federal do Rio Grande do Sul y Pedro S\u00e1nchez Izquierdo, Universidad Nacional del Litoral,\u00a0 el titular de la Secretar\u00eda Privada de la Universidad Nacional de Entre R\u00edos, Daniel Capodoglio, y la prosecretaria de Asuntos Internacionales de la UNC, Miriam Carballo.\u00a0<\/span><\/p>\n<p style=\"text-align: justify;\"><span style=\"font-weight: 400;\">Al final de la reuni\u00f3n, el director de IESALC\u00a0 inform\u00f3 a los presentes que la Unesco est\u00e1 trabajando rumbo a la Conferencia Mundial de Educaci\u00f3n Superior para el a\u00f1o 2021\u00a0 y agradeci\u00f3 la invitaci\u00f3n de AUGM y la UNL para su participaci\u00f3n de la LXXVI sesi\u00f3n del Consejo de Rectores a realizarse el 17 de octubre pr\u00f3ximo en la Universidad Nacional del Litoral..\u00a0<\/span><\/p>\n","protected":false},"excerpt":{"rendered":"<p>El Grupo Montevideo se reuni\u00f3 con el Dr. Francesc Pedr\u00f3, director del \u00f3rgano de la Unesco. <\/p>\n","protected":false},"author":1,"featured_media":5235,"comment_status":"closed","ping_status":"closed","sticky":false,"template":"","format":"standard","meta":{"footnotes":""},"categories":[48],"tags":[],"class_list":["post-5234","post","type-post","status-publish","format-standard","has-post-thumbnail","hentry","category-archivo-de-noticias"],"wpmagazine_modules_lite_featured_media_urls":{"thumbnail":["https:\/\/grupomontevideo.org\/site\/wp-content\/uploads\/2019\/07\/AUGM-Pedro.jpg",150,71,false],"cvmm-medium":["https:\/\/grupomontevideo.org\/site\/wp-content\/uploads\/2019\/07\/AUGM-Pedro.jpg",300,142,false],"cvmm-medium-plus":["https:\/\/grupomontevideo.org\/site\/wp-content\/uploads\/2019\/07\/AUGM-Pedro.jpg",305,144,false],"cvmm-portrait":["https:\/\/grupomontevideo.org\/site\/wp-content\/uploads\/2019\/07\/AUGM-Pedro.jpg",400,189,false],"cvmm-medium-square":["https:\/\/grupomontevideo.org\/site\/wp-content\/uploads\/2019\/07\/AUGM-Pedro.jpg",600,284,false],"cvmm-large":["https:\/\/grupomontevideo.org\/site\/wp-content\/uploads\/2019\/07\/AUGM-Pedro.jpg",1024,484,false],"cvmm-small":["https:\/\/grupomontevideo.org\/site\/wp-content\/uploads\/2019\/07\/AUGM-Pedro.jpg",130,61,false],"full":["https:\/\/grupomontevideo.org\/site\/wp-content\/uploads\/2019\/07\/AUGM-Pedro.jpg",1092,516,false]},"categories_names":{"48":{"name":"Archivo de noticias","link":"https:\/\/grupomontevideo.org\/site\/category\/archivo-de-noticias\/"}},"tags_names":[],"comments_number":"0","_links":{"self":[{"href":"https:\/\/grupomontevideo.org\/site\/wp-json\/wp\/v2\/posts\/5234","targetHints":{"allow":["GET"]}}],"collection":[{"href":"https:\/\/grupomontevideo.org\/site\/wp-json\/wp\/v2\/posts"}],"about":[{"href":"https:\/\/grupomontevideo.org\/site\/wp-json\/wp\/v2\/types\/post"}],"author":[{"embeddable":true,"href":"https:\/\/grupomontevideo.org\/site\/wp-json\/wp\/v2\/users\/1"}],"replies":[{"embeddable":true,"href":"https:\/\/grupomontevideo.org\/site\/wp-json\/wp\/v2\/comments?post=5234"}],"version-history":[{"count":1,"href":"https:\/\/grupomontevideo.org\/site\/wp-json\/wp\/v2\/posts\/5234\/revisions"}],"predecessor-version":[{"id":15797,"href":"https:\/\/grupomontevideo.org\/site\/wp-json\/wp\/v2\/posts\/5234\/revisions\/15797"}],"wp:featuredmedia":[{"embeddable":true,"href":"https:\/\/grupomontevideo.org\/site\/wp-json\/wp\/v2\/media\/5235"}],"wp:attachment":[{"href":"https:\/\/grupomontevideo.org\/site\/wp-json\/wp\/v2\/media?parent=5234"}],"wp:term":[{"taxonomy":"category","embeddable":true,"href":"https:\/\/grupomontevideo.org\/site\/wp-json\/wp\/v2\/categories?post=5234"},{"taxonomy":"post_tag","embeddable":true,"href":"https:\/\/grupomontevideo.org\/site\/wp-json\/wp\/v2\/tags?post=5234"}],"curies":[{"name":"wp","href":"https:\/\/api.w.org\/{rel}","templated":true}]}}