{"id":5227,"date":"2019-07-16T13:07:05","date_gmt":"2019-07-16T13:07:05","guid":{"rendered":"http:\/\/grupomontevideo.org\/sitio\/?post_type=noticias&#038;p=5227"},"modified":"2022-06-22T16:41:32","modified_gmt":"2022-06-22T16:41:32","slug":"declaracion-de-augm-ante-el-recorte-presupuestario-2020-de-las-universidades-publicas-del-paraguay","status":"publish","type":"post","link":"https:\/\/grupomontevideo.org\/site\/declaracion-de-augm-ante-el-recorte-presupuestario-2020-de-las-universidades-publicas-del-paraguay\/","title":{"rendered":"Declaraci\u00f3n de AUGM ante el recorte presupuestario 2020 de las universidades p\u00fablicas del Paraguay"},"content":{"rendered":"<p><b>Ante el recorte presupuestario 2020 anunciado para las universidades p\u00fablicas del Paraguay, l<\/b><strong>a Asociaci\u00f3n de Universidades Grupo Montevideo (AUGM) declara:<\/strong><\/p>\n<p style=\"text-align: justify;\">En el marco de las <strong>orientaciones emanadas de las Conferencias Regionales y Mundiales de Educaci\u00f3n Superior de la UNESCO<\/strong> \u2013y muy <strong>especialmente de la reciente Conferencia Regional de Educaci\u00f3n Superior para Am\u00e9rica Latina y el Caribe ocurrida en C\u00f3rdoba<\/strong>, Argentina, en 2018\u2013 por las que la educaci\u00f3n y en particular la educaci\u00f3n superior se conceptualiza como un bien p\u00fablico social y estrat\u00e9gico, un derecho humano universal y su financiaci\u00f3n un deber indelegable de los Estados; <strong>declaramos nuestra profunda preocupaci\u00f3n por el proyectado recorte presupuestal\u00a0 que atenta contra estos principios en el Anteproyecto de Presupuesto para el 2020 en la Rep\u00fablica del Paraguay<\/strong>.<\/p>\n<p style=\"text-align: justify;\">La inversi\u00f3n en educaci\u00f3n superior p\u00fablica es fundamental para la creaci\u00f3n de conocimiento pertinente a nuestra regi\u00f3n y nuestros pa\u00edses, es fundamental para la formaci\u00f3n de alta calidad de nuestros profesionales y acad\u00e9micos y es un fundamento de la arquitectura del desarrollo nacional y regional.<\/p>\n<p style=\"text-align: justify;\"><strong>Por<\/strong> <strong>tanto instamos al gobierno de la Rep\u00fablica del Paraguay a un di\u00e1logo con las universidades p\u00fablicas paraguayas<\/strong>, a los efectos de un entendimiento que deje sin efecto la reducci\u00f3n presupuestal en las mismas.<\/p>\n<p><strong>Descargue la <a href=\"https:\/\/grupomontevideo.org\/site\/wp-content\/uploads\/2019\/07\/Declaracion-AUGM-Paraguay-Julio-2019.pdf\">declaraci\u00f3n con firmas aqu\u00ed\u00a0<\/a><\/strong><\/p>\n","protected":false},"excerpt":{"rendered":"<p>El Grupo Montevideo insta al Gobierno del pa\u00eds a un di\u00e1logo con las Universidades <\/p>\n","protected":false},"author":1,"featured_media":5231,"comment_status":"closed","ping_status":"closed","sticky":false,"template":"","format":"standard","meta":{"footnotes":""},"categories":[48],"tags":[],"class_list":["post-5227","post","type-post","status-publish","format-standard","has-post-thumbnail","hentry","category-archivo-de-noticias"],"wpmagazine_modules_lite_featured_media_urls":{"thumbnail":["https:\/\/grupomontevideo.org\/site\/wp-content\/uploads\/2019\/07\/AUGM-Logo-cortado.jpg",150,93,false],"cvmm-medium":["https:\/\/grupomontevideo.org\/site\/wp-content\/uploads\/2019\/07\/AUGM-Logo-cortado.jpg",300,185,false],"cvmm-medium-plus":["https:\/\/grupomontevideo.org\/site\/wp-content\/uploads\/2019\/07\/AUGM-Logo-cortado.jpg",305,188,false],"cvmm-portrait":["https:\/\/grupomontevideo.org\/site\/wp-content\/uploads\/2019\/07\/AUGM-Logo-cortado.jpg",350,216,false],"cvmm-medium-square":["https:\/\/grupomontevideo.org\/site\/wp-content\/uploads\/2019\/07\/AUGM-Logo-cortado.jpg",350,216,false],"cvmm-large":["https:\/\/grupomontevideo.org\/site\/wp-content\/uploads\/2019\/07\/AUGM-Logo-cortado.jpg",350,216,false],"cvmm-small":["https:\/\/grupomontevideo.org\/site\/wp-content\/uploads\/2019\/07\/AUGM-Logo-cortado.jpg",130,80,false],"full":["https:\/\/grupomontevideo.org\/site\/wp-content\/uploads\/2019\/07\/AUGM-Logo-cortado.jpg",350,216,false]},"categories_names":{"48":{"name":"Archivo de noticias","link":"https:\/\/grupomontevideo.org\/site\/category\/archivo-de-noticias\/"}},"tags_names":[],"comments_number":"0","_links":{"self":[{"href":"https:\/\/grupomontevideo.org\/site\/wp-json\/wp\/v2\/posts\/5227","targetHints":{"allow":["GET"]}}],"collection":[{"href":"https:\/\/grupomontevideo.org\/site\/wp-json\/wp\/v2\/posts"}],"about":[{"href":"https:\/\/grupomontevideo.org\/site\/wp-json\/wp\/v2\/types\/post"}],"author":[{"embeddable":true,"href":"https:\/\/grupomontevideo.org\/site\/wp-json\/wp\/v2\/users\/1"}],"replies":[{"embeddable":true,"href":"https:\/\/grupomontevideo.org\/site\/wp-json\/wp\/v2\/comments?post=5227"}],"version-history":[{"count":1,"href":"https:\/\/grupomontevideo.org\/site\/wp-json\/wp\/v2\/posts\/5227\/revisions"}],"predecessor-version":[{"id":15798,"href":"https:\/\/grupomontevideo.org\/site\/wp-json\/wp\/v2\/posts\/5227\/revisions\/15798"}],"wp:featuredmedia":[{"embeddable":true,"href":"https:\/\/grupomontevideo.org\/site\/wp-json\/wp\/v2\/media\/5231"}],"wp:attachment":[{"href":"https:\/\/grupomontevideo.org\/site\/wp-json\/wp\/v2\/media?parent=5227"}],"wp:term":[{"taxonomy":"category","embeddable":true,"href":"https:\/\/grupomontevideo.org\/site\/wp-json\/wp\/v2\/categories?post=5227"},{"taxonomy":"post_tag","embeddable":true,"href":"https:\/\/grupomontevideo.org\/site\/wp-json\/wp\/v2\/tags?post=5227"}],"curies":[{"name":"wp","href":"https:\/\/api.w.org\/{rel}","templated":true}]}}