{"id":5189,"date":"2019-07-08T14:12:57","date_gmt":"2019-07-08T14:12:57","guid":{"rendered":"http:\/\/grupomontevideo.org\/sitio\/?post_type=noticias&#038;p=5189"},"modified":"2022-06-22T16:41:32","modified_gmt":"2022-06-22T16:41:32","slug":"convocatoria-2020-del-programa-escala-posgrado-de-augm","status":"publish","type":"post","link":"https:\/\/grupomontevideo.org\/site\/convocatoria-2020-del-programa-escala-posgrado-de-augm\/","title":{"rendered":"Convocatoria 2020 del Programa ESCALA Posgrado de AUGM"},"content":{"rendered":"<p style=\"text-align: justify;\"><span style=\"font-weight: 400;\">El <strong>Programa Espacio Acad\u00e9mico Com\u00fan Ampliado Latinoamericano (ESCALA) <\/strong><\/span><span style=\"font-weight: 400;\"><strong style=\"font-weight: 400;\">para estudiantes de maestr\u00eda o doctorado (PEEPg)<\/strong> de la Asociaci\u00f3n de Universidades Grupo Montevideo (AUGM), <b style=\"font-weight: 400;\">abri\u00f3 su convocatoria 2020 y fij\u00f3 hasta el 2 de setiembre el plazo para presentar <\/b><b>postulantes<\/b><b style=\"font-weight: 400;\">.\u00a0<\/b><\/span><\/p>\n<p style=\"text-align: justify;\"><span style=\"font-weight: 400;\"><strong>A trav\u00e9s del ESCALA, los seleccionados se movilizar\u00e1n <\/strong><\/span><span style=\"font-weight: 400;\"><strong>en el marco de Agendas de Trabajo previamente acordadas<\/strong> y con el compromiso del total reconocimiento de las actividades que realicen durante el intercambio y \u00a0su acreditaci\u00f3n en el expediente acad\u00e9mico.<\/span><\/p>\n<p style=\"text-align: justify;\"><span style=\"font-weight: 400;\">Este Programa brinda la posibilidad a estudiantes de maestr\u00edas y doctorados de<strong> realizar actividades que se enmarquen en su programa de estudios, incluyendo estancias de \u00a0investigaci\u00f3n, pr\u00e1cticas de laboratorio, asistencia a cursos\/seminarios<\/strong>, entre otros, por un <strong>per\u00edodo m\u00ednimo de 15 d\u00edas<\/strong> hasta un m\u00e1ximo de seis meses en otra universidad miembro del Grupo.\u00a0<\/span><\/p>\n<p style=\"text-align: justify;\"><span style=\"font-weight: 400;\"><strong>Las consultas deber\u00e1n dirigirlas a la coordinaci\u00f3n del Programa en la universidad de origen<\/strong> y para ello los datos de contacto de las personas responsables del PEEPg en cada universidad se encuentran disponibles en el <\/span><a href=\"http:\/\/grupomontevideo.org\/escalaposgrado\/index.php\/193-2\/\"><span style=\"font-weight: 400;\">siguiente link<\/span><\/a><span style=\"font-weight: 400;\">. <\/span><\/p>\n<p style=\"text-align: justify;\"><span style=\"font-weight: 400;\">Las plazas dispuestas por cada instituci\u00f3n miembro, la oferta acad\u00e9mica, as\u00ed como otra informaci\u00f3n sobre el Programa -como el <\/span><a href=\"https:\/\/grupomontevideo.org\/site\/wp-content\/uploads\/2016\/05\/Programa-ESCALA-de-estudiantes-de-Posgrado-Manual-de-Funcionamiento.pdf\"><span style=\"font-weight: 400;\">Manual de Funcionamiento <\/span><\/a><span style=\"font-weight: 400;\">y el <\/span><a href=\"https:\/\/grupomontevideo.org\/site\/wp-content\/uploads\/2015\/11\/Reglamento-PEEP_portugues-modificado-nov2015.pdf\"><span style=\"font-weight: 400;\">Reglamento<\/span><\/a><span style=\"font-weight: 400;\">-, se encuentran a disposici\u00f3n en la p\u00e1gina de<a href=\"http:\/\/grupomontevideo.org\/escalaposgrado\/#\"> ESCALA Posgrado<\/a>, donde tambi\u00e9n deber\u00e1n realizar la <a href=\"http:\/\/grupomontevideo.org\/escalaposgrado\/index.php\/postulacion\/\">postulaci\u00f3n<\/a>.\u00a0<\/span><\/p>\n<p>Consulte la oferta de plazas por universidad <a href=\"http:\/\/grupomontevideo.org\/escalaposgrado\/index.php\/plazas\/\">aqu\u00ed<\/a><br \/>\n<iframe src=\"https:\/\/www.youtube.com\/embed\/DzdXePITIzo\" width=\"560\" height=\"315\" frameborder=\"0\" allowfullscreen=\"allowfullscreen\"><\/iframe><\/p>\n","protected":false},"excerpt":{"rendered":"<p>Oportunidad de movilidad e integraci\u00f3n acad\u00e9mica en la regi\u00f3n. Postulaciones hasta el 2 de setiembre<\/p>\n","protected":false},"author":1,"featured_media":5190,"comment_status":"closed","ping_status":"closed","sticky":false,"template":"","format":"standard","meta":{"footnotes":""},"categories":[48],"tags":[],"class_list":["post-5189","post","type-post","status-publish","format-standard","has-post-thumbnail","hentry","category-archivo-de-noticias"],"wpmagazine_modules_lite_featured_media_urls":{"thumbnail":["https:\/\/grupomontevideo.org\/site\/wp-content\/uploads\/2019\/07\/Udelar-ESCALA.jpg",150,100,false],"cvmm-medium":["https:\/\/grupomontevideo.org\/site\/wp-content\/uploads\/2019\/07\/Udelar-ESCALA.jpg",300,200,false],"cvmm-medium-plus":["https:\/\/grupomontevideo.org\/site\/wp-content\/uploads\/2019\/07\/Udelar-ESCALA.jpg",305,203,false],"cvmm-portrait":["https:\/\/grupomontevideo.org\/site\/wp-content\/uploads\/2019\/07\/Udelar-ESCALA.jpg",350,233,false],"cvmm-medium-square":["https:\/\/grupomontevideo.org\/site\/wp-content\/uploads\/2019\/07\/Udelar-ESCALA.jpg",350,233,false],"cvmm-large":["https:\/\/grupomontevideo.org\/site\/wp-content\/uploads\/2019\/07\/Udelar-ESCALA.jpg",350,233,false],"cvmm-small":["https:\/\/grupomontevideo.org\/site\/wp-content\/uploads\/2019\/07\/Udelar-ESCALA.jpg",130,87,false],"full":["https:\/\/grupomontevideo.org\/site\/wp-content\/uploads\/2019\/07\/Udelar-ESCALA.jpg",350,233,false]},"categories_names":{"48":{"name":"Archivo de noticias","link":"https:\/\/grupomontevideo.org\/site\/category\/archivo-de-noticias\/"}},"tags_names":[],"comments_number":"0","_links":{"self":[{"href":"https:\/\/grupomontevideo.org\/site\/wp-json\/wp\/v2\/posts\/5189","targetHints":{"allow":["GET"]}}],"collection":[{"href":"https:\/\/grupomontevideo.org\/site\/wp-json\/wp\/v2\/posts"}],"about":[{"href":"https:\/\/grupomontevideo.org\/site\/wp-json\/wp\/v2\/types\/post"}],"author":[{"embeddable":true,"href":"https:\/\/grupomontevideo.org\/site\/wp-json\/wp\/v2\/users\/1"}],"replies":[{"embeddable":true,"href":"https:\/\/grupomontevideo.org\/site\/wp-json\/wp\/v2\/comments?post=5189"}],"version-history":[{"count":1,"href":"https:\/\/grupomontevideo.org\/site\/wp-json\/wp\/v2\/posts\/5189\/revisions"}],"predecessor-version":[{"id":15803,"href":"https:\/\/grupomontevideo.org\/site\/wp-json\/wp\/v2\/posts\/5189\/revisions\/15803"}],"wp:featuredmedia":[{"embeddable":true,"href":"https:\/\/grupomontevideo.org\/site\/wp-json\/wp\/v2\/media\/5190"}],"wp:attachment":[{"href":"https:\/\/grupomontevideo.org\/site\/wp-json\/wp\/v2\/media?parent=5189"}],"wp:term":[{"taxonomy":"category","embeddable":true,"href":"https:\/\/grupomontevideo.org\/site\/wp-json\/wp\/v2\/categories?post=5189"},{"taxonomy":"post_tag","embeddable":true,"href":"https:\/\/grupomontevideo.org\/site\/wp-json\/wp\/v2\/tags?post=5189"}],"curies":[{"name":"wp","href":"https:\/\/api.w.org\/{rel}","templated":true}]}}