{"id":5181,"date":"2019-07-04T13:11:47","date_gmt":"2019-07-04T13:11:47","guid":{"rendered":"http:\/\/grupomontevideo.org\/sitio\/?post_type=noticias&#038;p=5181"},"modified":"2022-06-22T16:41:33","modified_gmt":"2022-06-22T16:41:33","slug":"reunion-del-comite-academico-agroalimentario-3","status":"publish","type":"post","link":"https:\/\/grupomontevideo.org\/site\/reunion-del-comite-academico-agroalimentario-3\/","title":{"rendered":"Reuni\u00f3n Anual del Comit\u00e9 Acad\u00e9mico Agroalimentario"},"content":{"rendered":"<p style=\"text-align: justify;\">El <strong>Comit\u00e9 Acad\u00e9mico Agroalimentario de la Asociaci\u00f3n de Universidades Grupo Montevideo (AUGM) llevar\u00e1 adelante su reuni\u00f3n anual en el marco de las <a href=\"http:\/\/grupomontevideo.org\/sitio\/noticias\/abrio-la-convocatoria-para-las-xxvii-jornadas-de-jovenes-investigadores-de-augm\/\">XXVII Jornada de J\u00f3venes Investigadores<\/a><\/strong>, programa de la asociaci\u00f3n que tendr\u00e1n lugar el <strong>23, 24 y 25 de Octubre<\/strong> en la Universidad Federal de Sao Carlos, Sao Carlos, Brasil.<\/p>\n","protected":false},"excerpt":{"rendered":"<p>En el marco de las Jornadas de J\u00f3venes Investigadores &#8211; 23, 24 y 25 de Octubre en Sao Carlos, Brasil<\/p>\n","protected":false},"author":1,"featured_media":5182,"comment_status":"closed","ping_status":"closed","sticky":false,"template":"","format":"standard","meta":{"footnotes":""},"categories":[48],"tags":[],"class_list":["post-5181","post","type-post","status-publish","format-standard","has-post-thumbnail","hentry","category-archivo-de-noticias"],"wpmagazine_modules_lite_featured_media_urls":{"thumbnail":["https:\/\/grupomontevideo.org\/site\/wp-content\/uploads\/2019\/07\/Agroalimentario-web.jpg",150,91,false],"cvmm-medium":["https:\/\/grupomontevideo.org\/site\/wp-content\/uploads\/2019\/07\/Agroalimentario-web.jpg",300,182,false],"cvmm-medium-plus":["https:\/\/grupomontevideo.org\/site\/wp-content\/uploads\/2019\/07\/Agroalimentario-web.jpg",305,185,false],"cvmm-portrait":["https:\/\/grupomontevideo.org\/site\/wp-content\/uploads\/2019\/07\/Agroalimentario-web.jpg",400,243,false],"cvmm-medium-square":["https:\/\/grupomontevideo.org\/site\/wp-content\/uploads\/2019\/07\/Agroalimentario-web.jpg",418,254,false],"cvmm-large":["https:\/\/grupomontevideo.org\/site\/wp-content\/uploads\/2019\/07\/Agroalimentario-web.jpg",418,254,false],"cvmm-small":["https:\/\/grupomontevideo.org\/site\/wp-content\/uploads\/2019\/07\/Agroalimentario-web.jpg",130,79,false],"full":["https:\/\/grupomontevideo.org\/site\/wp-content\/uploads\/2019\/07\/Agroalimentario-web.jpg",418,254,false]},"categories_names":{"48":{"name":"Archivo de noticias","link":"https:\/\/grupomontevideo.org\/site\/category\/archivo-de-noticias\/"}},"tags_names":[],"comments_number":"0","_links":{"self":[{"href":"https:\/\/grupomontevideo.org\/site\/wp-json\/wp\/v2\/posts\/5181","targetHints":{"allow":["GET"]}}],"collection":[{"href":"https:\/\/grupomontevideo.org\/site\/wp-json\/wp\/v2\/posts"}],"about":[{"href":"https:\/\/grupomontevideo.org\/site\/wp-json\/wp\/v2\/types\/post"}],"author":[{"embeddable":true,"href":"https:\/\/grupomontevideo.org\/site\/wp-json\/wp\/v2\/users\/1"}],"replies":[{"embeddable":true,"href":"https:\/\/grupomontevideo.org\/site\/wp-json\/wp\/v2\/comments?post=5181"}],"version-history":[{"count":1,"href":"https:\/\/grupomontevideo.org\/site\/wp-json\/wp\/v2\/posts\/5181\/revisions"}],"predecessor-version":[{"id":15805,"href":"https:\/\/grupomontevideo.org\/site\/wp-json\/wp\/v2\/posts\/5181\/revisions\/15805"}],"wp:featuredmedia":[{"embeddable":true,"href":"https:\/\/grupomontevideo.org\/site\/wp-json\/wp\/v2\/media\/5182"}],"wp:attachment":[{"href":"https:\/\/grupomontevideo.org\/site\/wp-json\/wp\/v2\/media?parent=5181"}],"wp:term":[{"taxonomy":"category","embeddable":true,"href":"https:\/\/grupomontevideo.org\/site\/wp-json\/wp\/v2\/categories?post=5181"},{"taxonomy":"post_tag","embeddable":true,"href":"https:\/\/grupomontevideo.org\/site\/wp-json\/wp\/v2\/tags?post=5181"}],"curies":[{"name":"wp","href":"https:\/\/api.w.org\/{rel}","templated":true}]}}