{"id":5170,"date":"2019-07-01T15:02:34","date_gmt":"2019-07-01T15:02:34","guid":{"rendered":"http:\/\/grupomontevideo.org\/sitio\/?post_type=noticias&#038;p=5170"},"modified":"2022-06-22T16:41:33","modified_gmt":"2022-06-22T16:41:33","slug":"augm-en-la-xxv-asamblea-del-grupo-compostela","status":"publish","type":"post","link":"https:\/\/grupomontevideo.org\/site\/augm-en-la-xxv-asamblea-del-grupo-compostela\/","title":{"rendered":"AUGM en la XXV Asamblea del Grupo Compostela"},"content":{"rendered":"<p style=\"text-align: justify;\">La <strong>Asociaci\u00f3n de Universidades Grupo Montevideo (AUGM) particip\u00f3 de\u00a0 la XXV Asamblea del Grupo Compostela de Universidades en la Universidad de Guadalajara<\/strong>, donde estuvieron presentes m\u00e1s de 40 universidades del\u00a0 mundo que trabajaron sobre distintos ejes: las universidades como actores centrales en la internacionalizaci\u00f3n de ciudades, redes de universidades en Am\u00e9rica Latina, entre otros.<\/p>\n<p style=\"text-align: justify;\">AUGM estuvo representada por la <strong>Dra. Jimena Estrella<\/strong> de la Secretaria de Investigaci\u00f3n, Internacionales y Posgrado de la UNCuyo. En su primera exposici\u00f3n comparti\u00f3 panel con la Dra. Magdalena Liliana Busto Aguirre y la Dra. Marcela Wolf abordando los desaf\u00edos de las universidades para constituirse como actores centrales del desarrollo de sus comunidades y ciudades.<\/p>\n<p style=\"text-align: justify;\"><strong>La segunda jornada estuvo destinada a conocer las redes m\u00e1s importantes de la regi\u00f3n<\/strong>. Para ello fueron convocados representantes de CONAHEC, UDUAL, ASCUN y del proyecto europeo RIESAL. La Dra. Estrella present\u00f3 a la Asociaci\u00f3n de Universidades del Grupo Montevideo, resaltando los logros obtenidos en t\u00e9rminos de movilidad estudiantil, docente y de gestores.\u00a0 Todos los aportes fueron muy bien recibidos por el Grupo Compostela de Universidades, quienes valoraron positivamente el desempe\u00f1o y el modelo de gesti\u00f3n. Grupo Compostela de Universidades. Marek Kreglewsi destac\u00f3 la necesidad de vincular el trabajo de las redes.<\/p>\n<p style=\"text-align: justify;\"><strong>Acceda a programa de actividades:\u00a0<a href=\"http:\/\/compostela2019.udg.mx\/programme\" data-saferedirecturl=\"https:\/\/www.google.com\/url?q=http:\/\/compostela2019.udg.mx\/programme&amp;source=gmail&amp;ust=1562080254194000&amp;usg=AFQjCNEfvqUy4_dkDySSgF13tN_UleNbIQ\">http:\/\/compostela2019.udg.mx\/programme<\/a><\/strong><\/p>\n<figure id=\"attachment_5172\" aria-describedby=\"caption-attachment-5172\" style=\"width: 1280px\" class=\"wp-caption aligncenter\"><a href=\"https:\/\/grupomontevideo.org\/site\/wp-content\/uploads\/2019\/07\/Estrella.jpeg\"><img fetchpriority=\"high\" decoding=\"async\" class=\"wp-image-5172 size-full\" src=\"https:\/\/grupomontevideo.org\/site\/wp-content\/uploads\/2019\/07\/Estrella.jpeg\" alt=\"\" width=\"1280\" height=\"960\" \/><\/a><figcaption id=\"caption-attachment-5172\" class=\"wp-caption-text\">Foto: Universidad de Guadalajara<\/figcaption><\/figure>\n","protected":false},"excerpt":{"rendered":"<p>M\u00e1s de 40 universidades del mundo intercambiaron sobre distintos ejes tem\u00e1ticos <\/p>\n","protected":false},"author":1,"featured_media":5171,"comment_status":"closed","ping_status":"closed","sticky":false,"template":"","format":"standard","meta":{"footnotes":""},"categories":[48],"tags":[],"class_list":["post-5170","post","type-post","status-publish","format-standard","has-post-thumbnail","hentry","category-archivo-de-noticias"],"wpmagazine_modules_lite_featured_media_urls":{"thumbnail":["https:\/\/grupomontevideo.org\/site\/wp-content\/uploads\/2019\/07\/Guadarajara.jpeg",150,113,false],"cvmm-medium":["https:\/\/grupomontevideo.org\/site\/wp-content\/uploads\/2019\/07\/Guadarajara.jpeg",300,225,false],"cvmm-medium-plus":["https:\/\/grupomontevideo.org\/site\/wp-content\/uploads\/2019\/07\/Guadarajara.jpeg",276,207,false],"cvmm-portrait":["https:\/\/grupomontevideo.org\/site\/wp-content\/uploads\/2019\/07\/Guadarajara.jpeg",400,300,false],"cvmm-medium-square":["https:\/\/grupomontevideo.org\/site\/wp-content\/uploads\/2019\/07\/Guadarajara.jpeg",600,450,false],"cvmm-large":["https:\/\/grupomontevideo.org\/site\/wp-content\/uploads\/2019\/07\/Guadarajara.jpeg",1024,768,false],"cvmm-small":["https:\/\/grupomontevideo.org\/site\/wp-content\/uploads\/2019\/07\/Guadarajara.jpeg",127,95,false],"full":["https:\/\/grupomontevideo.org\/site\/wp-content\/uploads\/2019\/07\/Guadarajara.jpeg",1280,960,false]},"categories_names":{"48":{"name":"Archivo de noticias","link":"https:\/\/grupomontevideo.org\/site\/category\/archivo-de-noticias\/"}},"tags_names":[],"comments_number":"0","_links":{"self":[{"href":"https:\/\/grupomontevideo.org\/site\/wp-json\/wp\/v2\/posts\/5170","targetHints":{"allow":["GET"]}}],"collection":[{"href":"https:\/\/grupomontevideo.org\/site\/wp-json\/wp\/v2\/posts"}],"about":[{"href":"https:\/\/grupomontevideo.org\/site\/wp-json\/wp\/v2\/types\/post"}],"author":[{"embeddable":true,"href":"https:\/\/grupomontevideo.org\/site\/wp-json\/wp\/v2\/users\/1"}],"replies":[{"embeddable":true,"href":"https:\/\/grupomontevideo.org\/site\/wp-json\/wp\/v2\/comments?post=5170"}],"version-history":[{"count":1,"href":"https:\/\/grupomontevideo.org\/site\/wp-json\/wp\/v2\/posts\/5170\/revisions"}],"predecessor-version":[{"id":15806,"href":"https:\/\/grupomontevideo.org\/site\/wp-json\/wp\/v2\/posts\/5170\/revisions\/15806"}],"wp:featuredmedia":[{"embeddable":true,"href":"https:\/\/grupomontevideo.org\/site\/wp-json\/wp\/v2\/media\/5171"}],"wp:attachment":[{"href":"https:\/\/grupomontevideo.org\/site\/wp-json\/wp\/v2\/media?parent=5170"}],"wp:term":[{"taxonomy":"category","embeddable":true,"href":"https:\/\/grupomontevideo.org\/site\/wp-json\/wp\/v2\/categories?post=5170"},{"taxonomy":"post_tag","embeddable":true,"href":"https:\/\/grupomontevideo.org\/site\/wp-json\/wp\/v2\/tags?post=5170"}],"curies":[{"name":"wp","href":"https:\/\/api.w.org\/{rel}","templated":true}]}}