{"id":5162,"date":"2019-07-01T14:08:23","date_gmt":"2019-07-01T14:08:23","guid":{"rendered":"http:\/\/grupomontevideo.org\/sitio\/?post_type=noticias&#038;p=5162"},"modified":"2022-06-22T16:41:33","modified_gmt":"2022-06-22T16:41:33","slug":"ii-simposio-internacional-de-literatura-imaginarios-estetica-y-cultura","status":"publish","type":"post","link":"https:\/\/grupomontevideo.org\/site\/ii-simposio-internacional-de-literatura-imaginarios-estetica-y-cultura\/","title":{"rendered":"II Simposio Internacional de Literatura, Imaginarios, Est\u00e9tica y Cultura"},"content":{"rendered":"<p style=\"text-align: justify;\"><span style=\"font-weight: 400;\">Para pensar interculturalmente y a escala continental en la investigaci\u00f3n, en los objetos de la literatura y del arte, en las expresiones de la memoria, de los derechos y humanos y de la historia, el <strong>N\u00facleo Disciplinario Literatura, Imaginarios, Est\u00e9tica y Cultura de la Asociaci\u00f3n de Universidades del Grupo Montevideo (AUGM) llevar\u00e1 adelante su II Simposio Internacional<\/strong> en el Centro de Investigaciones en Estudios Culturales, Educativos, Hist\u00f3ricos y Comunicacionales (CIECEHC) de la Facultad de Humanidades y Ciencias, Universidad Nacional del Litoral (UNL), Santa Fe, Argentina. <\/span><\/p>\n<p style=\"text-align: justify;\">Este encuentro que se llevar\u00e1 a cabo el <strong>11 y 12 de noviembre, tiene como objetivo principal reunir a investigadores argentinos, brasileros, uruguayos, paraguayos y chilenos en mesas de debate<\/strong> organizadas en torno a seis ejes tem\u00e1ticos que permiten el abordaje de producciones te\u00f3ricas y art\u00edsticas y el an\u00e1lisis cr\u00edtico de temas, problemas y discusiones sobre las dimensiones interculturales de Am\u00e9rica Latina.<\/p>\n<p style=\"text-align: justify;\"><span style=\"font-weight: 400;\">De esta manera, <strong>los investigadores intercambiar\u00e1n sobre<\/strong> manifestaciones culturales y escalas transnacionales; imaginarios y manifestaciones est\u00e9ticas en desplazamiento; formas de testimonio, memoria e historia; diversidades regionales y desaf\u00edos de la identidad cultural; discurso hegem\u00f3nico y diversidad social; y multiculturalidad y pluralismo discursivo.<\/span><\/p>\n<p style=\"text-align: justify;\">La actividad es sin costo ni aranceles y la inscripci\u00f3n de asistentes y expositores se realizar\u00e1 a trav\u00e9s del sitio <a href=\"http:\/\/www.fhuc.unl.edu.ar\/inscripciones\">www.fhuc.unl.edu.ar\/inscripciones<\/a> hasta el ocho de noviembre de 2019.<\/p>\n<p><b>Vea el programa general del evento <a href=\"https:\/\/grupomontevideo.org\/site\/wp-content\/uploads\/2019\/07\/AUGM_II-Simposio-2019_Programa-General-1.pdf\" target=\"_blank\" rel=\"noopener noreferrer\">aqu\u00ed<\/a><\/b><\/p>\n<p style=\"text-align: justify;\"><span style=\"font-weight: 400;\">Participar\u00e1n la Universidad Nacional del Litoral (UNL-Argentina), Universidad Nacional de Mar del Plata (UNMdP-Argentina),\u00a0 Universidad Nacional de Cuyo, (UNCuyo-Argentina), Universidad Nacional del Nordeste (UNE-Argentina), Universidad Nacional de Tucum\u00e1n (UNT-Argentina), Universidad Nacional de La Plata (UNLP-Argentina), Universidad Federal de Santa Mar\u00eda (UFSM-Brasil), Universidad Federal de Minas Gerais (UFMG-Brasil), Universidade Federal de Santa Catarina (UFSC-Brasil), Universidade Estadual de Campinas (UNICAMP-Brasil), Universidad Nacional de Asunci\u00f3n (UNA-Paraguay), Universidad de Chile (UChile-Chile), Universidad de Playa Ancha (UPLA-Chile); Universidad Nacional de C\u00f3rdoba (UNC-Argentina)y Universidad Nacional de Rosario (UNR-Argentina).<\/span><\/p>\n","protected":false},"excerpt":{"rendered":"<p>El 11 y 12 de noviembre en la Universidad Nacional del Litoral, Santa Fe, Argentina. <\/p>\n","protected":false},"author":1,"featured_media":5164,"comment_status":"closed","ping_status":"closed","sticky":false,"template":"","format":"standard","meta":{"footnotes":""},"categories":[48],"tags":[],"class_list":["post-5162","post","type-post","status-publish","format-standard","has-post-thumbnail","hentry","category-archivo-de-noticias"],"wpmagazine_modules_lite_featured_media_urls":{"thumbnail":["https:\/\/grupomontevideo.org\/site\/wp-content\/uploads\/2019\/07\/UNL-Literatura.jpg",150,84,false],"cvmm-medium":["https:\/\/grupomontevideo.org\/site\/wp-content\/uploads\/2019\/07\/UNL-Literatura.jpg",300,169,false],"cvmm-medium-plus":["https:\/\/grupomontevideo.org\/site\/wp-content\/uploads\/2019\/07\/UNL-Literatura.jpg",305,172,false],"cvmm-portrait":["https:\/\/grupomontevideo.org\/site\/wp-content\/uploads\/2019\/07\/UNL-Literatura.jpg",400,225,false],"cvmm-medium-square":["https:\/\/grupomontevideo.org\/site\/wp-content\/uploads\/2019\/07\/UNL-Literatura.jpg",600,338,false],"cvmm-large":["https:\/\/grupomontevideo.org\/site\/wp-content\/uploads\/2019\/07\/UNL-Literatura.jpg",1024,577,false],"cvmm-small":["https:\/\/grupomontevideo.org\/site\/wp-content\/uploads\/2019\/07\/UNL-Literatura.jpg",130,73,false],"full":["https:\/\/grupomontevideo.org\/site\/wp-content\/uploads\/2019\/07\/UNL-Literatura.jpg",2000,1126,false]},"categories_names":{"48":{"name":"Archivo de noticias","link":"https:\/\/grupomontevideo.org\/site\/category\/archivo-de-noticias\/"}},"tags_names":[],"comments_number":"0","_links":{"self":[{"href":"https:\/\/grupomontevideo.org\/site\/wp-json\/wp\/v2\/posts\/5162","targetHints":{"allow":["GET"]}}],"collection":[{"href":"https:\/\/grupomontevideo.org\/site\/wp-json\/wp\/v2\/posts"}],"about":[{"href":"https:\/\/grupomontevideo.org\/site\/wp-json\/wp\/v2\/types\/post"}],"author":[{"embeddable":true,"href":"https:\/\/grupomontevideo.org\/site\/wp-json\/wp\/v2\/users\/1"}],"replies":[{"embeddable":true,"href":"https:\/\/grupomontevideo.org\/site\/wp-json\/wp\/v2\/comments?post=5162"}],"version-history":[{"count":1,"href":"https:\/\/grupomontevideo.org\/site\/wp-json\/wp\/v2\/posts\/5162\/revisions"}],"predecessor-version":[{"id":15807,"href":"https:\/\/grupomontevideo.org\/site\/wp-json\/wp\/v2\/posts\/5162\/revisions\/15807"}],"wp:featuredmedia":[{"embeddable":true,"href":"https:\/\/grupomontevideo.org\/site\/wp-json\/wp\/v2\/media\/5164"}],"wp:attachment":[{"href":"https:\/\/grupomontevideo.org\/site\/wp-json\/wp\/v2\/media?parent=5162"}],"wp:term":[{"taxonomy":"category","embeddable":true,"href":"https:\/\/grupomontevideo.org\/site\/wp-json\/wp\/v2\/categories?post=5162"},{"taxonomy":"post_tag","embeddable":true,"href":"https:\/\/grupomontevideo.org\/site\/wp-json\/wp\/v2\/tags?post=5162"}],"curies":[{"name":"wp","href":"https:\/\/api.w.org\/{rel}","templated":true}]}}