{"id":515,"date":"2021-05-18T11:00:00","date_gmt":"2021-05-18T14:00:00","guid":{"rendered":"http:\/\/demo.mysterythemes.com\/news-portal\/?p=70"},"modified":"2022-11-07T15:20:49","modified_gmt":"2022-11-07T18:20:49","slug":"curso-internacional-de-grado-de-augm-buenas-practicas-en-la-cadena-productiva-de-hortalizas","status":"publish","type":"post","link":"https:\/\/grupomontevideo.org\/site\/curso-internacional-de-grado-de-augm-buenas-practicas-en-la-cadena-productiva-de-hortalizas\/","title":{"rendered":"Curso internacional de grado de AUGM: \u00abBuenas pr\u00e1cticas en la cadena productiva de hortalizas\u00bb"},"content":{"rendered":"\n<h2 class=\"wp-block-heading\">Es la tercera edici\u00f3n de esta EVI que lleva adelante el Comit\u00e9 Acad\u00e9mico Agroalimentario de la red.<\/h2>\n\n\n\n<p>El <a href=\"http:\/\/grupomontevideo.org\/ndca\/caagroalimentario\/\">Comit\u00e9 Acad\u00e9mico Agroalimentario<\/a> de la Asociaci\u00f3n de Universidades Grupo Montevideo (AUGM) abri\u00f3 la convocatoria para la tercera <strong>edici\u00f3n de la Escuela Verano \u2013 Invierno \u00ab<em>Buenas pr\u00e1cticas en la cadena productiva de hortalizas<\/em>\u00ab<\/strong>, propuesta de formaci\u00f3n con especialistas de la regi\u00f3n destinada a <strong>estudiantes de grado que est\u00e9n cursando o hayan cursado los dos \u00faltimos a\u00f1os de la carrera de Agronom\u00eda, Ingenier\u00eda Agron\u00f3mica o equivalente,<\/strong> seg\u00fan la denominaci\u00f3n que tenga en las Universidades Miembro de la red.<\/p>\n\n\n\n<p>Entre los <strong>objetivos de la propuesta est\u00e1 analizar las buenas pr\u00e1cticas en los diferentes eslabones de la cadena productiva de hortalizas a fin de gestionar la aplicaci\u00f3n de tecnolog\u00edas y manejos de bajo impacto ambiental, articulando sistemas sustentables que ofrezcan alimentos inocuos para la salud<\/strong>; brindar conocimientos actuales referentes al sistema hort\u00edcola a fin de minimizar las p\u00e9rdidas y mejorar la inocuidad durante la cadena de producci\u00f3n-distribuci\u00f3n; y desarrollar criterios y habilidades para resolver situaciones nuevas o distintas en los diferentes \u00e1mbitos donde pueda desarrollarse el futuro profesional.<\/p>\n\n\n\n<p>\u00ab<em>El desaf\u00edo es producir hortalizas de una manera m\u00e1s sustentable, teniendo en cuenta aspectos de rentabilidad, manejo adecuado de los recursos naturales y ofrecer a los consumidores alimentos frescos saludables, de manera econ\u00f3mica y socialmente viables. La investigaci\u00f3n y la aplicaci\u00f3n pr\u00e1ctica son permanentes en las Ciencias Agrarias y los futuros profesionales deben formarse integralmente para manejar los sistemas productivos m\u00e1s complejos como son los hort\u00edcolas\u00bb,<\/em> explica la propuesta.<\/p>\n\n\n\n<p>LA EVI se llevar\u00e1 a cabo a trav\u00e9s del <strong>Campus Virtual de la Facultad de Ciencias Agrarias de la Universidad Nacional de Rosario<\/strong>, y cuenta con una carga horaria total de 30 horas. <strong>Las inscripciones se llevar\u00e1n a cabo durante todo junio<\/strong> y la EVI dar\u00e1 inicio en la ultima semana de julio, y se extender\u00e1 durante todo agosto.<\/p>\n\n\n\n<p>Adem\u00e1s de docentes de la UNR (Argentina), las diferentes unidades las dictar\u00e1n docentes e investigadores de la Universidad Nacional del Nordeste (Argentina), Universidade Federal de Santa Catarina (Brasil), Universidad Nacional de Asunci\u00f3n (Paraguay), y Universidad de la Rep\u00fablica (Uruguay).<\/p>\n\n\n\n<hr class=\"wp-block-separator has-alpha-channel-opacity\"\/>\n\n\n\n<p><strong><a href=\"https:\/\/grupomontevideo.org\/site\/wp-content\/uploads\/2022\/05\/Formulario-EVI-UNR-2022.docx.pdf\">Vea m\u00e1s detalles de la EVI, como contenidos, evaluaciones, docentes y bibliograf\u00eda, aqu\u00ed&nbsp;<\/a><\/strong><\/p>\n\n\n\n<p><strong>Contacto : escuelaaugmca@gmail.com<\/strong><\/p>\n\n\n\n<hr class=\"wp-block-separator has-alpha-channel-opacity\"\/>\n\n\n<div class=\"wp-block-image\">\n<figure class=\"aligncenter\"><img fetchpriority=\"high\" decoding=\"async\" width=\"974\" height=\"1553\" src=\"https:\/\/grupomontevideo.org\/site\/wp-content\/uploads\/2022\/05\/FlyerAUGM2022.png\" alt=\"\" class=\"wp-image-14876\"\/><\/figure>\n<\/div>","protected":false},"excerpt":{"rendered":"<p>Es la tercera edici\u00f3n de esta EVI que lleva adelante el Comit\u00e9 Acad\u00e9mico Agroalimentario de la red. <\/p>\n","protected":false},"author":1,"featured_media":1119,"comment_status":"open","ping_status":"open","sticky":false,"template":"","format":"standard","meta":{"footnotes":""},"categories":[48],"tags":[38,39,41],"class_list":["post-515","post","type-post","status-publish","format-standard","has-post-thumbnail","hentry","category-archivo-de-noticias","tag-good-health","tag-lifestyle","tag-travel"],"wpmagazine_modules_lite_featured_media_urls":{"thumbnail":["https:\/\/grupomontevideo.org\/site\/wp-content\/uploads\/2021\/05\/pexels-ricardo-ortiz-6584102.jpg",150,100,false],"cvmm-medium":["https:\/\/grupomontevideo.org\/site\/wp-content\/uploads\/2021\/05\/pexels-ricardo-ortiz-6584102.jpg",300,200,false],"cvmm-medium-plus":["https:\/\/grupomontevideo.org\/site\/wp-content\/uploads\/2021\/05\/pexels-ricardo-ortiz-6584102.jpg",305,203,false],"cvmm-portrait":["https:\/\/grupomontevideo.org\/site\/wp-content\/uploads\/2021\/05\/pexels-ricardo-ortiz-6584102.jpg",400,267,false],"cvmm-medium-square":["https:\/\/grupomontevideo.org\/site\/wp-content\/uploads\/2021\/05\/pexels-ricardo-ortiz-6584102.jpg",600,400,false],"cvmm-large":["https:\/\/grupomontevideo.org\/site\/wp-content\/uploads\/2021\/05\/pexels-ricardo-ortiz-6584102.jpg",1024,683,false],"cvmm-small":["https:\/\/grupomontevideo.org\/site\/wp-content\/uploads\/2021\/05\/pexels-ricardo-ortiz-6584102.jpg",130,87,false],"full":["https:\/\/grupomontevideo.org\/site\/wp-content\/uploads\/2021\/05\/pexels-ricardo-ortiz-6584102.jpg",5472,3648,false]},"categories_names":{"48":{"name":"Archivo de noticias","link":"https:\/\/grupomontevideo.org\/site\/category\/archivo-de-noticias\/"}},"tags_names":{"38":{"name":"Good Health","link":"https:\/\/grupomontevideo.org\/site\/tag\/good-health\/"},"39":{"name":"Lifestyle","link":"https:\/\/grupomontevideo.org\/site\/tag\/lifestyle\/"},"41":{"name":"Travel","link":"https:\/\/grupomontevideo.org\/site\/tag\/travel\/"}},"comments_number":"0","_links":{"self":[{"href":"https:\/\/grupomontevideo.org\/site\/wp-json\/wp\/v2\/posts\/515","targetHints":{"allow":["GET"]}}],"collection":[{"href":"https:\/\/grupomontevideo.org\/site\/wp-json\/wp\/v2\/posts"}],"about":[{"href":"https:\/\/grupomontevideo.org\/site\/wp-json\/wp\/v2\/types\/post"}],"author":[{"embeddable":true,"href":"https:\/\/grupomontevideo.org\/site\/wp-json\/wp\/v2\/users\/1"}],"replies":[{"embeddable":true,"href":"https:\/\/grupomontevideo.org\/site\/wp-json\/wp\/v2\/comments?post=515"}],"version-history":[{"count":4,"href":"https:\/\/grupomontevideo.org\/site\/wp-json\/wp\/v2\/posts\/515\/revisions"}],"predecessor-version":[{"id":1121,"href":"https:\/\/grupomontevideo.org\/site\/wp-json\/wp\/v2\/posts\/515\/revisions\/1121"}],"wp:featuredmedia":[{"embeddable":true,"href":"https:\/\/grupomontevideo.org\/site\/wp-json\/wp\/v2\/media\/1119"}],"wp:attachment":[{"href":"https:\/\/grupomontevideo.org\/site\/wp-json\/wp\/v2\/media?parent=515"}],"wp:term":[{"taxonomy":"category","embeddable":true,"href":"https:\/\/grupomontevideo.org\/site\/wp-json\/wp\/v2\/categories?post=515"},{"taxonomy":"post_tag","embeddable":true,"href":"https:\/\/grupomontevideo.org\/site\/wp-json\/wp\/v2\/tags?post=515"}],"curies":[{"name":"wp","href":"https:\/\/api.w.org\/{rel}","templated":true}]}}