{"id":512,"date":"2022-06-10T10:15:00","date_gmt":"2022-06-10T10:15:00","guid":{"rendered":"http:\/\/demo.mysterythemes.com\/news-portal\/?p=67"},"modified":"2022-11-07T15:18:10","modified_gmt":"2022-11-07T18:18:10","slug":"reunion-anual-y-encuentro-academico-internacional-del-comite-academico-historia-regiones-y-fronteras-2022","status":"publish","type":"post","link":"https:\/\/grupomontevideo.org\/site\/reunion-anual-y-encuentro-academico-internacional-del-comite-academico-historia-regiones-y-fronteras-2022\/","title":{"rendered":"Reuni\u00f3n Anual y Encuentro Acad\u00e9mico Internacional del Comit\u00e9 Acad\u00e9mico Historia, Regiones y Fronteras"},"content":{"rendered":"\n<h2 class=\"wp-block-heading\">Convocatoria a presentaci\u00f3n de trabajos<\/h2>\n\n\n\n<p>El<strong> Comit\u00e9 Acad\u00e9mico Historia, Regiones y Fronteras de la Asociaci\u00f3n de Universidades Grupo Montevideo<\/strong> (AUGM) convoca a <strong>XII Reuni\u00f3n Anual y Encuentro Acad\u00e9mico Internacional<\/strong> a realizarse durante los d\u00edas <strong>10, 11 y 12 de agosto de 2022<\/strong>, en la sede de la Carrera de Historia de la Facultad de Humanidades y Ciencias de la Educaci\u00f3n, Universidad Mayor de San Andr\u00e9s, Bolivia, con especial dedicaci\u00f3n a la valorizaci\u00f3n del \u00e1rea de las Humanidades.<\/p>\n\n\n\n<p>En la XII Reuni\u00f3n del CAHRF s<strong>e podr\u00e1n presentar avances y\/o resultados de investigaciones<\/strong> en los siguientes ejes tem\u00e1ticos:<\/p>\n\n\n\n<ol class=\"wp-block-list\"><li>El proceso de construcci\u00f3n del Estado y la naci\u00f3n. Desarrollos pol\u00edtico-institucionales.<\/li><li>El proceso de construcci\u00f3n del Estado y la naci\u00f3n. Econom\u00eda y sociedad<\/li><li>Mundo del Trabajo y Movimientos Sociales.<\/li><li>Historia de los ind\u00edgenas y afrodescendientes.<\/li><li>G\u00e9nero, feminismos e historia.<\/li><li>Historia ambiental<\/li><\/ol>\n\n\n\n<p>A partir de estos ejes tem\u00e1ticos mencionados se organizar\u00e1n mesas de trabajo que contar\u00e1n con coordinadores y comentaristas.<\/p>\n\n\n\n<p><strong>Destinatarios y modalidad<\/strong><\/p>\n\n\n\n<p>Podr\u00e1n participar de este encuentro los investigadores, docentes, estudiantes de pregrado y posgrado, y becarios de investigaci\u00f3n de las Universidades de los pa\u00edses que integran AUGM y los invitados especiales. La modalidad ser\u00e1 mixta, con participaci\u00f3n presencial de docentes y estudiantes de la UMSA y participaci\u00f3n virtual para las otras universidades.<\/p>\n\n\n\n<p><strong>Fecha l\u00edmite para el env\u00edo de res\u00famenes: 15 de junio<\/strong><\/p>\n\n\n\n<p>Las propuestas ser\u00e1n evaluadas por el comit\u00e9 organizador local bajo la supervisi\u00f3n del Comit\u00e9 Cient\u00edfico. La notificaci\u00f3n de los resultados de la evaluaci\u00f3n ser\u00e1 comunicada a las\/los autores hasta el d\u00eda 5 julio<\/p>\n\n\n\n<p><strong>Fecha de env\u00edo de los trabajos: 1 agosto<\/strong><\/p>\n\n\n\n<p>Se aceptar\u00e1 un m\u00e1ximo de 15 trabajos por cada eje tem\u00e1tico.<\/p>\n\n\n\n<p>Ser\u00e1n enviados a la direcci\u00f3n de correo: xiireunionanualmontevideo@gmail.com con copia a<\/p>\n\n\n\n<p>marialuisasoux@gmail.com<\/p>\n","protected":false},"excerpt":{"rendered":"<p>Convocatoria a presentaci\u00f3n de trabajos<\/p>\n","protected":false},"author":1,"featured_media":1107,"comment_status":"open","ping_status":"open","sticky":false,"template":"","format":"standard","meta":{"footnotes":""},"categories":[30],"tags":[],"class_list":["post-512","post","type-post","status-publish","format-standard","has-post-thumbnail","hentry","category-institucional"],"wpmagazine_modules_lite_featured_media_urls":{"thumbnail":["https:\/\/grupomontevideo.org\/site\/wp-content\/uploads\/2022\/06\/XII-reunion-anual-AUGM-Recorte-REDES-SOCIALESIII.png",150,62,false],"cvmm-medium":["https:\/\/grupomontevideo.org\/site\/wp-content\/uploads\/2022\/06\/XII-reunion-anual-AUGM-Recorte-REDES-SOCIALESIII.png",300,124,false],"cvmm-medium-plus":["https:\/\/grupomontevideo.org\/site\/wp-content\/uploads\/2022\/06\/XII-reunion-anual-AUGM-Recorte-REDES-SOCIALESIII.png",305,126,false],"cvmm-portrait":["https:\/\/grupomontevideo.org\/site\/wp-content\/uploads\/2022\/06\/XII-reunion-anual-AUGM-Recorte-REDES-SOCIALESIII.png",400,165,false],"cvmm-medium-square":["https:\/\/grupomontevideo.org\/site\/wp-content\/uploads\/2022\/06\/XII-reunion-anual-AUGM-Recorte-REDES-SOCIALESIII.png",600,248,false],"cvmm-large":["https:\/\/grupomontevideo.org\/site\/wp-content\/uploads\/2022\/06\/XII-reunion-anual-AUGM-Recorte-REDES-SOCIALESIII.png",1024,423,false],"cvmm-small":["https:\/\/grupomontevideo.org\/site\/wp-content\/uploads\/2022\/06\/XII-reunion-anual-AUGM-Recorte-REDES-SOCIALESIII.png",130,54,false],"full":["https:\/\/grupomontevideo.org\/site\/wp-content\/uploads\/2022\/06\/XII-reunion-anual-AUGM-Recorte-REDES-SOCIALESIII.png",1538,636,false]},"categories_names":{"30":{"name":"Institucional","link":"https:\/\/grupomontevideo.org\/site\/category\/institucional\/"}},"tags_names":[],"comments_number":"0","_links":{"self":[{"href":"https:\/\/grupomontevideo.org\/site\/wp-json\/wp\/v2\/posts\/512","targetHints":{"allow":["GET"]}}],"collection":[{"href":"https:\/\/grupomontevideo.org\/site\/wp-json\/wp\/v2\/posts"}],"about":[{"href":"https:\/\/grupomontevideo.org\/site\/wp-json\/wp\/v2\/types\/post"}],"author":[{"embeddable":true,"href":"https:\/\/grupomontevideo.org\/site\/wp-json\/wp\/v2\/users\/1"}],"replies":[{"embeddable":true,"href":"https:\/\/grupomontevideo.org\/site\/wp-json\/wp\/v2\/comments?post=512"}],"version-history":[{"count":4,"href":"https:\/\/grupomontevideo.org\/site\/wp-json\/wp\/v2\/posts\/512\/revisions"}],"predecessor-version":[{"id":1108,"href":"https:\/\/grupomontevideo.org\/site\/wp-json\/wp\/v2\/posts\/512\/revisions\/1108"}],"wp:featuredmedia":[{"embeddable":true,"href":"https:\/\/grupomontevideo.org\/site\/wp-json\/wp\/v2\/media\/1107"}],"wp:attachment":[{"href":"https:\/\/grupomontevideo.org\/site\/wp-json\/wp\/v2\/media?parent=512"}],"wp:term":[{"taxonomy":"category","embeddable":true,"href":"https:\/\/grupomontevideo.org\/site\/wp-json\/wp\/v2\/categories?post=512"},{"taxonomy":"post_tag","embeddable":true,"href":"https:\/\/grupomontevideo.org\/site\/wp-json\/wp\/v2\/tags?post=512"}],"curies":[{"name":"wp","href":"https:\/\/api.w.org\/{rel}","templated":true}]}}