{"id":4788,"date":"2019-04-01T15:09:35","date_gmt":"2019-04-01T15:09:35","guid":{"rendered":"http:\/\/grupomontevideo.org\/sitio\/?post_type=noticias&#038;p=4788"},"modified":"2022-06-22T16:42:23","modified_gmt":"2022-06-22T16:42:23","slug":"unifesp-se-suma-como-institucion-numero-38-de-augm","status":"publish","type":"post","link":"https:\/\/grupomontevideo.org\/site\/unifesp-se-suma-como-institucion-numero-38-de-augm\/","title":{"rendered":"UNIFESP se suma como instituci\u00f3n n\u00famero 38 de AUGM"},"content":{"rendered":"<p style=\"text-align: justify;\"><span style=\"font-weight: 400;\">Desde este lunes primero de abril y en el marco de las celebraciones por sus 25 a\u00f1os, la <strong>Universidade Federal de S\u00e3o Paulo (UNIFESP) es oficialmente una instituci\u00f3n miembro de la Asociaci\u00f3n de Universidades Grupo Montevideo<\/strong> (AUGM). Se trata de la universidad p\u00fablica, aut\u00f3noma y autogobernada n\u00famero 38 que forma parte de este espacio acad\u00e9mico com\u00fan ampliado.<\/span><\/p>\n<p style=\"text-align: justify;\"><strong>La rectora de la UNIFESP, Soraya Soubhi Smaili, participar\u00e1 del <a href=\"http:\/\/grupomontevideo.org\/sitio\/noticias\/primera-reunion-del-consejo-de-rectores\/\">primer Consejo de Rectores del 2019 <\/a><\/strong><strong>que tendr\u00e1 lugar el nueve de abril en la Universidade Federal do Rio Grande do Sul.<\/strong> Su delegada asesora, Gabriela de Brel\u00e0z, iniciar\u00e1 sus actividades, por su parte, en la<a href=\"http:\/\/grupomontevideo.org\/sitio\/noticias\/primera-reunion-de-delegados-asesores-2019\/\"> reuni\u00f3n de Delegados Asesores<\/a> de la pr\u00f3xima semana en la Universidad Federal de Santa Mar\u00eda.<\/p>\n<p style=\"text-align: justify;\"><span style=\"font-weight: 400;\">La <a href=\"http:\/\/grupomontevideo.org\/sitio\/noticias\/la-universidade-federal-de-sao-paulo-fue-invitada-a-formar-parte-de-augm\/\">UNIFESP fue invitada a formar parte del Grupo Montevideo en enero de este a\u00f1o<\/a>. El secretario ejecutivo de AUGM, \u00c1lvaro Maglia, visit\u00f3 el Edificio de Rector\u00eda de la Universidad el 15 de ese mes y se reuni\u00f3 con el vicerrector Nelson Sass, quien particip\u00f3 de la instancia en representaci\u00f3n de la rectora Soraya Soubhi Smaili.<\/span><\/p>\n<p style=\"text-align: justify;\"><span style=\"font-weight: 400;\"><strong>Reconocida como instituci\u00f3n especializada en las ciencias de la salud, UNIFESP es responsable de la formaci\u00f3n de recursos humanos calificados y del desarrollo de la investigaci\u00f3n cient\u00edfica<\/strong>. Su n\u00facleo de origen es la Escuela Paulista de Medicina, cuya fundaci\u00f3n se remonta a 1933. Con la promulgaci\u00f3n de la ley n\u00ba 8.957, en 1994, la EPM transform\u00f3 en la universidad federal, manteniendo los cursos impartidos en las \u00e1reas de Medicina, Enfermer\u00eda, Ciencias Biol\u00f3gicas (modalidad m\u00e9dica), Fonoaudiolog\u00eda y Tecnolog\u00eda Oft\u00e1lmica, que hoy integra las Tecnolog\u00edas en Salud.<\/span><\/p>\n<p style=\"text-align: justify;\"><span style=\"font-weight: 400;\">En el plano de la internacionalizaci\u00f3n, la UNIFESP -como signataria de importantes convenios de cooperaci\u00f3n internacional- promueve el intercambio de estudiantes y docentes y participa en redes colaborativas de investigaci\u00f3n.<\/span><\/p>\n","protected":false},"excerpt":{"rendered":"<p>Esta universidad de S\u00e3o Paulo es reconocida por su especialidad en las ciencias de la salud<\/p>\n","protected":false},"author":1,"featured_media":4789,"comment_status":"closed","ping_status":"closed","sticky":false,"template":"","format":"standard","meta":{"footnotes":""},"categories":[48],"tags":[],"class_list":["post-4788","post","type-post","status-publish","format-standard","has-post-thumbnail","hentry","category-archivo-de-noticias"],"wpmagazine_modules_lite_featured_media_urls":{"thumbnail":["https:\/\/grupomontevideo.org\/site\/wp-content\/uploads\/2019\/04\/UNIFESP-Folha-Hoje.jpg",150,100,false],"cvmm-medium":["https:\/\/grupomontevideo.org\/site\/wp-content\/uploads\/2019\/04\/UNIFESP-Folha-Hoje.jpg",300,200,false],"cvmm-medium-plus":["https:\/\/grupomontevideo.org\/site\/wp-content\/uploads\/2019\/04\/UNIFESP-Folha-Hoje.jpg",305,203,false],"cvmm-portrait":["https:\/\/grupomontevideo.org\/site\/wp-content\/uploads\/2019\/04\/UNIFESP-Folha-Hoje.jpg",400,267,false],"cvmm-medium-square":["https:\/\/grupomontevideo.org\/site\/wp-content\/uploads\/2019\/04\/UNIFESP-Folha-Hoje.jpg",600,400,false],"cvmm-large":["https:\/\/grupomontevideo.org\/site\/wp-content\/uploads\/2019\/04\/UNIFESP-Folha-Hoje.jpg",750,500,false],"cvmm-small":["https:\/\/grupomontevideo.org\/site\/wp-content\/uploads\/2019\/04\/UNIFESP-Folha-Hoje.jpg",130,87,false],"full":["https:\/\/grupomontevideo.org\/site\/wp-content\/uploads\/2019\/04\/UNIFESP-Folha-Hoje.jpg",750,500,false]},"categories_names":{"48":{"name":"Archivo de noticias","link":"https:\/\/grupomontevideo.org\/site\/category\/archivo-de-noticias\/"}},"tags_names":[],"comments_number":"0","_links":{"self":[{"href":"https:\/\/grupomontevideo.org\/site\/wp-json\/wp\/v2\/posts\/4788","targetHints":{"allow":["GET"]}}],"collection":[{"href":"https:\/\/grupomontevideo.org\/site\/wp-json\/wp\/v2\/posts"}],"about":[{"href":"https:\/\/grupomontevideo.org\/site\/wp-json\/wp\/v2\/types\/post"}],"author":[{"embeddable":true,"href":"https:\/\/grupomontevideo.org\/site\/wp-json\/wp\/v2\/users\/1"}],"replies":[{"embeddable":true,"href":"https:\/\/grupomontevideo.org\/site\/wp-json\/wp\/v2\/comments?post=4788"}],"version-history":[{"count":1,"href":"https:\/\/grupomontevideo.org\/site\/wp-json\/wp\/v2\/posts\/4788\/revisions"}],"predecessor-version":[{"id":15848,"href":"https:\/\/grupomontevideo.org\/site\/wp-json\/wp\/v2\/posts\/4788\/revisions\/15848"}],"wp:featuredmedia":[{"embeddable":true,"href":"https:\/\/grupomontevideo.org\/site\/wp-json\/wp\/v2\/media\/4789"}],"wp:attachment":[{"href":"https:\/\/grupomontevideo.org\/site\/wp-json\/wp\/v2\/media?parent=4788"}],"wp:term":[{"taxonomy":"category","embeddable":true,"href":"https:\/\/grupomontevideo.org\/site\/wp-json\/wp\/v2\/categories?post=4788"},{"taxonomy":"post_tag","embeddable":true,"href":"https:\/\/grupomontevideo.org\/site\/wp-json\/wp\/v2\/tags?post=4788"}],"curies":[{"name":"wp","href":"https:\/\/api.w.org\/{rel}","templated":true}]}}