{"id":4781,"date":"2019-03-29T18:39:30","date_gmt":"2019-03-29T18:39:30","guid":{"rendered":"http:\/\/grupomontevideo.org\/sitio\/?post_type=noticias&#038;p=4781"},"modified":"2022-06-22T16:42:24","modified_gmt":"2022-06-22T16:42:24","slug":"congreso-aguas-ambiente-y-energias-2019","status":"publish","type":"post","link":"https:\/\/grupomontevideo.org\/site\/congreso-aguas-ambiente-y-energias-2019\/","title":{"rendered":"Presentaciones completas: II Congreso Agua, Ambiente y Energ\u00eda"},"content":{"rendered":"<p style=\"text-align: justify;\">El II Congreso Agua, Ambiente y Energ\u00eda de la Asociaci\u00f3n de Universidades Grupo Montevideo (AUGM) reuni\u00f3 a m\u00e1s de 250 personas en la Facultad de Ingenier\u00eda de la Unviersidad de la Rep\u00fablica (Udelar, Uruguay), donde 79 trabajos cient\u00edficos de las universidades de la regi\u00f3n se presentaron del 25 al 27 de setiembre bajo el t\u00edtulo \u201c<em><strong>Las universidades (p\u00fablicas) frente a las transiciones en nuestra regi\u00f3n\u00bb.<\/strong><\/em><\/p>\n<p style=\"text-align: justify;\">En este espacio, los y las acad\u00e9micos que participaron del Congreso abordaron los procesos que las funciones universitarias est\u00e1n atravesando frente a los enormes desaf\u00edos econ\u00f3micos, sociales y ambientales que experimenta el espacio territorial cubierto por la AUGM y expusieron los diagn\u00f3sticos y soluciones que las universidades p\u00fablicas de la regi\u00f3n est\u00e1n construyendo sobre temas como energ\u00edas renovables, calidad de las aguas, cambio clim\u00e1tico, entre otros tantos.<\/p>\n<p style=\"text-align: justify;\"><strong>Vea los <a href=\"https:\/\/www.fing.edu.uy\/imfia\/congresos\/caae\/trabajos\/\">trabajos presentados en el sitio del evento<\/a> y las <a href=\"https:\/\/www.youtube.com\/channel\/UCOA7YrCkC4CNmsvE28k4nTg\">presentaciones completas aqu\u00ed (seleccione su tema de inter\u00e9s en la descripci\u00f3n del video)<\/a><\/strong><\/p>\n<p style=\"text-align: justify;\">La apertura del Congreso estuvo en manos de <strong>Mar\u00eda Sim\u00f3n<\/strong>, decana de la facultad anfitriona, quien destac\u00f3 la \u00ab<em>importancia del tema<\/em>\u00bb y las\u00a0 \u00ab<em>excelentes ponencias<\/em>\u00bb que fueron presentadas a este evento y que abordan temas \u00ab<em>extremadamente sensibles<\/em>\u00ab, que nos cuestiona sobre <em>\u00abqu\u00e9 acciones tomar para convivir con el entorno<\/em>\u00ab.<\/p>\n<p style=\"text-align: justify;\">Destac\u00f3, adem\u00e1s, que este encuentro sea realizado por AUGM, red de universidades que \u00ab<em>consideramos amigas y compa\u00f1eras de camino\u00bb<\/em>. \u00ab<em>Este Grupo al que se han ido sumando universidades de la regi\u00f3n, tiene una gran comunidad de designios y principios\u00bb, <\/em>dijo, pero tambi\u00e9n comparten \u00ab<em>desaf\u00edos comunes, riquezas muy grandes comunes y una preocupaci\u00f3n por lo que viene<\/em>\u00ab.<\/p>\n<p style=\"text-align: justify;\">Tambi\u00e9n estuvo presente durante la apertura <strong>Ger\u00f3nimo Laviosa<\/strong>, rector de la Universidad Nacional del Este y presidente de AUGM. En su participaci\u00f3n se refiri\u00f3 al rol de AUGM en la Educaci\u00f3n Superior del continente y del mundo y destac\u00f3 particularmente los compromisos asumidos durante la Conferencia Regional de Educaci\u00f3n Superior 2018, den cuyo Plan de Acci\u00f3n las universidades se comprometieron a realizar aportes al desarrollo sostenible.<\/p>\n<blockquote>\n<p style=\"text-align: justify;\">\u00ab<em>Estamos en el momento de la posverdad y todos los sistemas de informaci\u00f3n que tenemos van fortaleciendo eso. Sin embargo, nosotros acad\u00e9micos y las universidades podemos tomar un rol fundamental para cambiarlo. Pero tenemos que ser convincentes en lo que la ciencia es capaz de hacer y lo que los acad\u00e9micos est\u00e1n aportando para derribar esa posverdad que se est\u00e1 creando en el mundo<\/em>\u00ab, dijo<\/p>\n<\/blockquote>\n","protected":false},"excerpt":{"rendered":"<p>Del 25 al 27 de setiembre en Montevideo, Uruguay. Vea los trabajos y las presentaciones orales<\/p>\n","protected":false},"author":1,"featured_media":5442,"comment_status":"closed","ping_status":"closed","sticky":false,"template":"","format":"standard","meta":{"footnotes":""},"categories":[48],"tags":[],"class_list":["post-4781","post","type-post","status-publish","format-standard","has-post-thumbnail","hentry","category-archivo-de-noticias"],"wpmagazine_modules_lite_featured_media_urls":{"thumbnail":["https:\/\/grupomontevideo.org\/site\/wp-content\/uploads\/2019\/03\/CAAE-Inauguracion.jpg",150,92,false],"cvmm-medium":["https:\/\/grupomontevideo.org\/site\/wp-content\/uploads\/2019\/03\/CAAE-Inauguracion.jpg",300,184,false],"cvmm-medium-plus":["https:\/\/grupomontevideo.org\/site\/wp-content\/uploads\/2019\/03\/CAAE-Inauguracion.jpg",305,187,false],"cvmm-portrait":["https:\/\/grupomontevideo.org\/site\/wp-content\/uploads\/2019\/03\/CAAE-Inauguracion.jpg",400,245,false],"cvmm-medium-square":["https:\/\/grupomontevideo.org\/site\/wp-content\/uploads\/2019\/03\/CAAE-Inauguracion.jpg",600,368,false],"cvmm-large":["https:\/\/grupomontevideo.org\/site\/wp-content\/uploads\/2019\/03\/CAAE-Inauguracion.jpg",1024,627,false],"cvmm-small":["https:\/\/grupomontevideo.org\/site\/wp-content\/uploads\/2019\/03\/CAAE-Inauguracion.jpg",130,80,false],"full":["https:\/\/grupomontevideo.org\/site\/wp-content\/uploads\/2019\/03\/CAAE-Inauguracion.jpg",4760,2916,false]},"categories_names":{"48":{"name":"Archivo de noticias","link":"https:\/\/grupomontevideo.org\/site\/category\/archivo-de-noticias\/"}},"tags_names":[],"comments_number":"0","_links":{"self":[{"href":"https:\/\/grupomontevideo.org\/site\/wp-json\/wp\/v2\/posts\/4781","targetHints":{"allow":["GET"]}}],"collection":[{"href":"https:\/\/grupomontevideo.org\/site\/wp-json\/wp\/v2\/posts"}],"about":[{"href":"https:\/\/grupomontevideo.org\/site\/wp-json\/wp\/v2\/types\/post"}],"author":[{"embeddable":true,"href":"https:\/\/grupomontevideo.org\/site\/wp-json\/wp\/v2\/users\/1"}],"replies":[{"embeddable":true,"href":"https:\/\/grupomontevideo.org\/site\/wp-json\/wp\/v2\/comments?post=4781"}],"version-history":[{"count":1,"href":"https:\/\/grupomontevideo.org\/site\/wp-json\/wp\/v2\/posts\/4781\/revisions"}],"predecessor-version":[{"id":15849,"href":"https:\/\/grupomontevideo.org\/site\/wp-json\/wp\/v2\/posts\/4781\/revisions\/15849"}],"wp:featuredmedia":[{"embeddable":true,"href":"https:\/\/grupomontevideo.org\/site\/wp-json\/wp\/v2\/media\/5442"}],"wp:attachment":[{"href":"https:\/\/grupomontevideo.org\/site\/wp-json\/wp\/v2\/media?parent=4781"}],"wp:term":[{"taxonomy":"category","embeddable":true,"href":"https:\/\/grupomontevideo.org\/site\/wp-json\/wp\/v2\/categories?post=4781"},{"taxonomy":"post_tag","embeddable":true,"href":"https:\/\/grupomontevideo.org\/site\/wp-json\/wp\/v2\/tags?post=4781"}],"curies":[{"name":"wp","href":"https:\/\/api.w.org\/{rel}","templated":true}]}}