{"id":4771,"date":"2019-03-29T14:44:07","date_gmt":"2019-03-29T14:44:07","guid":{"rendered":"http:\/\/grupomontevideo.org\/sitio\/?post_type=noticias&#038;p=4771"},"modified":"2022-06-22T16:42:24","modified_gmt":"2022-06-22T16:42:24","slug":"estudiantes-de-economia-de-la-une-presentaron-investigacion-sobre-indice-de-precios-al-consumidor","status":"publish","type":"post","link":"https:\/\/grupomontevideo.org\/site\/estudiantes-de-economia-de-la-une-presentaron-investigacion-sobre-indice-de-precios-al-consumidor\/","title":{"rendered":"Estudiantes de Econom\u00eda de la UNE presentaron investigaci\u00f3n sobre Indice de Precios al Consumidor"},"content":{"rendered":"<p style=\"text-align: justify;\">Un grupo de estudiantes de la Facultad de Ciencias Econ\u00f3micas de la Universidad Nacional del Este (UNE, Paraguay) present\u00f3 una investigaci\u00f3n sobre los \u00edtems de la canasta b\u00e1sica que conforman el \u00cdndice de Precios al Consumidor (IPC). El proyecto es ejecutado por el Centro de Pesquisas Econ\u00f4micas e Aplicadas (CEPECON) y la Facultad de Ciencias Econ\u00f3micas (UNE),\u00a0 en el marco de un convenio entre la Universidad Federal de Integraci\u00f3n Latinoamericana (UNILA) y la Universidad Nacional del Este (UNE).<\/p>\n<p style=\"text-align: justify;\"><a href=\"https:\/\/grupomontevideo.org\/site\/wp-content\/uploads\/2019\/03\/WhatsApp-Image-2019-03-28-at-12.58.11.jpeg\"><img fetchpriority=\"high\" decoding=\"async\" class=\"alignleft  wp-image-4774\" src=\"https:\/\/grupomontevideo.org\/site\/wp-content\/uploads\/2019\/03\/WhatsApp-Image-2019-03-28-at-12.58.11.jpeg\" alt=\"\" width=\"202\" height=\"269\" \/><\/a>El objetivo de la investigaci\u00f3n es la realizaci\u00f3n del c\u00e1lculo mensual del \u00cdndice de \u00a0Precios al Consumidor (IPC) de los \u00edtems de la Canasta B\u00e1sica, contribuyendo de esa manera a que la poblaci\u00f3n acceda a la informaci\u00f3n acerca de las variaciones de precios de los productos comunes del presupuesto familiar. Con esta medici\u00f3n mensual, las familias pueden verificar qu\u00e9 productos estar\u00edan ocasionando el aumento de su canasta de consumo todos los meses.<\/p>\n<p style=\"text-align: justify;\">La canasta b\u00e1sica del consumo que se utiliz\u00f3 en esta investigaci\u00f3n, es aquella definida con base en la Encuesta de Presupuestos Familiares (EPF) del 2015\u20132016 del Banco Central del Paraguay, utilizado para calcular el IPC de la regi\u00f3n metropolitana y Asunci\u00f3n \u2013tasa de inflaci\u00f3n oficial. La poblaci\u00f3n objetivo que participa de esta medici\u00f3n est\u00e1 compuesta por familias residentes de las \u00e1reas urbanas.<\/p>\n<p style=\"text-align: justify;\">El cuerpo cient\u00edfico que realiza esta investigaci\u00f3n est\u00e1 integrado por el Dr. Henrique Kawuamura, Coordinador General de CEPECON; el Eco. Diego L\u00f3pez, egresado de la Facultad de Ciencias Econ\u00f3micas de la UNE y Coordinador IPC \u2013 CDE; y los estudiantes de la carrera de Econom\u00eda.<\/p>\n<p style=\"text-align: justify;\">La Facultad de Ciencias Econ\u00f3micas de la Universidad Nacional del Este, de esta manera, se convierte en la primera instituci\u00f3n, fuera del BCP, qu\u00e9 calcula la variaci\u00f3n de precios dentro del Paraguay. Tambi\u00e9n, este es el primer proyecto presentado a nivel internacional de dicha unidad acad\u00e9mica.<\/p>\n<p><strong>Fuente:\u00a0<\/strong><br \/>\n<strong>UNE<\/strong><\/p>\n","protected":false},"excerpt":{"rendered":"<p>Apunta a construir informaci\u00f3n acerca de las variaciones de precios de los productos comunes <\/p>\n","protected":false},"author":1,"featured_media":4773,"comment_status":"closed","ping_status":"closed","sticky":false,"template":"","format":"standard","meta":{"footnotes":""},"categories":[48],"tags":[],"class_list":["post-4771","post","type-post","status-publish","format-standard","has-post-thumbnail","hentry","category-archivo-de-noticias"],"wpmagazine_modules_lite_featured_media_urls":{"thumbnail":["https:\/\/grupomontevideo.org\/site\/wp-content\/uploads\/2019\/03\/WhatsApp-Image-2019-03-28-at-12.58.11-1.jpeg",150,113,false],"cvmm-medium":["https:\/\/grupomontevideo.org\/site\/wp-content\/uploads\/2019\/03\/WhatsApp-Image-2019-03-28-at-12.58.11-1.jpeg",300,225,false],"cvmm-medium-plus":["https:\/\/grupomontevideo.org\/site\/wp-content\/uploads\/2019\/03\/WhatsApp-Image-2019-03-28-at-12.58.11-1.jpeg",276,207,false],"cvmm-portrait":["https:\/\/grupomontevideo.org\/site\/wp-content\/uploads\/2019\/03\/WhatsApp-Image-2019-03-28-at-12.58.11-1.jpeg",400,300,false],"cvmm-medium-square":["https:\/\/grupomontevideo.org\/site\/wp-content\/uploads\/2019\/03\/WhatsApp-Image-2019-03-28-at-12.58.11-1.jpeg",600,450,false],"cvmm-large":["https:\/\/grupomontevideo.org\/site\/wp-content\/uploads\/2019\/03\/WhatsApp-Image-2019-03-28-at-12.58.11-1.jpeg",1024,768,false],"cvmm-small":["https:\/\/grupomontevideo.org\/site\/wp-content\/uploads\/2019\/03\/WhatsApp-Image-2019-03-28-at-12.58.11-1.jpeg",127,95,false],"full":["https:\/\/grupomontevideo.org\/site\/wp-content\/uploads\/2019\/03\/WhatsApp-Image-2019-03-28-at-12.58.11-1.jpeg",1080,810,false]},"categories_names":{"48":{"name":"Archivo de noticias","link":"https:\/\/grupomontevideo.org\/site\/category\/archivo-de-noticias\/"}},"tags_names":[],"comments_number":"0","_links":{"self":[{"href":"https:\/\/grupomontevideo.org\/site\/wp-json\/wp\/v2\/posts\/4771","targetHints":{"allow":["GET"]}}],"collection":[{"href":"https:\/\/grupomontevideo.org\/site\/wp-json\/wp\/v2\/posts"}],"about":[{"href":"https:\/\/grupomontevideo.org\/site\/wp-json\/wp\/v2\/types\/post"}],"author":[{"embeddable":true,"href":"https:\/\/grupomontevideo.org\/site\/wp-json\/wp\/v2\/users\/1"}],"replies":[{"embeddable":true,"href":"https:\/\/grupomontevideo.org\/site\/wp-json\/wp\/v2\/comments?post=4771"}],"version-history":[{"count":1,"href":"https:\/\/grupomontevideo.org\/site\/wp-json\/wp\/v2\/posts\/4771\/revisions"}],"predecessor-version":[{"id":15850,"href":"https:\/\/grupomontevideo.org\/site\/wp-json\/wp\/v2\/posts\/4771\/revisions\/15850"}],"wp:featuredmedia":[{"embeddable":true,"href":"https:\/\/grupomontevideo.org\/site\/wp-json\/wp\/v2\/media\/4773"}],"wp:attachment":[{"href":"https:\/\/grupomontevideo.org\/site\/wp-json\/wp\/v2\/media?parent=4771"}],"wp:term":[{"taxonomy":"category","embeddable":true,"href":"https:\/\/grupomontevideo.org\/site\/wp-json\/wp\/v2\/categories?post=4771"},{"taxonomy":"post_tag","embeddable":true,"href":"https:\/\/grupomontevideo.org\/site\/wp-json\/wp\/v2\/tags?post=4771"}],"curies":[{"name":"wp","href":"https:\/\/api.w.org\/{rel}","templated":true}]}}