{"id":4753,"date":"2019-03-27T17:47:58","date_gmt":"2019-03-27T17:47:58","guid":{"rendered":"http:\/\/grupomontevideo.org\/sitio\/?post_type=noticias&#038;p=4753"},"modified":"2022-06-22T16:42:25","modified_gmt":"2022-06-22T16:42:25","slug":"publicacion-historia-regiones-y-fronteras-cruces-teorico-metodologicos-experiencias-de-investigacion-y-estudios-de-caso","status":"publish","type":"post","link":"https:\/\/grupomontevideo.org\/site\/publicacion-historia-regiones-y-fronteras-cruces-teorico-metodologicos-experiencias-de-investigacion-y-estudios-de-caso\/","title":{"rendered":"Publicaci\u00f3n: Historia, regiones y fronteras: cruces te\u00f3rico-metodol\u00f3gicos, experiencias de investigaci\u00f3n y estudios de caso"},"content":{"rendered":"<p style=\"text-align: justify;\"><span style=\"font-weight: 400;\">El <strong>Comit\u00e9 Acad\u00e9mico Historia, Regiones y Fronteras de la Asociaci\u00f3n de Universidades Grupo Montevideo (AUGM) public\u00f3 los trabajos presentados en su <a href=\"http:\/\/grupomontevideo.org\/sitio\/noticias\/reunion-anual-y-encuentro-academico-internacional-del-comite-academico-de-historia-regiones-y-fronteras\/\">IX Reuni\u00f3n Anual<\/a><\/strong>, instancia en la Universidad Nacional del Litoral (UNL) donde se llev\u00f3 adelante el Encuentro Acad\u00e9mico Internacional en conmemoraci\u00f3n del centenario de la Reforma Universitaria de 1918.<\/span><\/p>\n<p><a href=\"http:\/\/www.fhuc.unl.edu.ar\/media\/investigacion\/publicaciones\/HISTORIA\/AUGM_Historias%20regiones%20y%20fronteras.pdf\"><strong>Vea el libro aqu\u00ed\u00a0<\/strong><\/a><\/p>\n<p style=\"text-align: justify;\">\u201c<b><i>Historia, regiones y fronteras: cruces te\u00f3rico-metodol\u00f3gicos, experiencias de investigaci\u00f3n y estudios de caso\u201d<\/i><\/b>, editado por la Facultad de Humanidades y Ciencias de la instituci\u00f3n sede, re\u00fane ponencias en torno a los ejes tem\u00e1ticos que constituyeron el Encuentro: El proceso de construcci\u00f3n del Estado y la naci\u00f3n; mundo del trabajo y movimientos sociales; historia de los ind\u00edgenas y afrodescendientes; historia comparada de Am\u00e9rica Latina; y Universidad, Estado y Sociedad: historias y actualidad.<\/p>\n<p style=\"text-align: justify;\"><strong>Estas son las quintas actas que re\u00fanen los trabajos presentados en los encuentros del\u00a0<\/strong><b>Comit\u00e9<\/b>. La primera fue en soporte papel, un volumen de 560 p\u00e1ginas editado por la Universidad Federal de Santa Mar\u00eda (UFSM, Brasil)en 2012. Posteriormente se editaron en soporte electr\u00f3nico los trabajos presentados en las reuniones de 2015 (tambi\u00e9n a cargo de la UFSM), 2016 (por la Universidad Nacional de Tucum\u00e1n, UNT), 2017 (tambi\u00e9n por la UNT) y 2018 (por la UNL).<\/p>\n<p style=\"text-align: justify;\"><span style=\"font-weight: 400;\">\u201c<\/span><i><span style=\"font-weight: 400;\">Para el Comit\u00e9 es muy importante difundir y dejar un registro de la producci\u00f3n cient\u00edfica elaborada por investigadores con la intenci\u00f3n de confrontarla con la de colegas de las universidades del Grupo Montevideo\u201d, <\/span><\/i><span style=\"font-weight: 400;\">dijo a Comunicaci\u00f3n AUGM el coordinador de esta agrupaci\u00f3n, Daniel Campi de la UNT, y agreg\u00f3: \u201c<\/span><i><span style=\"font-weight: 400;\"><strong>Las discusiones que tienen lugar en las sesiones (a veces inclusive con la participaci\u00f3n de comentaristas) son muy enriquecedoras, abren puertas para el dise\u00f1o de proyectos cooperativos y coadyuvan a un mejor conocimiento sobre l\u00edneas de investigaci\u00f3n, n\u00facleos de inter\u00e9s, enfoques y metodolog\u00edas<\/strong>\u201d.<\/span><\/i><\/p>\n<p style=\"text-align: justify;\"><span style=\"font-weight: 400;\">Con esta actividad, continu\u00f3 Campi,<strong> el Comit\u00e9 realiza un aporte de peso a la conformaci\u00f3n del Espacio Acad\u00e9mico Com\u00fan Ampliado, m\u00e1ximo objetivo de la AUGM, en la medida en que <\/strong><\/span><strong><i>\u201clos n\u00facleos tem\u00e1ticos privilegiados por el Comit\u00e9 facilitan aproximaciones comparadas y remiten a problem\u00e1ticas no s\u00f3lo comunes sino de gran relevancia y actualidad dentro del campo de las ciencias sociales<\/i><\/strong><span style=\"font-weight: 400;\">\u201d.<\/span><\/p>\n<p style=\"text-align: justify;\">Actualmente el Comit\u00e9 Historia, Regiones y Fronteras cuenta con representantes de universidades de Argentina, Brasil, Bolivia, Chile, Paraguay y Uruguay. Se trata de investigadores e investigadoras de distintas generaciones y diversa formaci\u00f3n acad\u00e9mico disciplinar que, con amplias l\u00edneas de investigaci\u00f3n desarrolladas durante los encuentros anuales, revelan la variedad de intereses de la regi\u00f3n.<\/p>\n<p><a href=\"http:\/\/www.fhuc.unl.edu.ar\/media\/investigacion\/publicaciones\/HISTORIA\/AUGM_Historias%20regiones%20y%20fronteras.pdf\" target=\"_blank\" rel=\"noopener noreferrer\"><img fetchpriority=\"high\" decoding=\"async\" class=\"wp-image-4754 aligncenter\" title=\"Haga click y acceda al libro \" src=\"https:\/\/grupomontevideo.org\/site\/wp-content\/uploads\/2019\/03\/Publicacion-Historia-Regiones-y-Frontereas-2019.jpg\" alt=\"\" width=\"347\" height=\"490\" \/><\/a><\/p>\n","protected":false},"excerpt":{"rendered":"<p>Acceda al libro del Comit\u00e9 Acad\u00e9mico de AUGM aqu\u00ed <\/p>\n","protected":false},"author":1,"featured_media":4754,"comment_status":"closed","ping_status":"closed","sticky":false,"template":"","format":"standard","meta":{"footnotes":""},"categories":[48],"tags":[],"class_list":["post-4753","post","type-post","status-publish","format-standard","has-post-thumbnail","hentry","category-archivo-de-noticias"],"wpmagazine_modules_lite_featured_media_urls":{"thumbnail":["https:\/\/grupomontevideo.org\/site\/wp-content\/uploads\/2019\/03\/Publicacion-Historia-Regiones-y-Frontereas-2019.jpg",106,150,false],"cvmm-medium":["https:\/\/grupomontevideo.org\/site\/wp-content\/uploads\/2019\/03\/Publicacion-Historia-Regiones-y-Frontereas-2019.jpg",212,300,false],"cvmm-medium-plus":["https:\/\/grupomontevideo.org\/site\/wp-content\/uploads\/2019\/03\/Publicacion-Historia-Regiones-y-Frontereas-2019.jpg",146,207,false],"cvmm-portrait":["https:\/\/grupomontevideo.org\/site\/wp-content\/uploads\/2019\/03\/Publicacion-Historia-Regiones-y-Frontereas-2019.jpg",400,566,false],"cvmm-medium-square":["https:\/\/grupomontevideo.org\/site\/wp-content\/uploads\/2019\/03\/Publicacion-Historia-Regiones-y-Frontereas-2019.jpg",424,600,false],"cvmm-large":["https:\/\/grupomontevideo.org\/site\/wp-content\/uploads\/2019\/03\/Publicacion-Historia-Regiones-y-Frontereas-2019.jpg",621,878,false],"cvmm-small":["https:\/\/grupomontevideo.org\/site\/wp-content\/uploads\/2019\/03\/Publicacion-Historia-Regiones-y-Frontereas-2019.jpg",67,95,false],"full":["https:\/\/grupomontevideo.org\/site\/wp-content\/uploads\/2019\/03\/Publicacion-Historia-Regiones-y-Frontereas-2019.jpg",621,878,false]},"categories_names":{"48":{"name":"Archivo de noticias","link":"https:\/\/grupomontevideo.org\/site\/category\/archivo-de-noticias\/"}},"tags_names":[],"comments_number":"0","_links":{"self":[{"href":"https:\/\/grupomontevideo.org\/site\/wp-json\/wp\/v2\/posts\/4753","targetHints":{"allow":["GET"]}}],"collection":[{"href":"https:\/\/grupomontevideo.org\/site\/wp-json\/wp\/v2\/posts"}],"about":[{"href":"https:\/\/grupomontevideo.org\/site\/wp-json\/wp\/v2\/types\/post"}],"author":[{"embeddable":true,"href":"https:\/\/grupomontevideo.org\/site\/wp-json\/wp\/v2\/users\/1"}],"replies":[{"embeddable":true,"href":"https:\/\/grupomontevideo.org\/site\/wp-json\/wp\/v2\/comments?post=4753"}],"version-history":[{"count":1,"href":"https:\/\/grupomontevideo.org\/site\/wp-json\/wp\/v2\/posts\/4753\/revisions"}],"predecessor-version":[{"id":15852,"href":"https:\/\/grupomontevideo.org\/site\/wp-json\/wp\/v2\/posts\/4753\/revisions\/15852"}],"wp:featuredmedia":[{"embeddable":true,"href":"https:\/\/grupomontevideo.org\/site\/wp-json\/wp\/v2\/media\/4754"}],"wp:attachment":[{"href":"https:\/\/grupomontevideo.org\/site\/wp-json\/wp\/v2\/media?parent=4753"}],"wp:term":[{"taxonomy":"category","embeddable":true,"href":"https:\/\/grupomontevideo.org\/site\/wp-json\/wp\/v2\/categories?post=4753"},{"taxonomy":"post_tag","embeddable":true,"href":"https:\/\/grupomontevideo.org\/site\/wp-json\/wp\/v2\/tags?post=4753"}],"curies":[{"name":"wp","href":"https:\/\/api.w.org\/{rel}","templated":true}]}}