{"id":4746,"date":"2019-03-25T12:40:30","date_gmt":"2019-03-25T12:40:30","guid":{"rendered":"http:\/\/grupomontevideo.org\/sitio\/?post_type=noticias&#038;p=4746"},"modified":"2022-06-22T16:42:25","modified_gmt":"2022-06-22T16:42:25","slug":"cupos-para-la-region-curso-internacional-de-epidemiologia-veterinaria-en-uruguay","status":"publish","type":"post","link":"https:\/\/grupomontevideo.org\/site\/cupos-para-la-region-curso-internacional-de-epidemiologia-veterinaria-en-uruguay\/","title":{"rendered":"Cupos para la regi\u00f3n: Curso Internacional de Epidemiolog\u00eda Veterinaria en Uruguay"},"content":{"rendered":"<p style=\"text-align: justify;\"><b>La Facultad de Veterinaria de la Universidad de la Rep\u00fablica (UdelaR, Uruguay) y el <a href=\"http:\/\/grupomontevideo.org\/ndca\/casaludanimal\/\">Comit\u00e9 Acad\u00e9mico Salud Animal<\/a> de la Asociaci\u00f3n de Universidades Grupo Montevideo (AUGM) convocan a estudiantes de posgrado a inscribirse al Curso Internacional de Epidemiolog\u00eda Veterinaria que se llevar\u00e1 a cabo en Uruguay del 22 al 30 de Abril. Se fijaron 10 cupos para estudiantes en \u00e1reas de la salud que cursen en instituciones miembro de la red.\u00a0<\/b><\/p>\n<p style=\"text-align: justify;\">El curso fue organizado en dos m\u00f3dulos que pueden ser tomados en forma secuencial y<strong> apunta a proveer conocimiento b\u00e1sicos de la epidemiolog\u00eda e introducir al dise\u00f1o y an\u00e1lisis de estudios epidemiol\u00f3gicos comprendiendo sus ventajas y limitaciones<\/strong>. \u00a0Se focalizar\u00e1 sobre datos epidemiol\u00f3gicos en conglomerados \u201c<em>cluster<\/em>\u201d y su abordaje estad\u00edstico, para luego entender los conglomerados generados por enfermedades infecto contagiosas.<\/p>\n<p style=\"text-align: justify;\"><strong>Para esta convocatoria se fijaron 20 cupos, la mitad de ellos est\u00e1n destinados a AUGM. Las inscripciones se reciben hasta el primero de abril.<\/strong><\/p>\n<p><strong>Consulte a los <a href=\"http:\/\/grupomontevideo.org\/ndca\/casaludanimal\/?page_id=16\">responsables de cada universidad aqu\u00ed\u00a0<\/a><\/strong><\/p>\n<p style=\"text-align: justify;\"><span style=\"font-weight: 400;\">Las clases se ofrecer\u00e1n durante todo el d\u00eda, ser\u00e1n iniciadas con una introducci\u00f3n te\u00f3rica del contenido y continuar\u00e1n con ejercicios, lectura de art\u00edculos o cap\u00edtulos de libros que ser\u00e1 asignado por el docente a cargo.\u00a0<\/span><\/p>\n<p style=\"text-align: justify;\"><span style=\"font-weight: 400;\">Se espera que los participantes realicen las lecturas asignadas y participen de las discusiones grupales. Este \u00faltimo aspecto ser\u00e1 considerado para la nota final del curso. Ademas habr\u00e1 un examen final que cubrir\u00e1 los temas de los m\u00f3dulos del curso que correspondan a cada estudiante. Finalizada la actividad presencial del curso, habr\u00e1 una prueba final, para aquellos que quieran validar el curso en los programas de posgrado abarcando los m\u00f3dulos por los cuales hayan optado.<\/span><\/p>\n<p style=\"text-align: justify;\"><strong>Vea otros detalles del curso como bibliograf\u00eda, horarios y docentes, <a href=\"https:\/\/grupomontevideo.org\/site\/wp-content\/uploads\/2019\/03\/Prograva-FVET-.pdf\">aqu\u00ed <\/a><\/strong><\/p>\n","protected":false},"excerpt":{"rendered":"<p>Del 22 al 30 de Abril en Salto y Montevideo. Inscripciones hasta el primero de abril<\/p>\n","protected":false},"author":1,"featured_media":4748,"comment_status":"closed","ping_status":"closed","sticky":false,"template":"","format":"standard","meta":{"footnotes":""},"categories":[48],"tags":[],"class_list":["post-4746","post","type-post","status-publish","format-standard","has-post-thumbnail","hentry","category-archivo-de-noticias"],"wpmagazine_modules_lite_featured_media_urls":{"thumbnail":["https:\/\/grupomontevideo.org\/site\/wp-content\/uploads\/2019\/03\/FVET.jpg",150,113,false],"cvmm-medium":["https:\/\/grupomontevideo.org\/site\/wp-content\/uploads\/2019\/03\/FVET.jpg",300,225,false],"cvmm-medium-plus":["https:\/\/grupomontevideo.org\/site\/wp-content\/uploads\/2019\/03\/FVET.jpg",276,207,false],"cvmm-portrait":["https:\/\/grupomontevideo.org\/site\/wp-content\/uploads\/2019\/03\/FVET.jpg",400,300,false],"cvmm-medium-square":["https:\/\/grupomontevideo.org\/site\/wp-content\/uploads\/2019\/03\/FVET.jpg",600,450,false],"cvmm-large":["https:\/\/grupomontevideo.org\/site\/wp-content\/uploads\/2019\/03\/FVET.jpg",850,638,false],"cvmm-small":["https:\/\/grupomontevideo.org\/site\/wp-content\/uploads\/2019\/03\/FVET.jpg",127,95,false],"full":["https:\/\/grupomontevideo.org\/site\/wp-content\/uploads\/2019\/03\/FVET.jpg",850,638,false]},"categories_names":{"48":{"name":"Archivo de noticias","link":"https:\/\/grupomontevideo.org\/site\/category\/archivo-de-noticias\/"}},"tags_names":[],"comments_number":"0","_links":{"self":[{"href":"https:\/\/grupomontevideo.org\/site\/wp-json\/wp\/v2\/posts\/4746","targetHints":{"allow":["GET"]}}],"collection":[{"href":"https:\/\/grupomontevideo.org\/site\/wp-json\/wp\/v2\/posts"}],"about":[{"href":"https:\/\/grupomontevideo.org\/site\/wp-json\/wp\/v2\/types\/post"}],"author":[{"embeddable":true,"href":"https:\/\/grupomontevideo.org\/site\/wp-json\/wp\/v2\/users\/1"}],"replies":[{"embeddable":true,"href":"https:\/\/grupomontevideo.org\/site\/wp-json\/wp\/v2\/comments?post=4746"}],"version-history":[{"count":1,"href":"https:\/\/grupomontevideo.org\/site\/wp-json\/wp\/v2\/posts\/4746\/revisions"}],"predecessor-version":[{"id":15854,"href":"https:\/\/grupomontevideo.org\/site\/wp-json\/wp\/v2\/posts\/4746\/revisions\/15854"}],"wp:featuredmedia":[{"embeddable":true,"href":"https:\/\/grupomontevideo.org\/site\/wp-json\/wp\/v2\/media\/4748"}],"wp:attachment":[{"href":"https:\/\/grupomontevideo.org\/site\/wp-json\/wp\/v2\/media?parent=4746"}],"wp:term":[{"taxonomy":"category","embeddable":true,"href":"https:\/\/grupomontevideo.org\/site\/wp-json\/wp\/v2\/categories?post=4746"},{"taxonomy":"post_tag","embeddable":true,"href":"https:\/\/grupomontevideo.org\/site\/wp-json\/wp\/v2\/tags?post=4746"}],"curies":[{"name":"wp","href":"https:\/\/api.w.org\/{rel}","templated":true}]}}