{"id":4737,"date":"2019-03-21T15:48:35","date_gmt":"2019-03-21T15:48:35","guid":{"rendered":"http:\/\/grupomontevideo.org\/sitio\/?post_type=noticias&#038;p=4737"},"modified":"2022-06-22T16:42:26","modified_gmt":"2022-06-22T16:42:26","slug":"reunion-del-nucleo-disciplinario-de-evaluacion-institucional-planeamiento-estrategico-y-gestion-universitaria","status":"publish","type":"post","link":"https:\/\/grupomontevideo.org\/site\/reunion-del-nucleo-disciplinario-de-evaluacion-institucional-planeamiento-estrategico-y-gestion-universitaria\/","title":{"rendered":"Reuni\u00f3n del N\u00facleo Disciplinario de Evaluaci\u00f3n Institucional, Planeamiento Estrat\u00e9gico y Gesti\u00f3n Universitaria"},"content":{"rendered":"<p>Esta instancia de trabajo se llevar\u00e1 a cabo los d\u00edas <strong>11 y 12 de noviembre<\/strong> de 2019 en la <strong>Universidad de la Rep\u00fablica<\/strong>, Montevideo, Uruguay, conjuntamente con el Encuentro Regional del N\u00facleo Disciplinario con el tema: \u00abPlanificaci\u00f3n estrat\u00e9gica e Internacionalizaci\u00f3n \u2013 logros, compromisos y relaci\u00f3n con AUGM.\u00bb<br \/>\n&nbsp;<br \/>\n&nbsp;<\/p>\n","protected":false},"excerpt":{"rendered":"<p>11 y 12 de noviembre, Universidad de la Rep\u00fablica, Montevideo, Uruguay<\/p>\n","protected":false},"author":1,"featured_media":4067,"comment_status":"closed","ping_status":"closed","sticky":false,"template":"","format":"standard","meta":{"footnotes":""},"categories":[48],"tags":[],"class_list":["post-4737","post","type-post","status-publish","format-standard","has-post-thumbnail","hentry","category-archivo-de-noticias"],"wpmagazine_modules_lite_featured_media_urls":{"thumbnail":["https:\/\/grupomontevideo.org\/site\/wp-content\/uploads\/2018\/08\/UdelaR-EVI-Gacetilla.jpg",150,108,false],"cvmm-medium":["https:\/\/grupomontevideo.org\/site\/wp-content\/uploads\/2018\/08\/UdelaR-EVI-Gacetilla.jpg",300,215,false],"cvmm-medium-plus":["https:\/\/grupomontevideo.org\/site\/wp-content\/uploads\/2018\/08\/UdelaR-EVI-Gacetilla.jpg",288,207,false],"cvmm-portrait":["https:\/\/grupomontevideo.org\/site\/wp-content\/uploads\/2018\/08\/UdelaR-EVI-Gacetilla.jpg",400,287,false],"cvmm-medium-square":["https:\/\/grupomontevideo.org\/site\/wp-content\/uploads\/2018\/08\/UdelaR-EVI-Gacetilla.jpg",500,359,false],"cvmm-large":["https:\/\/grupomontevideo.org\/site\/wp-content\/uploads\/2018\/08\/UdelaR-EVI-Gacetilla.jpg",500,359,false],"cvmm-small":["https:\/\/grupomontevideo.org\/site\/wp-content\/uploads\/2018\/08\/UdelaR-EVI-Gacetilla.jpg",130,93,false],"full":["https:\/\/grupomontevideo.org\/site\/wp-content\/uploads\/2018\/08\/UdelaR-EVI-Gacetilla.jpg",500,359,false]},"categories_names":{"48":{"name":"Archivo de noticias","link":"https:\/\/grupomontevideo.org\/site\/category\/archivo-de-noticias\/"}},"tags_names":[],"comments_number":"0","_links":{"self":[{"href":"https:\/\/grupomontevideo.org\/site\/wp-json\/wp\/v2\/posts\/4737","targetHints":{"allow":["GET"]}}],"collection":[{"href":"https:\/\/grupomontevideo.org\/site\/wp-json\/wp\/v2\/posts"}],"about":[{"href":"https:\/\/grupomontevideo.org\/site\/wp-json\/wp\/v2\/types\/post"}],"author":[{"embeddable":true,"href":"https:\/\/grupomontevideo.org\/site\/wp-json\/wp\/v2\/users\/1"}],"replies":[{"embeddable":true,"href":"https:\/\/grupomontevideo.org\/site\/wp-json\/wp\/v2\/comments?post=4737"}],"version-history":[{"count":1,"href":"https:\/\/grupomontevideo.org\/site\/wp-json\/wp\/v2\/posts\/4737\/revisions"}],"predecessor-version":[{"id":15856,"href":"https:\/\/grupomontevideo.org\/site\/wp-json\/wp\/v2\/posts\/4737\/revisions\/15856"}],"wp:featuredmedia":[{"embeddable":true,"href":"https:\/\/grupomontevideo.org\/site\/wp-json\/wp\/v2\/media\/4067"}],"wp:attachment":[{"href":"https:\/\/grupomontevideo.org\/site\/wp-json\/wp\/v2\/media?parent=4737"}],"wp:term":[{"taxonomy":"category","embeddable":true,"href":"https:\/\/grupomontevideo.org\/site\/wp-json\/wp\/v2\/categories?post=4737"},{"taxonomy":"post_tag","embeddable":true,"href":"https:\/\/grupomontevideo.org\/site\/wp-json\/wp\/v2\/tags?post=4737"}],"curies":[{"name":"wp","href":"https:\/\/api.w.org\/{rel}","templated":true}]}}