{"id":4733,"date":"2019-03-22T13:09:22","date_gmt":"2019-03-22T13:09:22","guid":{"rendered":"http:\/\/grupomontevideo.org\/sitio\/?post_type=noticias&#038;p=4733"},"modified":"2022-06-22T16:42:25","modified_gmt":"2022-06-22T16:42:25","slug":"augm-participo-del-xi-encuentro-de-redes-de-educacion-superior-asociaciones-y-consejo-de-rectores-de-america-latina-y-el-caribe","status":"publish","type":"post","link":"https:\/\/grupomontevideo.org\/site\/augm-participo-del-xi-encuentro-de-redes-de-educacion-superior-asociaciones-y-consejo-de-rectores-de-america-latina-y-el-caribe\/","title":{"rendered":"AUGM particip\u00f3 del IX Encuentro de Redes de Educaci\u00f3n Superior, Asociaciones y Consejo de Rectores de Am\u00e9rica Latina y el Caribe"},"content":{"rendered":"<p style=\"text-align: justify;\"><span style=\"font-weight: 400;\"><strong>Rectores y rectoras de la Asociaci\u00f3n de Universidades Grupo Montevideo (AUGM) participaron activamente del IX Encuentro de Redes de Educaci\u00f3n Superior, Asociaciones y Consejo de Rectores de Am\u00e9rica Latina y el Caribe<\/strong> que tuvo lugar los d\u00edas 13, 14 y 15 de marzo en Lima, Per\u00fa.<\/span><\/p>\n<p style=\"text-align: justify;\">A trav\u00e9s de sus representantes, <strong>AUGM particip\u00f3 de los talleres que propuso el Encuentro donde realiz\u00f3 propuestas en los diferentes lineamientos para llevar adelante el Plan de Acci\u00f3n de la III Conferencia Regional de Educaci\u00f3n Superior (CRES<\/strong>), evento que se concret\u00f3 a mediados del 2018 en C\u00f3rdoba, Argentina.<\/p>\n<p style=\"text-align: justify;\"><span style=\"font-weight: 400;\">En este sentido, <strong>AUGM articul\u00f3 para que sea el Espacio Latinoamericano y Caribe\u00f1o de Educaci\u00f3n Superior (ENLACES), junto al Instituto Internacional para la Educaci\u00f3n Superior en Am\u00e9rica Latina y el Caribe (IESALC-Unesco), quienes dise\u00f1en estrategias para el seguimiento de la ejecuci\u00f3n del Plan de Acci\u00f3n de cara a la pr\u00f3xima CRES en 2028<\/strong>.<\/span><\/p>\n<p style=\"text-align: justify;\"><span style=\"font-weight: 400;\"><strong>As\u00ed se plasm\u00f3 en la Declaraci\u00f3n de Lima del IX<\/strong>, donde se especifica que esta tarea se realizar\u00e1 en articulaci\u00f3n con representantes de redes y asociaciones del continente, con quienes ENLACES y el IESALC se reunir\u00e1n una vez al a\u00f1o.<\/span><\/p>\n<p><strong>Vea la <a href=\"https:\/\/grupomontevideo.org\/site\/wp-content\/uploads\/2019\/03\/DeclaraciondeLima2019.pdf\">declaraci\u00f3n de aqu\u00ed\u00a0<\/a><\/strong><\/p>\n<p style=\"text-align: justify;\"><span style=\"font-weight: 400;\">\u201c<\/span><i><span style=\"font-weight: 400;\">La CRES 2018 fue una gran oportunidad de di\u00e1logo donde los actores de la educaci\u00f3n superior regional nos encontramos para reflexionar sobre los grandes compromisos de transformaci\u00f3n social, los retos y desaf\u00edos que tenemos por delante como instituciones de educaci\u00f3n terciaria de cara a los objetivos de desarrollo sostenible\u201d, <\/span><\/i><span style=\"font-weight: 400;\">afirma el documento. <\/span><\/p>\n<p style=\"text-align: justify;\"><span style=\"font-weight: 400;\">All\u00ed se sostiene, adem\u00e1s, que el Plan de Acci\u00f3n \u201c<\/span><i><span style=\"font-weight: 400;\">constituye un instrumento orientador de acciones para la formulaci\u00f3n de pol\u00edticas p\u00fablicas e institucionales que consoliden los procesos de desarrollo para la educaci\u00f3n superior de Am\u00e9rica Latina y el Caribe<\/span><\/i><span style=\"font-weight: 400;\">\u201d.<\/span><\/p>\n","protected":false},"excerpt":{"rendered":"<p>El 13, 14 y 15 de marzo en Lima, Per\u00fa.<\/p>\n","protected":false},"author":1,"featured_media":4735,"comment_status":"closed","ping_status":"closed","sticky":false,"template":"","format":"standard","meta":{"footnotes":""},"categories":[48],"tags":[],"class_list":["post-4733","post","type-post","status-publish","format-standard","has-post-thumbnail","hentry","category-archivo-de-noticias"],"wpmagazine_modules_lite_featured_media_urls":{"thumbnail":["https:\/\/grupomontevideo.org\/site\/wp-content\/uploads\/2019\/03\/RedEs.jpg",150,75,false],"cvmm-medium":["https:\/\/grupomontevideo.org\/site\/wp-content\/uploads\/2019\/03\/RedEs.jpg",300,150,false],"cvmm-medium-plus":["https:\/\/grupomontevideo.org\/site\/wp-content\/uploads\/2019\/03\/RedEs.jpg",305,153,false],"cvmm-portrait":["https:\/\/grupomontevideo.org\/site\/wp-content\/uploads\/2019\/03\/RedEs.jpg",400,201,false],"cvmm-medium-square":["https:\/\/grupomontevideo.org\/site\/wp-content\/uploads\/2019\/03\/RedEs.jpg",600,301,false],"cvmm-large":["https:\/\/grupomontevideo.org\/site\/wp-content\/uploads\/2019\/03\/RedEs.jpg",734,368,false],"cvmm-small":["https:\/\/grupomontevideo.org\/site\/wp-content\/uploads\/2019\/03\/RedEs.jpg",130,65,false],"full":["https:\/\/grupomontevideo.org\/site\/wp-content\/uploads\/2019\/03\/RedEs.jpg",734,368,false]},"categories_names":{"48":{"name":"Archivo de noticias","link":"https:\/\/grupomontevideo.org\/site\/category\/archivo-de-noticias\/"}},"tags_names":[],"comments_number":"0","_links":{"self":[{"href":"https:\/\/grupomontevideo.org\/site\/wp-json\/wp\/v2\/posts\/4733","targetHints":{"allow":["GET"]}}],"collection":[{"href":"https:\/\/grupomontevideo.org\/site\/wp-json\/wp\/v2\/posts"}],"about":[{"href":"https:\/\/grupomontevideo.org\/site\/wp-json\/wp\/v2\/types\/post"}],"author":[{"embeddable":true,"href":"https:\/\/grupomontevideo.org\/site\/wp-json\/wp\/v2\/users\/1"}],"replies":[{"embeddable":true,"href":"https:\/\/grupomontevideo.org\/site\/wp-json\/wp\/v2\/comments?post=4733"}],"version-history":[{"count":1,"href":"https:\/\/grupomontevideo.org\/site\/wp-json\/wp\/v2\/posts\/4733\/revisions"}],"predecessor-version":[{"id":15855,"href":"https:\/\/grupomontevideo.org\/site\/wp-json\/wp\/v2\/posts\/4733\/revisions\/15855"}],"wp:featuredmedia":[{"embeddable":true,"href":"https:\/\/grupomontevideo.org\/site\/wp-json\/wp\/v2\/media\/4735"}],"wp:attachment":[{"href":"https:\/\/grupomontevideo.org\/site\/wp-json\/wp\/v2\/media?parent=4733"}],"wp:term":[{"taxonomy":"category","embeddable":true,"href":"https:\/\/grupomontevideo.org\/site\/wp-json\/wp\/v2\/categories?post=4733"},{"taxonomy":"post_tag","embeddable":true,"href":"https:\/\/grupomontevideo.org\/site\/wp-json\/wp\/v2\/tags?post=4733"}],"curies":[{"name":"wp","href":"https:\/\/api.w.org\/{rel}","templated":true}]}}