{"id":4706,"date":"2019-03-12T12:38:39","date_gmt":"2019-03-12T12:38:39","guid":{"rendered":"http:\/\/grupomontevideo.org\/sitio\/?post_type=noticias&#038;p=4706"},"modified":"2022-06-22T16:42:27","modified_gmt":"2022-06-22T16:42:27","slug":"evi-de-augm-en-la-unsl-una-universidad-para-latinoamerica","status":"publish","type":"post","link":"https:\/\/grupomontevideo.org\/site\/evi-de-augm-en-la-unsl-una-universidad-para-latinoamerica\/","title":{"rendered":"EVI de AUGM en la UNSL: Una universidad para Latinoam\u00e9rica"},"content":{"rendered":"<p style=\"text-align: justify;\"><strong>El viernes 1 de marzo finaliz\u00f3 la p<a href=\"http:\/\/grupomontevideo.org\/sitio\/noticias\/escuela-de-verano-incorporacion-curricular-de-la-extension-conceptos-y-herramientas\/\">rimera Escuela de Verano de la Asociaci\u00f3n de Universidades Grupo Montevideo (AUGM) en la Universidad Nacional de San Luis<\/a> (UNSL, Argentina)<\/strong><strong>. Durante cinco (5) d\u00edas se debati\u00f3 y profundiz\u00f3 sobre la incorporaci\u00f3n curricular de la extensi\u00f3n. En el cierre el Rector de la UNSL, F\u00e9lix Nieto, sostuvo que actualmente el sistema universitario est\u00e1 viviendo un proceso de transici\u00f3n hacia un tercer tipo de Universidad, la que tiene como caracter\u00edstica principal a la inserci\u00f3n social. <\/strong><\/p>\n<p style=\"text-align: justify;\">El Rector anfitri\u00f3n, junto a la titular de Extensi\u00f3n Universitaria M\u00f3nica Bussetti, realizaron el cierre de esta Escuela. All\u00ed, Nieto se refiri\u00f3 a la historia de la Universidad Latinoamericana y a la Reforma Liminar de C\u00f3rdoba que marc\u00f3 el \u00ab<em>devenir de la Educaci\u00f3n Superior<\/em>\u00bb en el continente.<em> \u00abHoy podemos decir que el sistema universitario argentino tiene una estructura de Gobierno plenamente consolidada, democr\u00e1ticamente discutida y donde la representaci\u00f3n de los claustros en el sistema universitario no es un tema de discusi\u00f3n. Despu\u00e9s de los a\u00f1os de la dictadura militar, a un costo no menor, el sistema universitario argentino ha consolidado su sistema de Gobierno\u201d<\/em>, dijo Nieto Quintas a continuaci\u00f3n.<\/p>\n<p style=\"text-align: justify;\">El Rector sostuvo adem\u00e1s que el concepto de extensi\u00f3n sufri\u00f3 mutaciones. En este sentido explic\u00f3 que tuvo su origen en una visi\u00f3n que actualmente significa un trabajo con la comunidad, un di\u00e1logo de saberes en una interacci\u00f3n directa en donde la Universidad no s\u00f3lo ense\u00f1a sino tambi\u00e9n aprende<em>. \u201cEse proceso conllev\u00f3 innumerables etapas en donde la Universidad abri\u00f3 sus aulas para capacitaci\u00f3n, abri\u00f3 sus laboratorios donde ahora hay necesidad de compartir y transmitir la informaci\u00f3n de lo que se produce cient\u00edficamente (\u2026) Me parece, entonces, que la democratizaci\u00f3n de la Universidad ya no pasa por la divisi\u00f3n de los claustros universitarios y la inserci\u00f3n de ellos al Gobierno universitario, sino me gustar\u00eda pensar que pasa por la inserci\u00f3n de la comunidad y distintos sectores en la vida universitaria, es decir: que haya m\u00e1s sociedad en la Universidad y m\u00e1s Universidad en la sociedad\u201d<\/em>, explic\u00f3.<\/p>\n<p style=\"text-align: justify;\"><strong>Seguidamente sostuvo que la discusi\u00f3n de los temas tratados en los talleres de la Escuela constituyen un elemento vital en el desarrollo de la agenda futura de la Universidad p\u00fablica en los pr\u00f3ximos a\u00f1os, porque se trata de buscar los mecanismos de democratizar plenamente la vida universitaria la cual, actualmente, pasa por incorporar a otros actores a decisiones que tiene que tomar la Universidad.<\/strong><\/p>\n<p style=\"text-align: justify;\">El Rector vincul\u00f3 estos conceptos con la historia del surgimiento de la Universidad en el mundo. Respecto al tema sostuvo que, principalmente las Universidades de Latinoam\u00e9rica, est\u00e1n atravesando un periodo de transici\u00f3n hacia un tercer tipo de Universidad: una Instituci\u00f3n m\u00e1s vinculada con la comunidad, en la cual se jerarquiza no s\u00f3lo el conocimiento que se transmite sino tambi\u00e9n generando el conocimiento que le permite a la Universidad vincularse con el resto de la sociedad, con el sector productivo, con otros estamentos del sistema educativo y con otros actores del mismo Estado gubernamental<em>.<\/em><\/p>\n<p style=\"text-align: justify;\"><em>\u201c<strong>Quiz\u00e1s estamos viviendo una etapa de transici\u00f3n entre una Universidad puramente cientificista y una Universidad generadora y emprendedora que busca transmitir y vincularse con la comunidad (\u2026)\u00a0Me gustar\u00eda pensar que este tipo de Escuela est\u00e1 ayudando a parir esa nueva Universidad. A este periodo los historiadores lo establecen entre fines del siglo pasado y durar\u00e1 hasta el a\u00f1o 2250. Construir esta Universidad para Latinoam\u00e9rica ser\u00eda excepcional<\/strong>\u201d,<\/em>\u00a0concluy\u00f3 Nieto Quintas.<\/p>\n<figure id=\"attachment_4711\" aria-describedby=\"caption-attachment-4711\" style=\"width: 1000px\" class=\"wp-caption aligncenter\"><a href=\"https:\/\/grupomontevideo.org\/site\/wp-content\/uploads\/2019\/03\/EVI-UNSL-3.jpg\"><img fetchpriority=\"high\" decoding=\"async\" class=\"size-full wp-image-4711\" src=\"https:\/\/grupomontevideo.org\/site\/wp-content\/uploads\/2019\/03\/EVI-UNSL-3.jpg\" alt=\"\" width=\"1000\" height=\"667\" \/><\/a><figcaption id=\"caption-attachment-4711\" class=\"wp-caption-text\">Foto: UNSL<\/figcaption><\/figure>\n<p style=\"text-align: justify;\">Por su parte, la Mg. M\u00f3nica Bussetti sostuvo que para realizar una Escuela de Verano de AUGM en la UNSL se cont\u00f3 con\u00a0todo el apoyo de la Universidad y de las Unidades Acad\u00e9micas.\u00a0<em>\u201cNos parec\u00eda muy importante que todos tuvieran una muestra de qu\u00e9 cosas estamos haciendo en el \u00e1rea de incorporaci\u00f3n curricular (\u2026) Espero que la Escuela haya cumplido las expectativas\u201d,<\/em>\u00a0dijo la funcionaria quien agradeci\u00f3 a los proyectos de extensi\u00f3n y docencia que participaron del evento.<\/p>\n<p style=\"text-align: justify;\"><strong>Sobre la sede<\/strong><\/p>\n<p style=\"text-align: justify;\">Durante la inauguraci\u00f3n de la EVI, Fernando Sosa de Programas y Proyectos de AUGM, agradeci\u00f3 a la UNSL el compromiso que ha tenido desde su ingreso al Grupo Montevideo y la defini\u00f3 como una Universidad comprometida con el trabajo dentro de la Asociaci\u00f3n. En relaci\u00f3n a las Escuelas de Verano sostuvo que es uno de los programas m\u00e1s importantes dentro de AUGM que se implement\u00f3 con fuerza en los \u00faltimos a\u00f1os.<\/p>\n<p style=\"text-align: justify;\">\u201c<em>En particular el \u00e1mbito de la Extensi\u00f3n Universitaria es uno de los que m\u00e1s promueve las Escuelas y es el \u00e1mbito que m\u00e1s las utiliza (\u2026) La cooperaci\u00f3n interinstitucional que se realiza en el Grupo Montevideo se hace en el marco de la solidaridad. Para nosotros la cooperaci\u00f3n universitaria tiene ese principio: el apoyo y el aprovechamiento de la capacidad instalada (\u2026) En definitiva la Asociaci\u00f3n es el trabajo mancomunado de las Universidades miembro<\/em>\u201d, dijo Sosa.<\/p>\n<figure id=\"attachment_4709\" aria-describedby=\"caption-attachment-4709\" style=\"width: 1000px\" class=\"wp-caption aligncenter\"><a href=\"https:\/\/grupomontevideo.org\/site\/wp-content\/uploads\/2019\/03\/EVI-UNSL-2.jpg\"><img decoding=\"async\" class=\"wp-image-4709 size-full\" src=\"https:\/\/grupomontevideo.org\/site\/wp-content\/uploads\/2019\/03\/EVI-UNSL-2.jpg\" alt=\"\" width=\"1000\" height=\"600\" \/><\/a><figcaption id=\"caption-attachment-4709\" class=\"wp-caption-text\">Foto: UNSL<\/figcaption><\/figure>\n<p style=\"text-align: justify;\">Por su parte, el Ing. Gustavo Men\u00e9ndez sostuvo que las escuelas ponen foco en alg\u00fan campo tem\u00e1tico de inter\u00e9s de las universidades de la regi\u00f3n. A\u00f1adi\u00f3 que cuando se present\u00f3 esta figura de Escuela de Verano, fue un gran desaf\u00edo y obtuvo el directo acompa\u00f1amiento de la Secretar\u00eda Ejecutiva de AUGM que aprobaron esta figura de espacio de producci\u00f3n, socializaci\u00f3n y sobre todo de reflexi\u00f3n acerca de la extensi\u00f3n.<\/p>\n<p style=\"text-align: justify;\">\u201c<em>Cuando hablamos de extensi\u00f3n estamos hablando de la propia Universidad y cuando hablamos de determinado tipo de extensi\u00f3n y de la integraci\u00f3n de ella con la docencia y la investigaci\u00f3n en realidad lo que se interpela es la propia Universidad. Es un gran desaf\u00edo pensar a la Universidad de 10 (diez) a 20 a\u00f1os por delante en un mundo muy complejo, diverso y asim\u00e9trico<\/em>\u201d, dijo Men\u00e9ndez.<\/p>\n<p><strong>Fuente: <\/strong><em><strong>UNSL<\/strong><\/em><\/p>\n","protected":false},"excerpt":{"rendered":"<p>Del 25 de febrero al 1 de marzo en San Luis, Argentina <\/p>\n","protected":false},"author":1,"featured_media":4708,"comment_status":"closed","ping_status":"closed","sticky":false,"template":"","format":"standard","meta":{"footnotes":""},"categories":[48],"tags":[],"class_list":["post-4706","post","type-post","status-publish","format-standard","has-post-thumbnail","hentry","category-archivo-de-noticias"],"wpmagazine_modules_lite_featured_media_urls":{"thumbnail":["https:\/\/grupomontevideo.org\/site\/wp-content\/uploads\/2019\/03\/EVI-UnSL.jpg",150,90,false],"cvmm-medium":["https:\/\/grupomontevideo.org\/site\/wp-content\/uploads\/2019\/03\/EVI-UnSL.jpg",300,180,false],"cvmm-medium-plus":["https:\/\/grupomontevideo.org\/site\/wp-content\/uploads\/2019\/03\/EVI-UnSL.jpg",305,183,false],"cvmm-portrait":["https:\/\/grupomontevideo.org\/site\/wp-content\/uploads\/2019\/03\/EVI-UnSL.jpg",400,240,false],"cvmm-medium-square":["https:\/\/grupomontevideo.org\/site\/wp-content\/uploads\/2019\/03\/EVI-UnSL.jpg",600,360,false],"cvmm-large":["https:\/\/grupomontevideo.org\/site\/wp-content\/uploads\/2019\/03\/EVI-UnSL.jpg",1000,600,false],"cvmm-small":["https:\/\/grupomontevideo.org\/site\/wp-content\/uploads\/2019\/03\/EVI-UnSL.jpg",130,78,false],"full":["https:\/\/grupomontevideo.org\/site\/wp-content\/uploads\/2019\/03\/EVI-UnSL.jpg",1000,600,false]},"categories_names":{"48":{"name":"Archivo de noticias","link":"https:\/\/grupomontevideo.org\/site\/category\/archivo-de-noticias\/"}},"tags_names":[],"comments_number":"0","_links":{"self":[{"href":"https:\/\/grupomontevideo.org\/site\/wp-json\/wp\/v2\/posts\/4706","targetHints":{"allow":["GET"]}}],"collection":[{"href":"https:\/\/grupomontevideo.org\/site\/wp-json\/wp\/v2\/posts"}],"about":[{"href":"https:\/\/grupomontevideo.org\/site\/wp-json\/wp\/v2\/types\/post"}],"author":[{"embeddable":true,"href":"https:\/\/grupomontevideo.org\/site\/wp-json\/wp\/v2\/users\/1"}],"replies":[{"embeddable":true,"href":"https:\/\/grupomontevideo.org\/site\/wp-json\/wp\/v2\/comments?post=4706"}],"version-history":[{"count":1,"href":"https:\/\/grupomontevideo.org\/site\/wp-json\/wp\/v2\/posts\/4706\/revisions"}],"predecessor-version":[{"id":15860,"href":"https:\/\/grupomontevideo.org\/site\/wp-json\/wp\/v2\/posts\/4706\/revisions\/15860"}],"wp:featuredmedia":[{"embeddable":true,"href":"https:\/\/grupomontevideo.org\/site\/wp-json\/wp\/v2\/media\/4708"}],"wp:attachment":[{"href":"https:\/\/grupomontevideo.org\/site\/wp-json\/wp\/v2\/media?parent=4706"}],"wp:term":[{"taxonomy":"category","embeddable":true,"href":"https:\/\/grupomontevideo.org\/site\/wp-json\/wp\/v2\/categories?post=4706"},{"taxonomy":"post_tag","embeddable":true,"href":"https:\/\/grupomontevideo.org\/site\/wp-json\/wp\/v2\/tags?post=4706"}],"curies":[{"name":"wp","href":"https:\/\/api.w.org\/{rel}","templated":true}]}}