{"id":4689,"date":"2019-03-07T14:31:42","date_gmt":"2019-03-07T14:31:42","guid":{"rendered":"http:\/\/grupomontevideo.org\/sitio\/?post_type=noticias&#038;p=4689"},"modified":"2022-06-22T16:42:27","modified_gmt":"2022-06-22T16:42:27","slug":"seminario-internacional-energia-innovacion-y-ambiente-para-una-transicion-energetica-sustentable","status":"publish","type":"post","link":"https:\/\/grupomontevideo.org\/site\/seminario-internacional-energia-innovacion-y-ambiente-para-una-transicion-energetica-sustentable\/","title":{"rendered":"Seminario Internacional \u201cEnerg\u00eda, innovaci\u00f3n y ambiente para una transici\u00f3n energ\u00e9tica sustentable\u00bb"},"content":{"rendered":"<p style=\"text-align: justify;\"><span style=\"font-weight: 400;\">La <strong>Universidad Nacional del Sur (UNS) ser\u00e1 sede del Seminario Internacional \u201cEnerg\u00eda, innovaci\u00f3n y ambiente para una transici\u00f3n energ\u00e9tica sustentable: retos y perspectivas<\/strong>\u201d, que tendr\u00e1 lugar el 27 y 28 de junio en Bah\u00eda Blanca (Argentina).<\/span><\/p>\n<p style=\"text-align: justify;\">Con este evento se<strong> busca conformar una red de instituciones, investigadores, y <\/strong><strong>profesionales especializados en la tem\u00e1tica que profundicen y fortalezcan las relaciones de grupos de investigaci\u00f3n existentes y propicien nuevas conformaciones en propuestas <\/strong><strong>vinculadas a la problem\u00e1tica<\/strong> de la energ\u00eda, la innovaci\u00f3n en nuevas tecnolog\u00edas energ\u00e9ticas y el ambiente, desde la perspectiva de las ciencias sociales.<\/p>\n<p style=\"text-align: justify;\"><span style=\"font-weight: 400;\">La metodolog\u00eda del seminario contempla la realizaci\u00f3n de mesas de trabajo y sesiones simult\u00e1neas, para lo cual convocan al env\u00edo de<strong> res\u00famenes extendidos hasta el primero de abril a la siguiente direcci\u00f3n<\/strong>: <\/span><a href=\"mailto:vinculacion@iiess-conicet.gob.ar\"><span style=\"font-weight: 400;\">vinculacion@iiess-conicet.gob.ar<\/span><\/a><span style=\"font-weight: 400;\">. El correo debe llevar el asunto \u201cseminario de energ\u00eda: apelliudo de autores\u201d.<\/span><\/p>\n<p style=\"text-align: justify;\"><span style=\"font-weight: 400;\">Los<strong> ejes tem\u00e1ticos para los trabajos \u00a0son Energ\u00eda y Desarrollo Sustentable; Eficiencia Energ\u00e9tica.; Problem\u00e1tica de Energ\u00eda y Ambiente; Nuevas Innovaciones en el sector energ\u00e9tico; Desarrollo, pobreza y energ\u00eda; y Transici\u00f3n energ\u00e9tica<\/strong>. <\/span><\/p>\n<p style=\"text-align: justify;\"><span style=\"font-weight: 400;\">El resumen ampliado tendr\u00e1 una extensi\u00f3n de entre 1500 a 2000 palabras sin incluir referencias bibliogr\u00e1ficas, que ser\u00e1n bajo formato APA. El trabajo deber\u00e1 contar con las siguientes caracter\u00edsticas de formato: tipo de letra Arial, tama\u00f1o 11 para el texto y 12 para t\u00edtulos, e interlineado 1,5.<\/span><\/p>\n<p style=\"text-align: justify;\"><strong>Otros detalles formales del evento <a href=\"https:\/\/grupomontevideo.org\/site\/wp-content\/uploads\/2019\/03\/Seminario-Energia-IIESS-UNS-IESCT-2019-1.pdf\" target=\"_blank\" rel=\"noopener noreferrer\">aqu\u00ed<\/a><\/strong><\/p>\n<p style=\"text-align: justify;\"><span style=\"font-weight: 400;\">En el espacio del seminario se pretende socializar, analizar y reflexionar acerca de las diversas experiencias en la ejecuci\u00f3n de proyectos que tengan como objeto de estudio a la energ\u00eda desde una perspectiva multidisciplinaria. <\/span><\/p>\n<p style=\"text-align: justify;\"><span style=\"font-weight: 400;\">Es organizado por el Departamento de Econom\u00eda de la UNS, el Instituto de Investigaciones Econ\u00f3micas y Sociales del Sur (IIESS), y el Instituto de Estudios sobre la Ciencia y la Tecnolog\u00eda (IESCT) de la Universidad Nacional de Quilmes (UNQ). Tambi\u00e9n cuenta con el auspicio de la Asociaci\u00f3n de Universidades Grupo Montevideo (AUGM).<\/span><\/p>\n","protected":false},"excerpt":{"rendered":"<p>El 27 y 28 de abril en la UNS (Bah\u00eda Blanca, Argentina). Res\u00famenes hasta el primero de abril <\/p>\n","protected":false},"author":1,"featured_media":4691,"comment_status":"closed","ping_status":"closed","sticky":false,"template":"","format":"standard","meta":{"footnotes":""},"categories":[48],"tags":[],"class_list":["post-4689","post","type-post","status-publish","format-standard","has-post-thumbnail","hentry","category-archivo-de-noticias"],"wpmagazine_modules_lite_featured_media_urls":{"thumbnail":["https:\/\/grupomontevideo.org\/site\/wp-content\/uploads\/2019\/03\/UNS-ECoDias.jpg",150,89,false],"cvmm-medium":["https:\/\/grupomontevideo.org\/site\/wp-content\/uploads\/2019\/03\/UNS-ECoDias.jpg",300,179,false],"cvmm-medium-plus":["https:\/\/grupomontevideo.org\/site\/wp-content\/uploads\/2019\/03\/UNS-ECoDias.jpg",305,182,false],"cvmm-portrait":["https:\/\/grupomontevideo.org\/site\/wp-content\/uploads\/2019\/03\/UNS-ECoDias.jpg",400,238,false],"cvmm-medium-square":["https:\/\/grupomontevideo.org\/site\/wp-content\/uploads\/2019\/03\/UNS-ECoDias.jpg",600,357,false],"cvmm-large":["https:\/\/grupomontevideo.org\/site\/wp-content\/uploads\/2019\/03\/UNS-ECoDias.jpg",1024,610,false],"cvmm-small":["https:\/\/grupomontevideo.org\/site\/wp-content\/uploads\/2019\/03\/UNS-ECoDias.jpg",130,77,false],"full":["https:\/\/grupomontevideo.org\/site\/wp-content\/uploads\/2019\/03\/UNS-ECoDias.jpg",1024,610,false]},"categories_names":{"48":{"name":"Archivo de noticias","link":"https:\/\/grupomontevideo.org\/site\/category\/archivo-de-noticias\/"}},"tags_names":[],"comments_number":"0","_links":{"self":[{"href":"https:\/\/grupomontevideo.org\/site\/wp-json\/wp\/v2\/posts\/4689","targetHints":{"allow":["GET"]}}],"collection":[{"href":"https:\/\/grupomontevideo.org\/site\/wp-json\/wp\/v2\/posts"}],"about":[{"href":"https:\/\/grupomontevideo.org\/site\/wp-json\/wp\/v2\/types\/post"}],"author":[{"embeddable":true,"href":"https:\/\/grupomontevideo.org\/site\/wp-json\/wp\/v2\/users\/1"}],"replies":[{"embeddable":true,"href":"https:\/\/grupomontevideo.org\/site\/wp-json\/wp\/v2\/comments?post=4689"}],"version-history":[{"count":1,"href":"https:\/\/grupomontevideo.org\/site\/wp-json\/wp\/v2\/posts\/4689\/revisions"}],"predecessor-version":[{"id":15862,"href":"https:\/\/grupomontevideo.org\/site\/wp-json\/wp\/v2\/posts\/4689\/revisions\/15862"}],"wp:featuredmedia":[{"embeddable":true,"href":"https:\/\/grupomontevideo.org\/site\/wp-json\/wp\/v2\/media\/4691"}],"wp:attachment":[{"href":"https:\/\/grupomontevideo.org\/site\/wp-json\/wp\/v2\/media?parent=4689"}],"wp:term":[{"taxonomy":"category","embeddable":true,"href":"https:\/\/grupomontevideo.org\/site\/wp-json\/wp\/v2\/categories?post=4689"},{"taxonomy":"post_tag","embeddable":true,"href":"https:\/\/grupomontevideo.org\/site\/wp-json\/wp\/v2\/tags?post=4689"}],"curies":[{"name":"wp","href":"https:\/\/api.w.org\/{rel}","templated":true}]}}