{"id":4684,"date":"2019-02-25T15:43:19","date_gmt":"2019-02-25T15:43:19","guid":{"rendered":"http:\/\/grupomontevideo.org\/sitio\/?post_type=noticias&#038;p=4684"},"modified":"2022-06-22T16:42:28","modified_gmt":"2022-06-22T16:42:28","slug":"reunion-de-la-comision-permanente-de-posgrado-5","status":"publish","type":"post","link":"https:\/\/grupomontevideo.org\/site\/reunion-de-la-comision-permanente-de-posgrado-5\/","title":{"rendered":"Reuni\u00f3n de la Comisi\u00f3n Permanente de Posgrado"},"content":{"rendered":"<p style=\"text-align: justify;\">La<strong> Comisi\u00f3n Permanente de Posgrado de la Asociaci\u00f3n de Universidades Grupo Montevideo (AUGM) se reunir\u00e1 el pr\u00f3ximo 26 y 27 de marzo en la Universidade Federal do Paran<\/strong>\u00e1 (UFPR), Curitiba, Brasil.<\/p>\n<p style=\"text-align: justify;\">Durante la primera fecha se llevar\u00e1 a cabo la Mesa Redonda abierta \u00ab<em><strong>P<\/strong><strong>os-grado nas universidades da AUGM: Situa\u00e7\u00e3o atual, desafios e oportunidades<\/strong><\/em>\u00ab, que reunir\u00e1 a representantes de la instituci\u00f3n sede y de la AUGM.<\/p>\n<p style=\"text-align: justify;\">En la segunda jornada la Comisi\u00f3n Permanente realizar\u00e1 su primera reuni\u00f3n del 2019 donde atender\u00e1 diferentes asuntos inherentes a su funcionamiento como \u00f3rgano permanente de la red.<\/p>\n<p style=\"text-align: justify;\">Las Comisiones Permanentes de AUGM tienen como finalidad estudiar, elaborar y desarrollar propuestas y acciones institucionales y acad\u00e9micas, en tem\u00e1ticas de car\u00e1cter estrat\u00e9gico y transversal, en las \u00e1reas y competencias que el Consejo de Rectores defina.<\/p>\n<p>Vea el <a href=\"http:\/\/grupomontevideo.org\/cp\/cpcomisiondeposgrado\/\">Micrositio de la CP Posgrado aqu\u00ed\u00a0<\/a><br \/>\n<a href=\"https:\/\/grupomontevideo.org\/site\/wp-content\/uploads\/2019\/02\/WhatsApp-Image-2019-03-20-at-09.16.37.jpeg\"><img fetchpriority=\"high\" decoding=\"async\" class=\"alignleft size-full wp-image-4730\" src=\"https:\/\/grupomontevideo.org\/site\/wp-content\/uploads\/2019\/02\/WhatsApp-Image-2019-03-20-at-09.16.37.jpeg\" alt=\"\" width=\"700\" height=\"1000\" \/><\/a><\/p>\n","protected":false},"excerpt":{"rendered":"<p>26 y 27 de marzo, Universidade Federal do Paran\u00e1, Curitiba, Paran\u00e1 \u2013 Brasil<\/p>\n","protected":false},"author":1,"featured_media":4731,"comment_status":"closed","ping_status":"closed","sticky":false,"template":"","format":"standard","meta":{"footnotes":""},"categories":[48],"tags":[],"class_list":["post-4684","post","type-post","status-publish","format-standard","has-post-thumbnail","hentry","category-archivo-de-noticias"],"wpmagazine_modules_lite_featured_media_urls":{"thumbnail":["https:\/\/grupomontevideo.org\/site\/wp-content\/uploads\/2019\/02\/UFPR-web-.jpg",150,113,false],"cvmm-medium":["https:\/\/grupomontevideo.org\/site\/wp-content\/uploads\/2019\/02\/UFPR-web-.jpg",300,226,false],"cvmm-medium-plus":["https:\/\/grupomontevideo.org\/site\/wp-content\/uploads\/2019\/02\/UFPR-web-.jpg",274,207,false],"cvmm-portrait":["https:\/\/grupomontevideo.org\/site\/wp-content\/uploads\/2019\/02\/UFPR-web-.jpg",400,302,false],"cvmm-medium-square":["https:\/\/grupomontevideo.org\/site\/wp-content\/uploads\/2019\/02\/UFPR-web-.jpg",530,400,false],"cvmm-large":["https:\/\/grupomontevideo.org\/site\/wp-content\/uploads\/2019\/02\/UFPR-web-.jpg",530,400,false],"cvmm-small":["https:\/\/grupomontevideo.org\/site\/wp-content\/uploads\/2019\/02\/UFPR-web-.jpg",126,95,false],"full":["https:\/\/grupomontevideo.org\/site\/wp-content\/uploads\/2019\/02\/UFPR-web-.jpg",530,400,false]},"categories_names":{"48":{"name":"Archivo de noticias","link":"https:\/\/grupomontevideo.org\/site\/category\/archivo-de-noticias\/"}},"tags_names":[],"comments_number":"0","_links":{"self":[{"href":"https:\/\/grupomontevideo.org\/site\/wp-json\/wp\/v2\/posts\/4684","targetHints":{"allow":["GET"]}}],"collection":[{"href":"https:\/\/grupomontevideo.org\/site\/wp-json\/wp\/v2\/posts"}],"about":[{"href":"https:\/\/grupomontevideo.org\/site\/wp-json\/wp\/v2\/types\/post"}],"author":[{"embeddable":true,"href":"https:\/\/grupomontevideo.org\/site\/wp-json\/wp\/v2\/users\/1"}],"replies":[{"embeddable":true,"href":"https:\/\/grupomontevideo.org\/site\/wp-json\/wp\/v2\/comments?post=4684"}],"version-history":[{"count":1,"href":"https:\/\/grupomontevideo.org\/site\/wp-json\/wp\/v2\/posts\/4684\/revisions"}],"predecessor-version":[{"id":15864,"href":"https:\/\/grupomontevideo.org\/site\/wp-json\/wp\/v2\/posts\/4684\/revisions\/15864"}],"wp:featuredmedia":[{"embeddable":true,"href":"https:\/\/grupomontevideo.org\/site\/wp-json\/wp\/v2\/media\/4731"}],"wp:attachment":[{"href":"https:\/\/grupomontevideo.org\/site\/wp-json\/wp\/v2\/media?parent=4684"}],"wp:term":[{"taxonomy":"category","embeddable":true,"href":"https:\/\/grupomontevideo.org\/site\/wp-json\/wp\/v2\/categories?post=4684"},{"taxonomy":"post_tag","embeddable":true,"href":"https:\/\/grupomontevideo.org\/site\/wp-json\/wp\/v2\/tags?post=4684"}],"curies":[{"name":"wp","href":"https:\/\/api.w.org\/{rel}","templated":true}]}}