{"id":4679,"date":"2019-02-20T18:26:29","date_gmt":"2019-02-20T18:26:29","guid":{"rendered":"http:\/\/grupomontevideo.org\/sitio\/?post_type=noticias&#038;p=4679"},"modified":"2022-06-22T16:42:28","modified_gmt":"2022-06-22T16:42:28","slug":"processo-seletivo-2019-do-programa-de-pos-graduacao-em-estudos-estrategicos-internacionais","status":"publish","type":"post","link":"https:\/\/grupomontevideo.org\/site\/processo-seletivo-2019-do-programa-de-pos-graduacao-em-estudos-estrategicos-internacionais\/","title":{"rendered":"Abriu o processo seletivo 2019 do programa de p\u00f3s-gradua\u00e7\u00e3o em estudos estrat\u00e9gicos internacionais"},"content":{"rendered":"<p style=\"text-align: justify;\">A coordena\u00e7\u00e3o do Programa de P\u00f3s-Gradua\u00e7\u00e3o em Estudos Estrat\u00e9gicos Internacionais da\u00a0Universidade Federal do Rio Grande do Sul torna p\u00fablica a abertura de inscri\u00e7\u00f5es para o processo de sele\u00e7\u00e3o de candidatos para uma vaga de p\u00f3s-doutorado, para atuar junto ao PPGEEI na pesquisa, no ensino e na extens\u00e3o com bolsa do Programa Nacional de P\u00f3s-Doutorado (PNPD\/CAPES), nos termos da Portaria CAPES 086, de 03 de julho de 2013, para o per\u00edodo que ter\u00e1 in\u00edcio em 01 de abril de 2019.<\/p>\n<p style=\"text-align: justify;\">Ser\u00e1 oferecida 1 (uma) vaga para candidatos brasileiros ou estrangeiros, portadores de diploma de doutorado.\u00a0O bolsista estrangeiro poder\u00e1 ministrar aulas em ingl\u00eas ou espanhol, mas \u00e9 necess\u00e1ria habilidade intermedi\u00e1ria na l\u00edngua portuguesa, para plena autonomia e viv\u00eancia na cidade de Porto Alegre.<\/p>\n<p style=\"text-align: justify;\"><strong>Sitio do Programa<a href=\"https:\/\/www.ufrgs.br\/ppgeei\/edital-pos-doutorado\/\"> aqui<\/a><\/strong><\/p>\n<p style=\"text-align: justify;\">As inscri\u00e7\u00f5es devem ser enviadas para o e-mail ppgeei@ufrgs.br entre 22 de fevereiro e 22 de mar\u00e7o de 2019. A Secretaria do PPGEEI encontra-se no seguinte endere\u00e7o: Av. Jo\u00e3o Pessoa, 52, Sala 33B , Terceiro Andar. Porto Alegre, RS, Brasil. CEP 90040-000.<\/p>\n<p style=\"text-align: justify;\">O in\u00edcio das atividades pode ocorrer no m\u00eas de abril ou maio de 2019. Devido a procedimentos de mudan\u00e7a e instala\u00e7\u00e3o em Porto Alegre, poder\u00e1 ser iniciado em maio.<\/p>\n<p style=\"text-align: justify;\"><strong>Detalhes do processo <a href=\"https:\/\/www.ufrgs.br\/ppgeei\/wp-content\/uploads\/2019\/02\/Edital-de-Sele%C3%A7%C3%A3o-P%C3%B3s-Doutorado-Final-2019.pdf\">aqui<\/a><\/strong><\/p>\n","protected":false},"excerpt":{"rendered":"<p> Inscri\u00e7\u00f5es entre o 22 de fevereiro e 22 de mar\u00e7o de 2019. <\/p>\n","protected":false},"author":1,"featured_media":4680,"comment_status":"closed","ping_status":"closed","sticky":false,"template":"","format":"standard","meta":{"footnotes":""},"categories":[48],"tags":[],"class_list":["post-4679","post","type-post","status-publish","format-standard","has-post-thumbnail","hentry","category-archivo-de-noticias"],"wpmagazine_modules_lite_featured_media_urls":{"thumbnail":["https:\/\/grupomontevideo.org\/site\/wp-content\/uploads\/2019\/02\/UFRGS-Web.jpg",150,84,false],"cvmm-medium":["https:\/\/grupomontevideo.org\/site\/wp-content\/uploads\/2019\/02\/UFRGS-Web.jpg",300,169,false],"cvmm-medium-plus":["https:\/\/grupomontevideo.org\/site\/wp-content\/uploads\/2019\/02\/UFRGS-Web.jpg",305,172,false],"cvmm-portrait":["https:\/\/grupomontevideo.org\/site\/wp-content\/uploads\/2019\/02\/UFRGS-Web.jpg",400,225,false],"cvmm-medium-square":["https:\/\/grupomontevideo.org\/site\/wp-content\/uploads\/2019\/02\/UFRGS-Web.jpg",600,338,false],"cvmm-large":["https:\/\/grupomontevideo.org\/site\/wp-content\/uploads\/2019\/02\/UFRGS-Web.jpg",1024,576,false],"cvmm-small":["https:\/\/grupomontevideo.org\/site\/wp-content\/uploads\/2019\/02\/UFRGS-Web.jpg",130,73,false],"full":["https:\/\/grupomontevideo.org\/site\/wp-content\/uploads\/2019\/02\/UFRGS-Web.jpg",2247,1264,false]},"categories_names":{"48":{"name":"Archivo de noticias","link":"https:\/\/grupomontevideo.org\/site\/category\/archivo-de-noticias\/"}},"tags_names":[],"comments_number":"0","_links":{"self":[{"href":"https:\/\/grupomontevideo.org\/site\/wp-json\/wp\/v2\/posts\/4679","targetHints":{"allow":["GET"]}}],"collection":[{"href":"https:\/\/grupomontevideo.org\/site\/wp-json\/wp\/v2\/posts"}],"about":[{"href":"https:\/\/grupomontevideo.org\/site\/wp-json\/wp\/v2\/types\/post"}],"author":[{"embeddable":true,"href":"https:\/\/grupomontevideo.org\/site\/wp-json\/wp\/v2\/users\/1"}],"replies":[{"embeddable":true,"href":"https:\/\/grupomontevideo.org\/site\/wp-json\/wp\/v2\/comments?post=4679"}],"version-history":[{"count":1,"href":"https:\/\/grupomontevideo.org\/site\/wp-json\/wp\/v2\/posts\/4679\/revisions"}],"predecessor-version":[{"id":15865,"href":"https:\/\/grupomontevideo.org\/site\/wp-json\/wp\/v2\/posts\/4679\/revisions\/15865"}],"wp:featuredmedia":[{"embeddable":true,"href":"https:\/\/grupomontevideo.org\/site\/wp-json\/wp\/v2\/media\/4680"}],"wp:attachment":[{"href":"https:\/\/grupomontevideo.org\/site\/wp-json\/wp\/v2\/media?parent=4679"}],"wp:term":[{"taxonomy":"category","embeddable":true,"href":"https:\/\/grupomontevideo.org\/site\/wp-json\/wp\/v2\/categories?post=4679"},{"taxonomy":"post_tag","embeddable":true,"href":"https:\/\/grupomontevideo.org\/site\/wp-json\/wp\/v2\/tags?post=4679"}],"curies":[{"name":"wp","href":"https:\/\/api.w.org\/{rel}","templated":true}]}}