{"id":4675,"date":"2019-02-20T17:58:18","date_gmt":"2019-02-20T17:58:18","guid":{"rendered":"http:\/\/grupomontevideo.org\/sitio\/?post_type=noticias&#038;p=4675"},"modified":"2022-06-22T16:42:28","modified_gmt":"2022-06-22T16:42:28","slug":"se-presento-el-proyecto-vitalglobal-para-la-cooperacion-interuniversitaria-en-enologia-y-vitivinicultura","status":"publish","type":"post","link":"https:\/\/grupomontevideo.org\/site\/se-presento-el-proyecto-vitalglobal-para-la-cooperacion-interuniversitaria-en-enologia-y-vitivinicultura\/","title":{"rendered":"Se present\u00f3 el proyecto VitalGlobal para la cooperaci\u00f3n interuniversitaria en enolog\u00eda y vitivinicultura"},"content":{"rendered":"<p style=\"text-align: justify;\">El programa <strong>Erasmus+ de la Uni\u00f3n Europea<\/strong> <strong>present\u00f3 este martes 19 de frebrero en la Universidad Nacional de Cuyo (UNCuyo, Mendoza) el proyecto VitaGlobal<\/strong>, que apunta a fomentar la <strong>cooperaci\u00f3n interuniversitaria para el desarrollo de programas de formaci\u00f3n en enolog\u00eda y vitivinicultura<\/strong>.<\/p>\n<p style=\"text-align: justify;\">La presentaci\u00f3n estuvo a cargo de la decana de la Facultad de Ciencias Agrarias de la UNCUYO, Mar\u00eda Flavia Filippini, el decano de la Facultad de Enolog\u00eda de la Universitat Rovira I Virgili (Catalu\u00f1a), Joan Miquel Canals, el director del Observatorio de las Relaciones Uni\u00f3n Europea &#8211; Am\u00e9rica Latina (OBREAL), Nicol\u00e1s Patrici, y el secretario Ejecutivo de la Asociaci\u00f3n de Universidades Grupo Montevideo (AUGM), \u00c1lvaro Maglia.<\/p>\n<p style=\"text-align: justify;\">Este proyecto \u201c<em>permite afianzar los lazos de trabajo con socios europeos y latinoamericanos<\/em>\u201d y \u201c<strong><em>representa una nueva oportunidad para compartir conocimientos y experiencias con universidades de todo el mundo, buscando generar contenido de alto nivel acad\u00e9mico y con fuerte impacto local<\/em><\/strong>\u201d, dijo a la Secretar\u00eda de Investigaci\u00f3n, Internacionales y Posgrado de la UNCuyo, Jimena Estrella, Delegada Asesora de esa universidad en AUGM.<\/p>\n<p style=\"text-align: justify;\"><strong>VitaGlobal se propone la construcci\u00f3n de m\u00f3dulos educativos (trayectos formativos internacionalizados) con aspiraciones a convertirse en futuras carreras de posgrado que posean doble titulaci\u00f3n<\/strong>. Con este proyecto se beneficiar\u00e1 a miles de docentes y estudiantes de las universidades socias, para el desarrollo de recursos humanos y de competencias internacionales.<\/p>\n<p style=\"text-align: justify;\">Durante la jornada de presentaci\u00f3n, adem\u00e1s, se realizaron diferentes conferencias y presentaciones sobre cooperaci\u00f3n birregional, cooperaci\u00f3n sur-sur, estrategias de internacionalizaci\u00f3n de la universidad para el desarrollo local y el impacto de las acciones de fortalecimiento institucional y sinergias entre proyectos en Am\u00e9rica Latina y la Uni\u00f3n Europea.<\/p>\n<p style=\"text-align: justify;\">Sobre este \u00faltimo punto transit\u00f3 el panel del que particip\u00f3 \u00c1lvaro Maglia junto a Juan Guillermo Hoyos de la Asociaci\u00f3n Colombiana de Universidades (Ascun), Julio Theiler de Reconocimiento Acad\u00e9mico, Romina Kniaz del modelo UNIBO (CAMINOS) y Miguel Gonzalez Gaviola por el Consejo Interuniversitario Nacional (Argentina). Fue moderado por Elizabeth Colucci de OBREAL.<\/p>\n<p style=\"text-align: justify;\">En la jornada de este mi\u00e9rcoles 20 se llev\u00f3 a cabo el kick off meeting donde se abord\u00f3 la gesti\u00f3n financiera y los procesos administrativos del proyecto, diferentes grupos de trabajo con acad\u00e9micos y oficiales de Relaciones Internacionales, movilidad, reconocimiento y programas conjuntos, adem\u00e1s de la estrategia de diseminaci\u00f3n y v\u00ednculos con otros proyectos E+.<\/p>\n<p style=\"text-align: justify;\">Junto a la UNCuyo, en el\u00a0proyecto participan la Universidad Nacional de Jujuy y la Universidad Nacional de Chilecito (ubicada en la provincia de la Rioja). Los miembros integrantes de VitaGlobal son: Universidad de Talca (Chile), Universidad de Chile, Universidad de la Republica (Uruguay), Georgian Technical University (Georgia), Telavi State University (Georgia),\u00a0 Universitat Rovira i Virgili (Espa\u00f1a), Universit\u00e9 de Bordeaux (Francia), Universit\u00e0 di Bologna (Italia), Universidade do Porto (Portugal), Cape Peninsula University of Technology (Sud\u00e1frica) y Stellenbosch University (Sud\u00e1frica).<\/p>\n<p><strong>Fuente: SIIP-UNCuyo\/AUGM\u00a0<\/strong><\/p>\n","protected":false},"excerpt":{"rendered":"<p>Este 19 y 20 en la Facultad de Ciencias Agrarias de la UNCuyo, Mendoza, Argentina<\/p>\n","protected":false},"author":1,"featured_media":4676,"comment_status":"closed","ping_status":"closed","sticky":false,"template":"","format":"standard","meta":{"footnotes":""},"categories":[48],"tags":[],"class_list":["post-4675","post","type-post","status-publish","format-standard","has-post-thumbnail","hentry","category-archivo-de-noticias"],"wpmagazine_modules_lite_featured_media_urls":{"thumbnail":["https:\/\/grupomontevideo.org\/site\/wp-content\/uploads\/2019\/02\/VitaGlobal.jpg",150,74,false],"cvmm-medium":["https:\/\/grupomontevideo.org\/site\/wp-content\/uploads\/2019\/02\/VitaGlobal.jpg",300,148,false],"cvmm-medium-plus":["https:\/\/grupomontevideo.org\/site\/wp-content\/uploads\/2019\/02\/VitaGlobal.jpg",305,151,false],"cvmm-portrait":["https:\/\/grupomontevideo.org\/site\/wp-content\/uploads\/2019\/02\/VitaGlobal.jpg",400,197,false],"cvmm-medium-square":["https:\/\/grupomontevideo.org\/site\/wp-content\/uploads\/2019\/02\/VitaGlobal.jpg",600,296,false],"cvmm-large":["https:\/\/grupomontevideo.org\/site\/wp-content\/uploads\/2019\/02\/VitaGlobal.jpg",1024,506,false],"cvmm-small":["https:\/\/grupomontevideo.org\/site\/wp-content\/uploads\/2019\/02\/VitaGlobal.jpg",130,64,false],"full":["https:\/\/grupomontevideo.org\/site\/wp-content\/uploads\/2019\/02\/VitaGlobal.jpg",1264,624,false]},"categories_names":{"48":{"name":"Archivo de noticias","link":"https:\/\/grupomontevideo.org\/site\/category\/archivo-de-noticias\/"}},"tags_names":[],"comments_number":"0","_links":{"self":[{"href":"https:\/\/grupomontevideo.org\/site\/wp-json\/wp\/v2\/posts\/4675","targetHints":{"allow":["GET"]}}],"collection":[{"href":"https:\/\/grupomontevideo.org\/site\/wp-json\/wp\/v2\/posts"}],"about":[{"href":"https:\/\/grupomontevideo.org\/site\/wp-json\/wp\/v2\/types\/post"}],"author":[{"embeddable":true,"href":"https:\/\/grupomontevideo.org\/site\/wp-json\/wp\/v2\/users\/1"}],"replies":[{"embeddable":true,"href":"https:\/\/grupomontevideo.org\/site\/wp-json\/wp\/v2\/comments?post=4675"}],"version-history":[{"count":1,"href":"https:\/\/grupomontevideo.org\/site\/wp-json\/wp\/v2\/posts\/4675\/revisions"}],"predecessor-version":[{"id":15866,"href":"https:\/\/grupomontevideo.org\/site\/wp-json\/wp\/v2\/posts\/4675\/revisions\/15866"}],"wp:featuredmedia":[{"embeddable":true,"href":"https:\/\/grupomontevideo.org\/site\/wp-json\/wp\/v2\/media\/4676"}],"wp:attachment":[{"href":"https:\/\/grupomontevideo.org\/site\/wp-json\/wp\/v2\/media?parent=4675"}],"wp:term":[{"taxonomy":"category","embeddable":true,"href":"https:\/\/grupomontevideo.org\/site\/wp-json\/wp\/v2\/categories?post=4675"},{"taxonomy":"post_tag","embeddable":true,"href":"https:\/\/grupomontevideo.org\/site\/wp-json\/wp\/v2\/tags?post=4675"}],"curies":[{"name":"wp","href":"https:\/\/api.w.org\/{rel}","templated":true}]}}