{"id":4657,"date":"2019-02-18T13:32:00","date_gmt":"2019-02-18T13:32:00","guid":{"rendered":"http:\/\/grupomontevideo.org\/sitio\/?post_type=noticias&#038;p=4657"},"modified":"2022-06-22T16:42:29","modified_gmt":"2022-06-22T16:42:29","slug":"ii-simposio-internacional-de-medicina-traslacional","status":"publish","type":"post","link":"https:\/\/grupomontevideo.org\/site\/ii-simposio-internacional-de-medicina-traslacional\/","title":{"rendered":"II Simposio Internacional de Medicina Traslacional"},"content":{"rendered":"<p style=\"text-align: justify;\"><span style=\"font-weight: 400;\">Por segundo a\u00f1o consecutivo, la <strong>Universidad Nacional de Cuyo (UNCuyo, Mendoza, Argentina) ser\u00e1 sede del II Simposio Internacional de Medicina Traslacional<\/strong>\u00a0<strong>-7 y 8 de marzo-,<\/strong> evento que est\u00e1 enfocado a la exposici\u00f3n de t\u00f3picos sobresalientes de investigaci\u00f3n en el campo de las ciencias b\u00e1sicas y de la medicina traslacional, con el objetivo de generar oportunidades de cooperaci\u00f3n entre las instituciones participantes.<\/span><\/p>\n<p><a href=\"http:\/\/simposio.fcm.uncu.edu.ar\/\"><img fetchpriority=\"high\" decoding=\"async\" class=\"alignleft wp-image-4658 size-full\" title=\"Vea el sitio de evento haciendo click sobre el banner \" src=\"https:\/\/grupomontevideo.org\/site\/wp-content\/uploads\/2019\/02\/logo_traslacional.png\" alt=\"\" width=\"800\" height=\"162\" \/><\/a><\/p>\n<p style=\"text-align: justify;\">Este Simposio es organizado por las Facultades de Ciencias M\u00e9dicas y Ciencias Exactas y Naturales de la UNCuyo, junto a la Facultad de Farmacia y Bioqu\u00edmica de la Universidad de Buenos Aires y la Facultad de Medicina de la Albert-Ludwigs-Universit\u00e4t de Freiburg, Alemania. Adem\u00e1s fue declarado de inter\u00e9s por el <a href=\"http:\/\/grupomontevideo.org\/ndca\/casaludhumana\/\">Comit\u00e9 Acad\u00e9mico Salud Humana<\/a> de la Asociaci\u00f3n de Universidades Grupo Montevideo.<\/p>\n<p style=\"text-align: justify;\"><span style=\"font-weight: 400;\"><strong>Los ejes tem\u00e1ticos de esta edici\u00f3n ser\u00e1n Oncolog\u00eda, Cardiolog\u00eda, Inmunolog\u00eda, Fertilidad, Biof\u00edsica y Nanotecnolog\u00eda, e Imagenolog\u00eda. Los res\u00famenes deben ser cargados hasta el 21 de febrero despu\u00e9s de completar el formulario que puede encontrar aqu\u00ed<\/strong>. La <strong>inscripci\u00f3n<\/strong>, por otro lado, <a href=\"https:\/\/www.eventbrite.com.ar\/e\/ii-simposio-internacional-de-medicina-traslacional-tickets-54168366041\">puede ser realizada aqu\u00ed<\/a>. <\/span><\/p>\n<p style=\"text-align: justify;\"><span style=\"font-weight: 400;\">\u201c<\/span><i><span style=\"font-weight: 400;\">Segunda edici\u00f3n del Simposio Internacional en Medicina Traslacional, con el desaf\u00edo de establecer patrones de trabajo colaborativo entre quienes estudian la biolog\u00eda de las enfermedades humanas y quienes se dedican a la investigaci\u00f3n cient\u00edfica b\u00e1sica, a fin de obtener mayores resultados en provecho de la salud humana\u201d, <\/span><\/i><span style=\"font-weight: 400;\">deine el sitio del evento.<\/span><\/p>\n<p style=\"text-align: justify;\"><span style=\"font-weight: 400;\">El primer Simposio, realizado en el marco de la Feria Internacional de la Educaci\u00f3n Superior, con sede tambi\u00e9n en la UNCuyo,\u00a0 que tuvo lugar los d\u00edas 5 y 6 de marzo de 2018, enfocado en enfermedades cardiovasculares, neurol\u00f3gicas y c\u00e1ncer.<\/span><\/p>\n<p style=\"text-align: justify;\"><strong>Premios<\/strong><\/p>\n<p style=\"text-align: justify;\">Durante este evento conjunto, el\u00a0<strong>Instituto\u00a0BioThera-Roland Mertelsmann Stiftung\u00a0<\/strong>otorgar\u00e1 el\u00a0<strong>premio Young Investigator<\/strong>\u00a0a j\u00f3venes menores de 35 a\u00f1os, que presenten su trabajo en el Simposio en alguna de las 30 distintas \u00e1reas de las ciencias biom\u00e9dicas previstas (detalladas en el\u00a0<strong>formulario de carga de abstracts<\/strong>).<\/p>\n<p><strong><a href=\"http:\/\/simposio.fcm.uncu.edu.ar\/premios-young-investigator\/\">Vea m\u00e1s detalles<\/a><\/strong><\/p>\n","protected":false},"excerpt":{"rendered":"<p>Se llevar\u00e1 a cabo el 7 y 8 de marzo en Argentina y los res\u00famenes se reciben hasta el 21 de febrero. <\/p>\n","protected":false},"author":1,"featured_media":4659,"comment_status":"closed","ping_status":"closed","sticky":false,"template":"","format":"standard","meta":{"footnotes":""},"categories":[48],"tags":[],"class_list":["post-4657","post","type-post","status-publish","format-standard","has-post-thumbnail","hentry","category-archivo-de-noticias"],"wpmagazine_modules_lite_featured_media_urls":{"thumbnail":["https:\/\/grupomontevideo.org\/site\/wp-content\/uploads\/2019\/02\/Simposio-Traslacional.png",150,75,false],"cvmm-medium":["https:\/\/grupomontevideo.org\/site\/wp-content\/uploads\/2019\/02\/Simposio-Traslacional.png",300,150,false],"cvmm-medium-plus":["https:\/\/grupomontevideo.org\/site\/wp-content\/uploads\/2019\/02\/Simposio-Traslacional.png",305,153,false],"cvmm-portrait":["https:\/\/grupomontevideo.org\/site\/wp-content\/uploads\/2019\/02\/Simposio-Traslacional.png",400,200,false],"cvmm-medium-square":["https:\/\/grupomontevideo.org\/site\/wp-content\/uploads\/2019\/02\/Simposio-Traslacional.png",600,300,false],"cvmm-large":["https:\/\/grupomontevideo.org\/site\/wp-content\/uploads\/2019\/02\/Simposio-Traslacional.png",800,400,false],"cvmm-small":["https:\/\/grupomontevideo.org\/site\/wp-content\/uploads\/2019\/02\/Simposio-Traslacional.png",130,65,false],"full":["https:\/\/grupomontevideo.org\/site\/wp-content\/uploads\/2019\/02\/Simposio-Traslacional.png",800,400,false]},"categories_names":{"48":{"name":"Archivo de noticias","link":"https:\/\/grupomontevideo.org\/site\/category\/archivo-de-noticias\/"}},"tags_names":[],"comments_number":"0","_links":{"self":[{"href":"https:\/\/grupomontevideo.org\/site\/wp-json\/wp\/v2\/posts\/4657","targetHints":{"allow":["GET"]}}],"collection":[{"href":"https:\/\/grupomontevideo.org\/site\/wp-json\/wp\/v2\/posts"}],"about":[{"href":"https:\/\/grupomontevideo.org\/site\/wp-json\/wp\/v2\/types\/post"}],"author":[{"embeddable":true,"href":"https:\/\/grupomontevideo.org\/site\/wp-json\/wp\/v2\/users\/1"}],"replies":[{"embeddable":true,"href":"https:\/\/grupomontevideo.org\/site\/wp-json\/wp\/v2\/comments?post=4657"}],"version-history":[{"count":1,"href":"https:\/\/grupomontevideo.org\/site\/wp-json\/wp\/v2\/posts\/4657\/revisions"}],"predecessor-version":[{"id":15867,"href":"https:\/\/grupomontevideo.org\/site\/wp-json\/wp\/v2\/posts\/4657\/revisions\/15867"}],"wp:featuredmedia":[{"embeddable":true,"href":"https:\/\/grupomontevideo.org\/site\/wp-json\/wp\/v2\/media\/4659"}],"wp:attachment":[{"href":"https:\/\/grupomontevideo.org\/site\/wp-json\/wp\/v2\/media?parent=4657"}],"wp:term":[{"taxonomy":"category","embeddable":true,"href":"https:\/\/grupomontevideo.org\/site\/wp-json\/wp\/v2\/categories?post=4657"},{"taxonomy":"post_tag","embeddable":true,"href":"https:\/\/grupomontevideo.org\/site\/wp-json\/wp\/v2\/tags?post=4657"}],"curies":[{"name":"wp","href":"https:\/\/api.w.org\/{rel}","templated":true}]}}