{"id":4650,"date":"2019-02-15T13:56:12","date_gmt":"2019-02-15T13:56:12","guid":{"rendered":"http:\/\/grupomontevideo.org\/sitio\/?post_type=noticias&#038;p=4650"},"modified":"2022-06-22T16:42:29","modified_gmt":"2022-06-22T16:42:29","slug":"convocatoria-2019-de-la-revista-e","status":"publish","type":"post","link":"https:\/\/grupomontevideo.org\/site\/convocatoria-2019-de-la-revista-e\/","title":{"rendered":"Convocatoria 2019  de la Revista +E"},"content":{"rendered":"<p style=\"text-align: justify;\"><span style=\"font-weight: 400;\">La <strong>Revista +E de la Secretar\u00eda de Extensi\u00f3n de la Universidad Nacional del Litoral<\/strong> (UNL, Argentina) <strong>abri\u00f3 la convocatoria a la comunidad acad\u00e9mica de Am\u00e9rica Latina y el Caribe para su volumen 9<\/strong>, que llevar\u00e1 por t\u00edtulo \u201c<\/span><strong><i>Cultura(s) en clave de extensi\u00f3n universitaria. Tramas, identidades y pol\u00edticas en la construcci\u00f3n del territorio\u00bb<\/i><\/strong><span style=\"font-weight: 400;\">.<\/span><\/p>\n<p style=\"text-align: justify;\">Esta edici\u00f3n de la revista tendr\u00e1 dos n\u00fameros (10 y 11) y para cada uno se fijaron plazos de entrega de los trabajos, que pueden ser en espa\u00f1ol o portugu\u00e9s. <strong>El primer cierre ser\u00e1 el 26 de abril (para publicar en junio) y el segundo el 28 de junio (para publicar en diciembre)<\/strong><\/p>\n<p style=\"text-align: justify;\"><span style=\"font-weight: 400;\">\u201c<\/span><i><span style=\"font-weight: 400;\">Se apostar\u00e1 a que los art\u00edculos contemplen, por un lado, las perspectivas te\u00f3ricas culturales desde las cuales se define la extensi\u00f3n en distintos campos de conocimiento o \u00e1mbitos de actuaci\u00f3n. Por otro lado, aquellos que refieran a las pol\u00edticas y pr\u00e1cticas extensionistas en materia cultural\u201d, <\/span><\/i><span style=\"font-weight: 400;\">explica la convocatoria.<\/span><\/p>\n<p style=\"text-align: justify;\"><b>La Revista +E, declarada de inter\u00e9s por la\u00a0<a href=\"http:\/\/grupomontevideo.org\/cp\/cpextensionuniversitaria\/\">Comisi\u00f3n Permanente de Extensi\u00f3n Universitaria\u00a0de AUGM<\/a>, es de distribuci\u00f3n gratuita en formato impreso y digital y el contenido del N\u00ba 8 y de las ediciones anteriores puede ser consultado en el\u00a0<\/b><b><a href=\"https:\/\/bibliotecavirtual.unl.edu.ar\/publicaciones\/index.php\/Extension\/issue\/view\/703\">siguiente sitio web<\/a>.<\/b>\u00a0Adem\u00e1s se encuentra indexada en la\u00a0Bibliograf\u00eda Latinoamericana \u00a0(<a href=\"http:\/\/biblat.unam.mx\/es\">link<\/a>), en la\u00a0Red Iberoamericana de Innovaci\u00f3n y Conocimiento Cient\u00edfico (<a href=\"http:\/\/href%3D%22https\/\/www.redib.org\/recursos\/Record\/oai_revista2475-revista-extension-universitaria-+e%22%3Elink\">link<\/a>), en las\u00a0Citas Latinoamericanas en Ciencias Sociales y Humanidades (\u00a0<a href=\"http:\/\/clase.unam.mx\/\">link<\/a>), entre otras tantas.<\/p>\n<p><strong>Vea m\u00e1s detalles en el <a href=\"https:\/\/bibliotecavirtual.unl.edu.ar\/publicaciones\/index.php\/Extension\">sitio de la Revista +E<\/a><\/strong><\/p>\n<p style=\"text-align: justify;\"><span style=\"font-weight: 400;\">El llamado est\u00e1 dirigido a equipos de extensi\u00f3n, miembros de organizaciones sociales y funcionarios de gobiernos ligados a proyectos de extensi\u00f3n que deseen presentar art\u00edculos en las siguientes l\u00edneas.<\/span><\/p>\n<p style=\"text-align: justify;\"><span style=\"font-weight: 400;\"><strong>-Perspectivas culturales que abonan el campo de la extensi\u00f3n universitaria<\/strong>. Enfoques, conceptualizaciones y metodolog\u00edas que permiten definir a la extensi\u00f3n, dise\u00f1ar pol\u00edticas, gestionar e intervenir los territorios. Desde d\u00f3nde pensar las identidades, las subjetividades y lo discursivo cuando se abordan proyectos de extensi\u00f3n.<\/span><\/p>\n<p style=\"text-align: justify;\"><span style=\"font-weight: 400;\"><strong>-Pol\u00edticas y gesti\u00f3n cultural en extensi\u00f3n universitaria<\/strong>. Definiciones, planificaci\u00f3n, monitoreo y evaluaci\u00f3n de programas, proyectos y acciones de extensi\u00f3n: procesos, instrumentos y resultados. Los aportes de la extensi\u00f3n para favorecer las pol\u00edticas p\u00fablicas y enriquecer los procesos culturales que se dan en el territorio.<\/span><\/p>\n<p style=\"text-align: justify;\"><span style=\"font-weight: 400;\"><strong>-Integralidad de funciones. Contribuciones de las perspectivas culturales para sustentar la integraci\u00f3n de la extensi\u00f3n con la investigaci\u00f3n y la docencia<\/strong>. Experiencias de integraci\u00f3n de funciones en torno a proyectos y pr\u00e1cticas de extensi\u00f3n en el campo de la cultura. An\u00e1lisis cr\u00edtico de procesos y resultados. Trabajo colaborativo entre estudiantes, docentes y organizaciones sociales o estatales. Desaf\u00edos del trabajo interdisciplinario.<\/span><\/p>\n<p style=\"text-align: justify;\"><span style=\"font-weight: 400;\"><strong>-Arte, tecnolog\u00edas y territorio digital<\/strong>. Nuevos entramados para pensar las identidades colectivas en las intervenciones de extensi\u00f3n universitaria. Narrativas transmedia, comunidades virtuales y nuevas configuraciones del espacio p\u00fablico como objetivo de intervenci\u00f3n de los programas y proyectos de extensi\u00f3n universitaria. La creatividad y la innovaci\u00f3n social puestas en juego en los proyectos de extensi\u00f3n sociocultural.<\/span><\/p>\n<p style=\"text-align: justify;\"><span style=\"font-weight: 400;\"><strong>-Patrimonio vivo<\/strong>. El trabajo de los museos universitarios como dispositivos de reactualizaci\u00f3n del pasado en la memoria y en las identidades colectivas.<\/span><\/p>\n<p style=\"text-align: justify;\"><span style=\"font-weight: 400;\"><strong>-Cultura en los m\u00e1rgenes<\/strong>. La intervenci\u00f3n sociocultural ligada a nuevas problem\u00e1ticas sociales y territorialidades. La relaci\u00f3n de la universidad y los movimientos sociales en los proyectos de extensi\u00f3n. La cuesti\u00f3n territorial ind\u00edgena y la extensi\u00f3n universitaria: intersecciones, tramas y conflictos.<\/span><\/p>\n<p style=\"text-align: justify;\"><strong>Ver bases y condiciones en <a href=\"https:\/\/bibliotecavirtual.unl.edu.ar\/publicaciones\/index.php\/Extension\/about\">informaci\u00f3n para autores<\/a><\/strong><\/p>\n","protected":false},"excerpt":{"rendered":"<p>Esta publicaci\u00f3n de la Universidad Nacional del Litoral tiene dos fechas de cierra: abril y junio<\/p>\n","protected":false},"author":1,"featured_media":4651,"comment_status":"closed","ping_status":"closed","sticky":false,"template":"","format":"standard","meta":{"footnotes":""},"categories":[48],"tags":[],"class_list":["post-4650","post","type-post","status-publish","format-standard","has-post-thumbnail","hentry","category-archivo-de-noticias"],"wpmagazine_modules_lite_featured_media_urls":{"thumbnail":["https:\/\/grupomontevideo.org\/site\/wp-content\/uploads\/2019\/02\/REvista-E.jpg",150,49,false],"cvmm-medium":["https:\/\/grupomontevideo.org\/site\/wp-content\/uploads\/2019\/02\/REvista-E.jpg",300,97,false],"cvmm-medium-plus":["https:\/\/grupomontevideo.org\/site\/wp-content\/uploads\/2019\/02\/REvista-E.jpg",305,99,false],"cvmm-portrait":["https:\/\/grupomontevideo.org\/site\/wp-content\/uploads\/2019\/02\/REvista-E.jpg",400,130,false],"cvmm-medium-square":["https:\/\/grupomontevideo.org\/site\/wp-content\/uploads\/2019\/02\/REvista-E.jpg",600,195,false],"cvmm-large":["https:\/\/grupomontevideo.org\/site\/wp-content\/uploads\/2019\/02\/REvista-E.jpg",965,313,false],"cvmm-small":["https:\/\/grupomontevideo.org\/site\/wp-content\/uploads\/2019\/02\/REvista-E.jpg",130,42,false],"full":["https:\/\/grupomontevideo.org\/site\/wp-content\/uploads\/2019\/02\/REvista-E.jpg",965,313,false]},"categories_names":{"48":{"name":"Archivo de noticias","link":"https:\/\/grupomontevideo.org\/site\/category\/archivo-de-noticias\/"}},"tags_names":[],"comments_number":"0","_links":{"self":[{"href":"https:\/\/grupomontevideo.org\/site\/wp-json\/wp\/v2\/posts\/4650","targetHints":{"allow":["GET"]}}],"collection":[{"href":"https:\/\/grupomontevideo.org\/site\/wp-json\/wp\/v2\/posts"}],"about":[{"href":"https:\/\/grupomontevideo.org\/site\/wp-json\/wp\/v2\/types\/post"}],"author":[{"embeddable":true,"href":"https:\/\/grupomontevideo.org\/site\/wp-json\/wp\/v2\/users\/1"}],"replies":[{"embeddable":true,"href":"https:\/\/grupomontevideo.org\/site\/wp-json\/wp\/v2\/comments?post=4650"}],"version-history":[{"count":1,"href":"https:\/\/grupomontevideo.org\/site\/wp-json\/wp\/v2\/posts\/4650\/revisions"}],"predecessor-version":[{"id":15868,"href":"https:\/\/grupomontevideo.org\/site\/wp-json\/wp\/v2\/posts\/4650\/revisions\/15868"}],"wp:featuredmedia":[{"embeddable":true,"href":"https:\/\/grupomontevideo.org\/site\/wp-json\/wp\/v2\/media\/4651"}],"wp:attachment":[{"href":"https:\/\/grupomontevideo.org\/site\/wp-json\/wp\/v2\/media?parent=4650"}],"wp:term":[{"taxonomy":"category","embeddable":true,"href":"https:\/\/grupomontevideo.org\/site\/wp-json\/wp\/v2\/categories?post=4650"},{"taxonomy":"post_tag","embeddable":true,"href":"https:\/\/grupomontevideo.org\/site\/wp-json\/wp\/v2\/tags?post=4650"}],"curies":[{"name":"wp","href":"https:\/\/api.w.org\/{rel}","templated":true}]}}