{"id":4646,"date":"2019-02-14T13:42:07","date_gmt":"2019-02-14T13:42:07","guid":{"rendered":"http:\/\/grupomontevideo.org\/sitio\/?post_type=noticias&#038;p=4646"},"modified":"2022-06-22T16:42:29","modified_gmt":"2022-06-22T16:42:29","slug":"decimo-webinar-de-riesal-buenas-practicas-en-la-gestion-de-la-movilidad-estudiantil","status":"publish","type":"post","link":"https:\/\/grupomontevideo.org\/site\/decimo-webinar-de-riesal-buenas-practicas-en-la-gestion-de-la-movilidad-estudiantil\/","title":{"rendered":"D\u00e9cimo webinar de RIESAL: \u201cBuenas pr\u00e1cticas en la gesti\u00f3n de la movilidad estudiantil\u201d"},"content":{"rendered":"<p style=\"text-align: justify;\"><span style=\"font-weight: 400;\">La<strong> Red Regional para el fomento de la Internacionalizaci\u00f3n de la Educaci\u00f3n Superior en Am\u00e9rica Latina<\/strong> (RIESAL) llevar\u00e1 adelante su <strong>d\u00e9cimo webinar<\/strong>, esta vez con el t\u00edtulo<strong> \u00a0\u201cBuenas pr\u00e1cticas en la gesti\u00f3n de la movilidad estudiantil\u201d<\/strong>, a cargo de la <strong>Universidad ORT<\/strong>, instituci\u00f3n de uruguay que forma parte de la red.<\/span><\/p>\n<p style=\"text-align: justify;\">El webinar tendr\u00e1 verificativo el <strong>martes 26 de febrero a las 14:00 (hora de Montevideo)<\/strong> con una duraci\u00f3n de una hora y media. Ser\u00e1 impartido en espa\u00f1ol por Miriam Kemna, coordinadora de Intercambio Estudiantil de la Direcci\u00f3n de Relaciones Internacionales,y Mar\u00eda Noel Irabedra, coordinadora Adjunta de Intercambio Estudiantil, ambas en la Universidad ORT.<\/p>\n<p style=\"text-align: justify;\"><span style=\"font-weight: 400;\">\u201c<\/span><i><span style=\"font-weight: 400;\">La Universidad ORT Uruguay (ORT) dispone de una vasta experiencia en la gesti\u00f3n de la movilidad estudiantil. Desde hace m\u00e1s de una d\u00e9cada cuenta con una oficina dedicada a esta importante actividad de internacionalizaci\u00f3n, facilitando la movilidad de unos 300 estudiantes (entrantes y salientes) cada a\u00f1o, y orientando a toda la comunidad acad\u00e9mica de ORT en la tem\u00e1tica<\/span><\/i><span style=\"font-weight: 400;\">\u201d, anuncia RIESAL.<\/span><\/p>\n<p style=\"text-align: justify;\"><span style=\"font-weight: 400;\"><strong>Los temas que se abordar\u00e1n<\/strong> son breve introducci\u00f3n a la Movilidad Estudiantil y el concepto de buenas pr\u00e1cticas; la estrategia de la movilidad estudiantil como elemento de internacionalizaci\u00f3n; hacia una creciente profesionalizaci\u00f3n de la gesti\u00f3n de la movilidad estudiantil; personalizaci\u00f3n de la atenci\u00f3n a los estudiantes; Programa Padrinos: integraci\u00f3n de estudiantes locales e internacionales; incentivos para fomentar la movilidad estudiantil; y objetivos a futuro.<\/span><\/p>\n<p style=\"text-align: justify;\"><span style=\"font-weight: 400;\"><strong>Para participar se debe realizar el registro -toma aproximadamente 10 minutos- en <a href=\"http:\/\/webinar11riesal.questionpro.com\/\">este link<\/a><\/strong>. Los datos que proporcione ser\u00e1n confidenciales, an\u00f3nimos y utilizados con fines estad\u00edsticos y de reporte a la Comisi\u00f3n Europea. Al finalizar su registro le recibir\u00e1 \u00a0al correo donde encontrar\u00e1 las instrucciones para conectarse al Webinar (revise su bandeja de correo no deseado). <\/span><\/p>\n<p style=\"text-align: justify;\"><span style=\"font-weight: 400;\"><strong>Los webinars est\u00e1n dirigidos a integrantes de la comunidad de educaci\u00f3n superior de Am\u00e9rica Latina y el Caribe: profesores, investigadores, directivos, administrativos y estudiantes<\/strong>. Son solventados por la Comisi\u00f3n Europea y los socios RIESAL, lo que permite la participaci\u00f3n de hasta 100 personas de forma totalmente gratuita en cada uno de ellos. <\/span><\/p>\n<p style=\"text-align: justify;\"><span style=\"font-weight: 400;\">RIESAL es un proyecto de fortalecimiento y cooperaci\u00f3n institucional \u00a0promovido y co-financiado por el programa Erasmus+ de la Uni\u00f3n Europea.<\/span><\/p>\n","protected":false},"excerpt":{"rendered":"<p>El pr\u00f3ximo 26 de febrero a las 14 horas de Uruguay. Inscripci\u00f3n gratuita y limitada <\/p>\n","protected":false},"author":1,"featured_media":4647,"comment_status":"closed","ping_status":"closed","sticky":false,"template":"","format":"standard","meta":{"footnotes":""},"categories":[48],"tags":[],"class_list":["post-4646","post","type-post","status-publish","format-standard","has-post-thumbnail","hentry","category-archivo-de-noticias"],"wpmagazine_modules_lite_featured_media_urls":{"thumbnail":["https:\/\/grupomontevideo.org\/site\/wp-content\/uploads\/2019\/02\/Webinar-ORT-2.png",150,94,false],"cvmm-medium":["https:\/\/grupomontevideo.org\/site\/wp-content\/uploads\/2019\/02\/Webinar-ORT-2.png",300,188,false],"cvmm-medium-plus":["https:\/\/grupomontevideo.org\/site\/wp-content\/uploads\/2019\/02\/Webinar-ORT-2.png",305,191,false],"cvmm-portrait":["https:\/\/grupomontevideo.org\/site\/wp-content\/uploads\/2019\/02\/Webinar-ORT-2.png",400,250,false],"cvmm-medium-square":["https:\/\/grupomontevideo.org\/site\/wp-content\/uploads\/2019\/02\/Webinar-ORT-2.png",600,375,false],"cvmm-large":["https:\/\/grupomontevideo.org\/site\/wp-content\/uploads\/2019\/02\/Webinar-ORT-2.png",1000,625,false],"cvmm-small":["https:\/\/grupomontevideo.org\/site\/wp-content\/uploads\/2019\/02\/Webinar-ORT-2.png",130,81,false],"full":["https:\/\/grupomontevideo.org\/site\/wp-content\/uploads\/2019\/02\/Webinar-ORT-2.png",1000,625,false]},"categories_names":{"48":{"name":"Archivo de noticias","link":"https:\/\/grupomontevideo.org\/site\/category\/archivo-de-noticias\/"}},"tags_names":[],"comments_number":"0","_links":{"self":[{"href":"https:\/\/grupomontevideo.org\/site\/wp-json\/wp\/v2\/posts\/4646","targetHints":{"allow":["GET"]}}],"collection":[{"href":"https:\/\/grupomontevideo.org\/site\/wp-json\/wp\/v2\/posts"}],"about":[{"href":"https:\/\/grupomontevideo.org\/site\/wp-json\/wp\/v2\/types\/post"}],"author":[{"embeddable":true,"href":"https:\/\/grupomontevideo.org\/site\/wp-json\/wp\/v2\/users\/1"}],"replies":[{"embeddable":true,"href":"https:\/\/grupomontevideo.org\/site\/wp-json\/wp\/v2\/comments?post=4646"}],"version-history":[{"count":1,"href":"https:\/\/grupomontevideo.org\/site\/wp-json\/wp\/v2\/posts\/4646\/revisions"}],"predecessor-version":[{"id":15869,"href":"https:\/\/grupomontevideo.org\/site\/wp-json\/wp\/v2\/posts\/4646\/revisions\/15869"}],"wp:featuredmedia":[{"embeddable":true,"href":"https:\/\/grupomontevideo.org\/site\/wp-json\/wp\/v2\/media\/4647"}],"wp:attachment":[{"href":"https:\/\/grupomontevideo.org\/site\/wp-json\/wp\/v2\/media?parent=4646"}],"wp:term":[{"taxonomy":"category","embeddable":true,"href":"https:\/\/grupomontevideo.org\/site\/wp-json\/wp\/v2\/categories?post=4646"},{"taxonomy":"post_tag","embeddable":true,"href":"https:\/\/grupomontevideo.org\/site\/wp-json\/wp\/v2\/tags?post=4646"}],"curies":[{"name":"wp","href":"https:\/\/api.w.org\/{rel}","templated":true}]}}