{"id":4638,"date":"2019-02-11T16:22:50","date_gmt":"2019-02-11T16:22:50","guid":{"rendered":"http:\/\/grupomontevideo.org\/sitio\/?post_type=noticias&#038;p=4638"},"modified":"2022-06-22T16:42:29","modified_gmt":"2022-06-22T16:42:29","slug":"en-la-unq-los-investigadores-tienen-la-palabra","status":"publish","type":"post","link":"https:\/\/grupomontevideo.org\/site\/en-la-unq-los-investigadores-tienen-la-palabra\/","title":{"rendered":"En la UNQ, los investigadores tienen la palabra"},"content":{"rendered":"<div>\n<p style=\"text-align: justify;\">En septiembre de 2016 nacieron los\u00a0Lunes de Ciencia\u00a0en la Universidad Nacional de Quilmes (UNQ). As\u00ed, lo que comenz\u00f3 como un espacio para compartir las investigaciones de los docentes de la casa, a fines de 2017 se convirti\u00f3 en el\u00a0<a href=\"http:\/\/www.unq.edu.ar\/noticias\/3108-la-ciencia-por-otros-medios-nuestra-investigaci%C3%B3n-en-un-solo-lugar.php\">primer volumen de una colecci\u00f3n de divulgaci\u00f3n<\/a>\u00a0que hoy\u00a0<a href=\"https:\/\/issuu.com\/unqoficial\/docs\/anuario__1_\">presenta su segunda parte apta para todo p\u00fablico<\/a>. En la UNQ est\u00e1n convencidos de que la mejor manera de comunicar los hallazgos y avances producidos es a trav\u00e9s de la voz de sus protagonistas excluyentes, por eso tambi\u00e9n el material\u00a0<a href=\"https:\/\/issuu.com\/unqoficial\/docs\/anuario__1_\">puede leerse desde este enlace<\/a>\u00a0o\u00a0<a href=\"http:\/\/www.unq.edu.ar\/advf\/documentos\/5c17c34d7b2be.pdf\">descargarse desde los\u00a0<em>Documentos para descargar<\/em><\/a>.<\/p>\n<p style=\"text-align: justify;\"><strong><a href=\"http:\/\/www.unq.edu.ar\/advf\/documentos\/5c17c34d7b2be.pdf\">\u201cLa ciencia por otros medios. Vol. 2\u201d<\/a><\/strong>\u00a0recupera un corpus de 36 entrevistas y notas con referentes provenientes de distintas \u00e1reas de trabajo y disciplinas, realizadas entre noviembre de 2017 y octubre de 2018. Junto a los tradicionales di\u00e1logos con los investigadores de la casa (que representan a los diferentes Departamentos de Ciencias Sociales, Ciencia y Tecnolog\u00eda, Econom\u00eda y Administraci\u00f3n y a la Escuela Universitaria de Artes) tambi\u00e9n sumamos nuevas secciones. As\u00ed, te presentamos \u201cTemas que marcaron la agenda\u201d, un lugar para comunicar noticias que fijaron el pulso de la realidad institucional a lo largo del a\u00f1o; \u201cEfem\u00e9rides\u201d, textos convertidos en escenarios de reflexi\u00f3n por intermedio del cual nuestros referentes argumentan y opinan con libertad sobre aquellas fechas grabadas a fuego en la memoria de nuestro pa\u00eds; y \u201cColumnas de becarios\u201d, para compartir con la comunidad las l\u00edneas de investigaci\u00f3n que comienzan a explorar los j\u00f3venes talentos, el semillero de la UNQ.<\/p>\n<p style=\"text-align: justify;\">De este modo, los especialistas cuentan todos los detalles sobre la actualidad de \u00e1reas del conocimiento bien diversas como salud y nanomedicina, ingenier\u00eda, biolog\u00eda molecular, comunicaci\u00f3n y periodismo, econom\u00eda, sociolog\u00eda, antropolog\u00eda e historia, entre otras. Diferentes aportes se cruzan en un material original que recopila y recupera la multiplicidad de perspectivas y puntos de vista que hay en nuestra instituci\u00f3n.<\/p>\n<p style=\"text-align: justify;\">Sin embargo, debemos ser justos y se\u00f1alar que el libro no agota la totalidad de l\u00edneas de trabajo existentes en la UNQ. Esto reci\u00e9n comienza, ya que apenas re\u00fane una parte muy peque\u00f1a \u2013aunque, por supuesto, nada desde\u00f1able\u2013 de los recursos humanos que afortunadamente la componen. Quedan invitados a observar, disfrutar y criticar el libro porque: \u00a1si el conocimiento no se comparte, tanto esfuerzo no sirve de nada!<\/p>\n<p><strong>Fuente:\u00a0<\/strong><br \/>\n<em>Texto: <\/em><em>Noticias UNQ<\/em><br \/>\n<em>Imagen: Noticias UNQ<\/em>\n<\/div>\n","protected":false},"excerpt":{"rendered":"<p>\u201cLa ciencia por otros medios. Vol. 2\u201d, libro del programa de comunicaci\u00f3n p\u00fablica de la ciencia. <\/p>\n","protected":false},"author":1,"featured_media":4639,"comment_status":"closed","ping_status":"closed","sticky":false,"template":"","format":"standard","meta":{"footnotes":""},"categories":[48],"tags":[],"class_list":["post-4638","post","type-post","status-publish","format-standard","has-post-thumbnail","hentry","category-archivo-de-noticias"],"wpmagazine_modules_lite_featured_media_urls":{"thumbnail":["https:\/\/grupomontevideo.org\/site\/wp-content\/uploads\/2019\/02\/Ciencia-x-otros-medios.jpg",150,97,false],"cvmm-medium":["https:\/\/grupomontevideo.org\/site\/wp-content\/uploads\/2019\/02\/Ciencia-x-otros-medios.jpg",300,195,false],"cvmm-medium-plus":["https:\/\/grupomontevideo.org\/site\/wp-content\/uploads\/2019\/02\/Ciencia-x-otros-medios.jpg",305,198,false],"cvmm-portrait":["https:\/\/grupomontevideo.org\/site\/wp-content\/uploads\/2019\/02\/Ciencia-x-otros-medios.jpg",400,260,false],"cvmm-medium-square":["https:\/\/grupomontevideo.org\/site\/wp-content\/uploads\/2019\/02\/Ciencia-x-otros-medios.jpg",430,279,false],"cvmm-large":["https:\/\/grupomontevideo.org\/site\/wp-content\/uploads\/2019\/02\/Ciencia-x-otros-medios.jpg",430,279,false],"cvmm-small":["https:\/\/grupomontevideo.org\/site\/wp-content\/uploads\/2019\/02\/Ciencia-x-otros-medios.jpg",130,84,false],"full":["https:\/\/grupomontevideo.org\/site\/wp-content\/uploads\/2019\/02\/Ciencia-x-otros-medios.jpg",430,279,false]},"categories_names":{"48":{"name":"Archivo de noticias","link":"https:\/\/grupomontevideo.org\/site\/category\/archivo-de-noticias\/"}},"tags_names":[],"comments_number":"0","_links":{"self":[{"href":"https:\/\/grupomontevideo.org\/site\/wp-json\/wp\/v2\/posts\/4638","targetHints":{"allow":["GET"]}}],"collection":[{"href":"https:\/\/grupomontevideo.org\/site\/wp-json\/wp\/v2\/posts"}],"about":[{"href":"https:\/\/grupomontevideo.org\/site\/wp-json\/wp\/v2\/types\/post"}],"author":[{"embeddable":true,"href":"https:\/\/grupomontevideo.org\/site\/wp-json\/wp\/v2\/users\/1"}],"replies":[{"embeddable":true,"href":"https:\/\/grupomontevideo.org\/site\/wp-json\/wp\/v2\/comments?post=4638"}],"version-history":[{"count":1,"href":"https:\/\/grupomontevideo.org\/site\/wp-json\/wp\/v2\/posts\/4638\/revisions"}],"predecessor-version":[{"id":15870,"href":"https:\/\/grupomontevideo.org\/site\/wp-json\/wp\/v2\/posts\/4638\/revisions\/15870"}],"wp:featuredmedia":[{"embeddable":true,"href":"https:\/\/grupomontevideo.org\/site\/wp-json\/wp\/v2\/media\/4639"}],"wp:attachment":[{"href":"https:\/\/grupomontevideo.org\/site\/wp-json\/wp\/v2\/media?parent=4638"}],"wp:term":[{"taxonomy":"category","embeddable":true,"href":"https:\/\/grupomontevideo.org\/site\/wp-json\/wp\/v2\/categories?post=4638"},{"taxonomy":"post_tag","embeddable":true,"href":"https:\/\/grupomontevideo.org\/site\/wp-json\/wp\/v2\/tags?post=4638"}],"curies":[{"name":"wp","href":"https:\/\/api.w.org\/{rel}","templated":true}]}}