{"id":4624,"date":"2019-02-08T13:19:35","date_gmt":"2019-02-08T13:19:35","guid":{"rendered":"http:\/\/grupomontevideo.org\/sitio\/?post_type=noticias&#038;p=4624"},"modified":"2022-06-22T16:42:30","modified_gmt":"2022-06-22T16:42:30","slug":"convocatoria-al-taller-conjunto-sobre-sostenibilidad-del-coimbra-group-y-el-grupo-montevideo","status":"publish","type":"post","link":"https:\/\/grupomontevideo.org\/site\/convocatoria-al-taller-conjunto-sobre-sostenibilidad-del-coimbra-group-y-el-grupo-montevideo\/","title":{"rendered":"Taller conjunto sobre sostenibilidad del Grupo Montevideo y Coimbra Group"},"content":{"rendered":"<p style=\"text-align: justify;\"><span style=\"font-weight: 400;\"><strong>Unos 20 trabajos de doctorado producidos en universidades de la regi\u00f3n y de Europa se presentaron en el taller sobre sostenibilidad destinada a j\u00f3venes investigadores del Coimbra Group Universities (CG) y la Asociaci\u00f3n de Universidades Grupo Montevideo<\/strong> (AUGM), evento que se llev\u00f3 a cabo el <strong>10 de mayo en la Universidade Federal do Rio Grande do Sul<\/strong>, Porto Alegre (Brasil).<\/span><\/p>\n<p style=\"text-align: justify;\"><strong>Se trat\u00f3 de una oportunidad para estudiantes de doctorado (PhD) o j\u00f3venes investigadores (posdoctorandos) de promover un futuro sostenible<\/strong>. Se exploraron enfoques complementarios entre Am\u00e9rica Latina y Europa, adem\u00e1s de identificar problemas comunes, agendas, prioridades y propuestas que podr\u00edan fomentar una investigaci\u00f3n conjunta adecuada entre los grupos de investigaci\u00f3n de AUGM y GC.<\/p>\n<p style=\"text-align: justify;\"><span style=\"font-weight: 400;\">Los temas incluidos en la convocatoria incluyeron <strong>gobernanza y desarrollo sostenible, sostenibilidad ambiental, social y econ\u00f3mica, sostenibilidad e infraestructura, agricultura sostenible, y estrategias \u00e9ticamente sostenible<\/strong>.\u00a0<\/span><\/p>\n<p><strong>Vea el sitio del evento <a href=\"http:\/\/grupomontevideo.org\/jwjr\/\">aqu\u00ed\u00a0<\/a><\/strong><\/p>\n<p style=\"text-align: justify;\">Coimbra Group y AUGM firmaron en marzo del 2017 un convenio de cooperaci\u00f3n donde se propusieron el desarrollo de relaciones acad\u00e9micas, culturales y cient\u00edficas. Fue firmado en el marco de la Escuela de Verano que organizaron la CG y AUGM en la Universidad Nacional de Cuyo (UNCuyo).<\/p>\n<p style=\"text-align: justify;\"><strong>Lea el<a href=\"https:\/\/grupomontevideo.org\/site\/wp-content\/uploads\/2015\/11\/Convenio-CG-AUGM.pdf\"> convenio<\/a><\/strong><\/p>\n<hr \/>\n<h3>Lista de trabajos presentados (acceda a las <a href=\"https:\/\/www.dropbox.com\/sh\/cb2azvdy162oia2\/AAAYIi0W89ya48uBMkAKoc3_a?dl=0\">presentaciones aqu\u00ed<\/a>):<\/h3>\n<p><strong>Environmental, social and economic sustainability<\/strong><br \/>\nEliana Berardozzi (Universidad Nacional de La Plata): \u201cUse of columns packed with zero valent iron for obtaining safe water\u201d.<br \/>\nGabrielle Dineck Iop (Universidade Federal de Santa Maria): \u201cEvaluation of an environmental friendly method for the Polymeric E-Waste digestion for further Br and metals determination\u201d.<br \/>\nGaston Ezequiel Maraulo (Universidad de Buenos Aires): \u201cGreen technologies applied to the extraction of bioactive compounds from the waste of the olive oil industry\u201d.<br \/>\nTha\u00eds Helena Prado Corr\u00eaa (Universidade Federal de S\u00e3o Carlos): \u201cEvaluation of resilience from water management in the urban environment as a factor of environmental, economic and social sustainability\u201d.<br \/>\n<strong>Governance and sustainable development\/Infrastructural sustainability<\/strong><br \/>\nErica L. G\u00f3mez (Universidad Nacional del Nordeste): \u201cTowards sustainable mobility: measure of spatial variables and generalized transport cost. application to the northeast of Argentina using econometric models and Geographic Information System (GIS)\u201d.<br \/>\nEsdras Pereira de Souza Filho (Universidade Federal do Rio Grande do Sul): \u201cDevelopment of mining sustainability indicators\u201d.<br \/>\nIzabela Sant\u00b4Ana Storch (Universidade Federal de S\u00e3o Carlos): \u201cStudy of bond behavior between steel bars and self-compacting concrete with low cement consumption produced with steel fibers\u201d.<br \/>\nSandra Campanella (Universidad Nacional del Litoral): \u201cManagement processes for sustainable development in territories\u201d.<br \/>\n<strong>Sustainable agriculture\/Ecological and social sustainability representations<\/strong><br \/>\nClerison Regis Perini (Universidade Federal de Santa Maria): \u201cExpression profile of P450s enzymes found in the head and body tissues of Chrysodeixis 1 includens larvae (Lepidoptera: Noctuidae)\u201d.<br \/>\nJuli\u00e1n Jos\u00e9 Isasti (Universidad Nacional del Sur): \u201cEffects of aeolian processes on carbon balance in agricultural and natural forest ecosystems\u201d.<br \/>\nMatheus Thomaz Nogueira Silva Lima: \u201cPlant biodiversity as sustainable strategy to provide affordable nutrients and therapeutics resources\u201d.<br \/>\nViviana Heguaburu (Universidad de la Rep\u00fablica): \u201cIntegrated Pest Management: Use of sex pheromones for monitoring and control\u201d.<br \/>\nYamil Ezequiel Tavalieri (Universidad Nacional del Litoral): \u201cEndocrine disruption: a warning sign of human activities compromising future sustainability\u201d.<br \/>\n<strong>Ethical sustainable strategies\/Governance and sustainable development<\/strong><br \/>\nAndrea Galarza (Universidad Nacional del Litoral): \u201cSustainable directions for Santa Fe: Energy and climate in the riverbank atmosphere\u201d.<br \/>\nAngela Madeo (Universidad Nacional del Litoral): \u201cSustainability for the community clubs in the city of Santa Fe\u201d.<br \/>\nDagmar Topf Aguiar de Medeiros (University of Edimburgh): \u201cLegitimacy through Constitutionalism \u2013 a Roadmap to Effective Global Climate Change Policy-making\u201d.<br \/>\nGiuseppe Versaci ( Universit\u00e0 degli Studi di Siena): \u201cData protection as a new way for sustainability\u201d.<br \/>\nJuan Pablo Morea (Universidad Nacional de Mar del Plata): \u201cThe management of the use of space as a strategy for the conservation of biodiversity and sustainable development\u201d.<br \/>\nRoberto Kalmar (Universit\u00e4t Graz): \u201cThe Influence of Migration (Movements) in Societies\u201d<br \/>\n<div id='gallery-1' class='gallery galleryid-4624 gallery-columns-3 gallery-size-thumbnail'><figure class='gallery-item'>\n\t\t\t<div class='gallery-icon landscape'>\n\t\t\t\t<a href='https:\/\/grupomontevideo.org\/site\/wp-content\/uploads\/2019\/02\/IMG_1916.jpeg'><img decoding=\"async\" width=\"150\" height=\"113\" src=\"https:\/\/grupomontevideo.org\/site\/wp-content\/uploads\/2019\/02\/IMG_1916.jpeg\" class=\"attachment-thumbnail size-thumbnail\" alt=\"\" \/><\/a>\n\t\t\t<\/div><\/figure><figure class='gallery-item'>\n\t\t\t<div class='gallery-icon landscape'>\n\t\t\t\t<a href='https:\/\/grupomontevideo.org\/site\/wp-content\/uploads\/2019\/02\/IMG_1917.jpeg'><img decoding=\"async\" width=\"150\" height=\"113\" src=\"https:\/\/grupomontevideo.org\/site\/wp-content\/uploads\/2019\/02\/IMG_1917.jpeg\" class=\"attachment-thumbnail size-thumbnail\" alt=\"\" \/><\/a>\n\t\t\t<\/div><\/figure><figure class='gallery-item'>\n\t\t\t<div class='gallery-icon portrait'>\n\t\t\t\t<a href='https:\/\/grupomontevideo.org\/site\/wp-content\/uploads\/2019\/02\/IMG_1932.jpeg'><img decoding=\"async\" width=\"113\" height=\"150\" src=\"https:\/\/grupomontevideo.org\/site\/wp-content\/uploads\/2019\/02\/IMG_1932.jpeg\" class=\"attachment-thumbnail size-thumbnail\" alt=\"\" \/><\/a>\n\t\t\t<\/div><\/figure>\n\t\t<\/div>\n<\/p>\n","protected":false},"excerpt":{"rendered":"<p>El 10 de mayo en la Universidade Federal do Rio Grande do Sul, Porto Alegre, Brasil. <\/p>\n","protected":false},"author":1,"featured_media":5051,"comment_status":"closed","ping_status":"closed","sticky":false,"template":"","format":"standard","meta":{"footnotes":""},"categories":[48],"tags":[],"class_list":["post-4624","post","type-post","status-publish","format-standard","has-post-thumbnail","hentry","category-archivo-de-noticias"],"wpmagazine_modules_lite_featured_media_urls":{"thumbnail":["https:\/\/grupomontevideo.org\/site\/wp-content\/uploads\/2019\/02\/IMG_1922.jpeg",150,113,false],"cvmm-medium":["https:\/\/grupomontevideo.org\/site\/wp-content\/uploads\/2019\/02\/IMG_1922.jpeg",300,225,false],"cvmm-medium-plus":["https:\/\/grupomontevideo.org\/site\/wp-content\/uploads\/2019\/02\/IMG_1922.jpeg",276,207,false],"cvmm-portrait":["https:\/\/grupomontevideo.org\/site\/wp-content\/uploads\/2019\/02\/IMG_1922.jpeg",400,300,false],"cvmm-medium-square":["https:\/\/grupomontevideo.org\/site\/wp-content\/uploads\/2019\/02\/IMG_1922.jpeg",600,450,false],"cvmm-large":["https:\/\/grupomontevideo.org\/site\/wp-content\/uploads\/2019\/02\/IMG_1922.jpeg",1024,768,false],"cvmm-small":["https:\/\/grupomontevideo.org\/site\/wp-content\/uploads\/2019\/02\/IMG_1922.jpeg",127,95,false],"full":["https:\/\/grupomontevideo.org\/site\/wp-content\/uploads\/2019\/02\/IMG_1922.jpeg",1280,960,false]},"categories_names":{"48":{"name":"Archivo de noticias","link":"https:\/\/grupomontevideo.org\/site\/category\/archivo-de-noticias\/"}},"tags_names":[],"comments_number":"0","_links":{"self":[{"href":"https:\/\/grupomontevideo.org\/site\/wp-json\/wp\/v2\/posts\/4624","targetHints":{"allow":["GET"]}}],"collection":[{"href":"https:\/\/grupomontevideo.org\/site\/wp-json\/wp\/v2\/posts"}],"about":[{"href":"https:\/\/grupomontevideo.org\/site\/wp-json\/wp\/v2\/types\/post"}],"author":[{"embeddable":true,"href":"https:\/\/grupomontevideo.org\/site\/wp-json\/wp\/v2\/users\/1"}],"replies":[{"embeddable":true,"href":"https:\/\/grupomontevideo.org\/site\/wp-json\/wp\/v2\/comments?post=4624"}],"version-history":[{"count":1,"href":"https:\/\/grupomontevideo.org\/site\/wp-json\/wp\/v2\/posts\/4624\/revisions"}],"predecessor-version":[{"id":15873,"href":"https:\/\/grupomontevideo.org\/site\/wp-json\/wp\/v2\/posts\/4624\/revisions\/15873"}],"wp:featuredmedia":[{"embeddable":true,"href":"https:\/\/grupomontevideo.org\/site\/wp-json\/wp\/v2\/media\/5051"}],"wp:attachment":[{"href":"https:\/\/grupomontevideo.org\/site\/wp-json\/wp\/v2\/media?parent=4624"}],"wp:term":[{"taxonomy":"category","embeddable":true,"href":"https:\/\/grupomontevideo.org\/site\/wp-json\/wp\/v2\/categories?post=4624"},{"taxonomy":"post_tag","embeddable":true,"href":"https:\/\/grupomontevideo.org\/site\/wp-json\/wp\/v2\/tags?post=4624"}],"curies":[{"name":"wp","href":"https:\/\/api.w.org\/{rel}","templated":true}]}}