{"id":4612,"date":"2019-02-06T14:28:45","date_gmt":"2019-02-06T14:28:45","guid":{"rendered":"http:\/\/grupomontevideo.org\/sitio\/?post_type=noticias&#038;p=4612"},"modified":"2022-06-22T16:42:31","modified_gmt":"2022-06-22T16:42:31","slug":"investigadores-crean-modelo-que-permite-determinar-satelitalmente-la-cantidad-de-desechos-en-las-playas","status":"publish","type":"post","link":"https:\/\/grupomontevideo.org\/site\/investigadores-crean-modelo-que-permite-determinar-satelitalmente-la-cantidad-de-desechos-en-las-playas\/","title":{"rendered":"Investigadores crean modelo que permite determinar satelitalmente la cantidad de desechos en las playas"},"content":{"rendered":"<p style=\"text-align: justify;\">Haciendo converger la tecnolog\u00eda satelital con el trabajo en terreno y la medici\u00f3n de la luz que refleja la basura, el proyecto \u00ab<em>Predicci\u00f3n de Residuos Antropog\u00e9nicos Marinos en Chilo\u00e9<\/em>\u00bb (PREDRES) ya se ha aplicado en tres playas del Archipi\u00e9lago de Chilo\u00e9, en un trabajo que fue reconocido por ONU Medio ambiente junto a Think Beyond Plastic, en el marco de la Sexta Conferencia Internacional de Desechos Marinos, realizada en San Diego, Estados Unidos.<\/p>\n<p style=\"text-align: justify;\"><strong>17 son los\u00a0<a href=\"http:\/\/www.undp.org\/content\/undp\/es\/home\/sustainable-development-goals.html\">Objetivos de Desarrollo Sostenible (ODS)<\/a>,<\/strong>\u00a0metas establecidas por las Naciones Unidas en septiembre de 2015, cuya finalidad es mejorar la vida de las poblaciones del mundo de aqu\u00ed al 2030, a las cuales Chile suscribi\u00f3. De ellas, al menos cuatro est\u00e1n\u00a0<strong>relacionadas con la salud de los mares<\/strong>, y con ello, a los residuos con los que las personas los contaminan.<\/p>\n<p style=\"text-align: justify;\">En el marco de tal compromiso, la Direcci\u00f3n General del Territorio Mar\u00edtimo y de Marina Mercante (Directemar), organismo dependiente de la Armada, es una de las instituciones involucradas en el tema, y la encargada de desarrollar indicadores respecto al estado de esta parte del territorio nacional.<\/p>\n<p style=\"text-align: justify;\">Uno de los obst\u00e1culos que enfrenta la Directemar en el Archipi\u00e9lago de Chilo\u00e9, as\u00ed como en otros puntos del pa\u00eds, es la geograf\u00eda, motivo por el cual, y gracias a la colaboraci\u00f3n con el\u00a0<strong><a href=\"http:\/\/www.biosfera.uchile.cl\/\">Laboratorio de An\u00e1lisis de la Bi\u00f3sfera de la U. de Chile<\/a><\/strong>\u00a0-dirigido por el acad\u00e9mico de la Facultad de Ciencias Agron\u00f3micas, Cristian Mattar-,\u00a0<strong>generaron el proyecto \u00abPredicci\u00f3n de Residuos Antropog\u00e9nicos Marinos en Chilo\u00e9\u201d (PREDRES),<\/strong>\u00a0iniciativa financiada por la Agencia de Sustentabilidad y Cambio Clim\u00e1tico, mediante la cual lograron determinar la cantidad de residuos en tres playas de Chilo\u00e9,\u00a0<strong>usando tecnolog\u00eda satelital.<\/strong><\/p>\n<p style=\"text-align: justify;\"><strong>El dise\u00f1o de un modelo aplicable a otras realidades<\/strong><\/p>\n<p style=\"text-align: justify;\">El modelo de PREDES consiste en utilizar la \u201c<em>tecnolog\u00eda satelital para medir en una escala amplia, los residuos de muchas playas<\/em>\u201d, seg\u00fan explic\u00f3 Tom\u00e1s Acu\u00f1a, uno\u00a0de los integrantes del proyecto.<\/p>\n<p style=\"text-align: justify;\">El proceso desarrollado para la realizaci\u00f3n de este modelo de medici\u00f3n comenz\u00f3 con visitas a los lugares a evaluar, donde el equipo obtuvo\u00a0<strong>muestras de los residuos marinos antropol\u00f3gicos alojados, tras lo cual\u00a0<\/strong><strong>realizaron una caracterizaci\u00f3n espectral de las mismas<\/strong>. \u201c<em>Medimos con espectrorradi\u00f3metros la luz que refleja ese material, obteniendo distintas variables que permiten caracterizar cada uno de estos materiales.<strong>\u00a0Esto corresponde a una huella que no cambia, es una especie de huella dactilar. Bajo ese principio f\u00edsico, cada elemento tiene una estandarizaci\u00f3n<\/strong>: el plumavit tiene este comportamiento, una boya tiene este otro, y esto lo llevamos a una escala satelital<\/em>\u201d, detall\u00f3 Acu\u00f1a sobre la primera parte de este modelo.<\/p>\n<p style=\"text-align: justify;\">Luego, ya teniendo esta informaci\u00f3n sobre los materiales, \u201c<strong><em>la segunda parte es darle un valor: cu\u00e1nto pesa, cu\u00e1nto espacio ocupa<\/em>\u201d,<\/strong>\u00a0agreg\u00f3 Acu\u00f1a, para lo cual realizaron un protocolo. \u201c<em>Tiramos una grilla en un punto del lugar donde hubiera concentraci\u00f3n de basura;\u00a0<strong>all\u00ed sacamos un punto de GPS<\/strong>\u00a0y lo caracterizamos: tiene un kilogramo de plumavit, otro de boya, botellas, etc., y eso lo llevamos a una caracterizaci\u00f3n espacial\u201d. A esto sumaron otros 200 puntos que s\u00f3lo tuvieran arena, s\u00f3lo piedra, arena y piedras, s\u00f3lo boyas, solo plumavit, etc., con lo cual \u201cpudimos<\/em><strong><em>\u00a0saber con certeza qu\u00e9 es lo que ten\u00eda ese punto espacial<\/em>\u201d.<\/strong><\/p>\n<p style=\"text-align: justify;\">\u201c<em>Con el GPS y la imagen calibramos y hacemos una validaci\u00f3n con la calificaci\u00f3n espectral de los materiales \u2013sus huellas- y las grillas estudiadas<\/em>\u201d, agreg\u00f3 Acu\u00f1a respecto a este\u00a0<strong>modelo que, esperan \u201c<em>podr\u00eda servir para generar una l\u00ednea base a partir de la cual conocer la situaci\u00f3n de otras playas del pa\u00eds,<\/em><\/strong><em>\u00a0informaci\u00f3n que hoy no existe<\/em>\u201d, seg\u00fan complement\u00f3 Lucas Am\u00e9zquita, otro de los integrantes del proyecto a partir del cual, entre otros datos, lograron identificar que el\u00a0<strong>86.9 por ciento de los residuos\u00a0eran principalmente pl\u00e1sticos.<\/strong><\/p>\n<p style=\"text-align: justify;\">En el caso de Chilo\u00e9, agreg\u00f3 Am\u00e9zquita, \u201c<em>hay un vac\u00edo legal en cuanto que el Reglamento Ambiental para la Acuicultura (RAMA) es un poco flexible y no determina la responsabilidad ni define c\u00f3mo hacerse cargo de los residuos generados en la producci\u00f3n<\/em>\u201d, que es uno de los puntos que\u00a0<strong>deber\u00edan modificarse, tanto en Chilo\u00e9 como los reglamentos de otros territorios que son definidos por la Directemar, a fin de revertir ese vac\u00edo de responsabilidades en cuanto a la gesti\u00f3n de los residuos.<\/strong><\/p>\n<p style=\"text-align: justify;\">Este modelo es aplicable a otras latitudes, no s\u00f3lo de Chile sino que del mundo, especialmente para aquellas que al igual que el Archipi\u00e9lago de Chilo\u00e9, poseen una compleja geograf\u00eda. Esta inminente aplicaci\u00f3n ir\u00eda de la mano de la realizaci\u00f3n de las visitas a terreno para georreferenciar y caracterizar los residuos alojados en el territorio espec\u00edfico con las grillas y el GPS.<\/p>\n<p style=\"text-align: justify;\"><strong>Reconocimiento internacional<\/strong><\/p>\n<p style=\"text-align: justify;\">Tras su desarrollo e implementaci\u00f3n durante el 2017,\u00a0<strong>PREDES fue reconocido por ONU Medio ambiente<\/strong>\u00a0junto a Think Beyond Plastic, en el marco de la Sexta Conferencia Internacional de Desechos Marinos, instancia realizada el 2018 donde se congregaron los realizadores de iniciativas para enfrentar y solucionar las problem\u00e1ticas ligadas a la producci\u00f3n y comercializaci\u00f3n en la industria del pl\u00e1stico con efectos perjudiciales sobre el oc\u00e9ano y la vida marina.<\/p>\n<p style=\"text-align: justify;\">Los organizadores llamaron a un\u00a0<strong>concurso en cuatro \u00e1reas para estudiantes universitarios<\/strong>\u00a0<strong>y PREDRES fue seleccionada como la iniciativa ganadora en la categor\u00eda \u00ab<em>Prediction and recovery track<\/em>\u00ab<\/strong>, a partir de lo cual los estudiantes Lucas Am\u00e9zquita junto a Richard Taylor participaron de esta instancia, realizada en San Diego, Estados Unidos.<\/p>\n<p style=\"text-align: justify;\">Ahora, lo que le depara a PREDES es el\u00a0<strong>lanzamiento de una aplicaci\u00f3n<\/strong>\u00a0en la cual\u00a0dispondr\u00e1n la informaci\u00f3n del proyecto, sus\u00a0bases de dato y caracterizaci\u00f3n de los materiales, entre otros.<\/p>\n<p style=\"text-align: justify;\">Asimismo, como explic\u00f3 Tom\u00e1s Acu\u00f1a, \u201c<em><strong>la segunda fase que estamos desarrollando apunta a estimar el flujo de residuos marinos en las costas de Chilo\u00e9.<\/strong>\u00a0Hoy tenemos una caracterizaci\u00f3n en un momento cero, tras lo cual se pueden limpiar los desechos, pero luego de eso vuelve la basura. Es por ello que queremos cuantificar cada cuanto tiempo se contamina la playa para poder orientar los planes de gesti\u00f3n de residuos de Chilo\u00e9<\/em>\u201d. De esta manera, plantean, se podr\u00eda saber cu\u00e1les son las playas que est\u00e1n recibiendo este tipo de materiales, o playas sumideros. A la vez, poder reconocer que quienes contaminan tengan que pagar por lo que contaminan, es decir, gestionar los residuos.<\/p>\n<p style=\"text-align: justify;\">Es as\u00ed como otro de los objetivos que busca impulsar PREDES es generar una econom\u00eda circular en torno a los desechos generados. \u201c<em>El residuo que estamos viendo y dimensionando puede tener un valor agregado<\/em>\u201d, concluy\u00f3 Tom\u00e1s Acu\u00f1a.<\/p>\n<p><strong>Fuente:\u00a0<\/strong><br \/>\n<em>Texto: Francisca Palmna\/UChile<\/em><br \/>\n<em>Foto: UChile\u00a0<\/em><\/p>\n","protected":false},"excerpt":{"rendered":"<p>El trabajo fue reconocido por ONU Medio ambiente junto a Think Beyond Plastic. <\/p>\n","protected":false},"author":1,"featured_media":4613,"comment_status":"closed","ping_status":"closed","sticky":false,"template":"","format":"standard","meta":{"footnotes":""},"categories":[48],"tags":[],"class_list":["post-4612","post","type-post","status-publish","format-standard","has-post-thumbnail","hentry","category-archivo-de-noticias"],"wpmagazine_modules_lite_featured_media_urls":{"thumbnail":["https:\/\/grupomontevideo.org\/site\/wp-content\/uploads\/2019\/02\/Basura-satelital-UChile.jpeg",150,91,false],"cvmm-medium":["https:\/\/grupomontevideo.org\/site\/wp-content\/uploads\/2019\/02\/Basura-satelital-UChile.jpeg",300,182,false],"cvmm-medium-plus":["https:\/\/grupomontevideo.org\/site\/wp-content\/uploads\/2019\/02\/Basura-satelital-UChile.jpeg",305,185,false],"cvmm-portrait":["https:\/\/grupomontevideo.org\/site\/wp-content\/uploads\/2019\/02\/Basura-satelital-UChile.jpeg",400,243,false],"cvmm-medium-square":["https:\/\/grupomontevideo.org\/site\/wp-content\/uploads\/2019\/02\/Basura-satelital-UChile.jpeg",600,365,false],"cvmm-large":["https:\/\/grupomontevideo.org\/site\/wp-content\/uploads\/2019\/02\/Basura-satelital-UChile.jpeg",800,486,false],"cvmm-small":["https:\/\/grupomontevideo.org\/site\/wp-content\/uploads\/2019\/02\/Basura-satelital-UChile.jpeg",130,79,false],"full":["https:\/\/grupomontevideo.org\/site\/wp-content\/uploads\/2019\/02\/Basura-satelital-UChile.jpeg",800,486,false]},"categories_names":{"48":{"name":"Archivo de noticias","link":"https:\/\/grupomontevideo.org\/site\/category\/archivo-de-noticias\/"}},"tags_names":[],"comments_number":"0","_links":{"self":[{"href":"https:\/\/grupomontevideo.org\/site\/wp-json\/wp\/v2\/posts\/4612","targetHints":{"allow":["GET"]}}],"collection":[{"href":"https:\/\/grupomontevideo.org\/site\/wp-json\/wp\/v2\/posts"}],"about":[{"href":"https:\/\/grupomontevideo.org\/site\/wp-json\/wp\/v2\/types\/post"}],"author":[{"embeddable":true,"href":"https:\/\/grupomontevideo.org\/site\/wp-json\/wp\/v2\/users\/1"}],"replies":[{"embeddable":true,"href":"https:\/\/grupomontevideo.org\/site\/wp-json\/wp\/v2\/comments?post=4612"}],"version-history":[{"count":1,"href":"https:\/\/grupomontevideo.org\/site\/wp-json\/wp\/v2\/posts\/4612\/revisions"}],"predecessor-version":[{"id":15874,"href":"https:\/\/grupomontevideo.org\/site\/wp-json\/wp\/v2\/posts\/4612\/revisions\/15874"}],"wp:featuredmedia":[{"embeddable":true,"href":"https:\/\/grupomontevideo.org\/site\/wp-json\/wp\/v2\/media\/4613"}],"wp:attachment":[{"href":"https:\/\/grupomontevideo.org\/site\/wp-json\/wp\/v2\/media?parent=4612"}],"wp:term":[{"taxonomy":"category","embeddable":true,"href":"https:\/\/grupomontevideo.org\/site\/wp-json\/wp\/v2\/categories?post=4612"},{"taxonomy":"post_tag","embeddable":true,"href":"https:\/\/grupomontevideo.org\/site\/wp-json\/wp\/v2\/tags?post=4612"}],"curies":[{"name":"wp","href":"https:\/\/api.w.org\/{rel}","templated":true}]}}