{"id":4603,"date":"2019-02-04T14:54:49","date_gmt":"2019-02-04T14:54:49","guid":{"rendered":"http:\/\/grupomontevideo.org\/sitio\/?post_type=noticias&#038;p=4603"},"modified":"2022-06-22T16:42:31","modified_gmt":"2022-06-22T16:42:31","slug":"llamado-a-articulos-para-la-revista-interdisciplinar-de-derechos-humanos-de-la-unesp","status":"publish","type":"post","link":"https:\/\/grupomontevideo.org\/site\/llamado-a-articulos-para-la-revista-interdisciplinar-de-derechos-humanos-de-la-unesp\/","title":{"rendered":"Llamado a art\u00edculos para la  Revista Interdisciplinar de Derechos Humanos  de la Unesp"},"content":{"rendered":"<p style=\"text-align: justify;\"><span style=\"font-weight: 400;\">El <\/span><a href=\"http:\/\/www.unesp.br\/portal#!\/observatorio_ses\"><span style=\"font-weight: 400;\">Observatorio de Educaci\u00f3n en Derechos Humanos<\/span><\/a><span style=\"font-weight: 400;\"> (OEDH) de la Universidad Estadual de Sao Paulo (Unesp) abri\u00f3<\/span><b> hasta el 28 de febrero<\/b><span style=\"font-weight: 400;\"> el plazo para enviar art\u00edculos que apunten a formar parte de la <\/span><b>d\u00e9cimo primera edici\u00f3n de la Revista Interdisciplinar de Derechos Humanos (RIDH) que se publicar\u00e1 en junio del 2019.<\/b><\/p>\n<p style=\"text-align: justify;\">Esta publicaci\u00f3n semestral del OEDH, vinculada al Departamento de Ciencias Humanas de la Facultad de Arquitectura, Artes y Comunicaci\u00f2n de la Unesp, divulga <b>trabajos acad\u00e9micos en portugu\u00e9s, espa\u00f1ol e ingl\u00e9s de diversas \u00e1reas del conocimiento<\/b>, siempre que establezcan intersecciones con los derechos humanos. <b>La revista s\u00f3lo recibe art\u00edculos de doctores y quienes tengan Maestr\u00eda o sean estudiantes regulares de Programas de Postgrado <\/b><b><i>Stricto Sensu<\/i><\/b>, podr\u00e1n postular sus art\u00edculos en coautor\u00eda con un doctor.<\/p>\n<p style=\"text-align: justify;\"><b>Los trabajos deben ser enviados al sitio de la Revista: www2.faac.unesp.br<\/b><\/p>\n<p style=\"text-align: justify;\"><span style=\"font-weight: 400;\">Respecto al <\/span><b>formato de los trabajos<\/b><span style=\"font-weight: 400;\">, deber\u00e1n tener como <\/span><b>m\u00ednimo diez p\u00e1ginas<\/b><span style=\"font-weight: 400;\"> y un m\u00e1ximo de 25 (incluida la bibliograf\u00eda) <\/span><b>digitadas en formato Word 97-2003<\/b><span style=\"font-weight: 400;\"> (o superior), en fuente <\/span><b>Times New Roman tama\u00f1o 12<\/b><span style=\"font-weight: 400;\">, <\/span><b>espacio 1,5<\/b><span style=\"font-weight: 400;\">, <\/span><b>cursiva en lugar de subrayado<\/b><span style=\"font-weight: 400;\"> y de <\/span><b>negrito<\/b><span style=\"font-weight: 400;\">. <\/span><\/p>\n<p style=\"text-align: justify;\"><span style=\"font-weight: 400;\">Adem\u00e1s, las notas al pie de p\u00e1gina se deben reducir al m\u00ednimo y restringirse a comentarios adicionales sustantivos. El texto debe venir acompa\u00f1ado de res\u00famenes entre 150 a 500 palabras en portugu\u00e9s, espa\u00f1ol e ingl\u00e9s y de tres a cinco palabras-clave.<\/span><\/p>\n<p style=\"text-align: justify;\"><i><span style=\"font-weight: 400;\">\u201cLos derechos humanos son conquistas hist\u00f3ricas y por eso est\u00e1n en continuo proceso de resignificaci\u00f2n cultural en el tiempo y el espacio. Para que se ampl\u00eden y efectivicen, como referencia \u00e9tica de hoy y de las futuras generaciones, existe la necesidad de que los derechos humanos sean objeto de constante reflexi\u00f2n hist\u00f3rico-cr\u00edtica, divulgados, protegidos y vivenciados cada d\u00eda<\/span><\/i><span style=\"font-weight: 400;\">\u201d, introduce la revista.<\/span><\/p>\n<p>&nbsp;<\/p>\n","protected":false},"excerpt":{"rendered":"<p>La convocatoria permanecer\u00e1 abierta hasta el 28 de febrero.<\/p>\n","protected":false},"author":1,"featured_media":4604,"comment_status":"closed","ping_status":"closed","sticky":false,"template":"","format":"standard","meta":{"footnotes":""},"categories":[48],"tags":[],"class_list":["post-4603","post","type-post","status-publish","format-standard","has-post-thumbnail","hentry","category-archivo-de-noticias"],"wpmagazine_modules_lite_featured_media_urls":{"thumbnail":["https:\/\/grupomontevideo.org\/site\/wp-content\/uploads\/2019\/02\/RIDH.jpg",150,86,false],"cvmm-medium":["https:\/\/grupomontevideo.org\/site\/wp-content\/uploads\/2019\/02\/RIDH.jpg",300,172,false],"cvmm-medium-plus":["https:\/\/grupomontevideo.org\/site\/wp-content\/uploads\/2019\/02\/RIDH.jpg",305,175,false],"cvmm-portrait":["https:\/\/grupomontevideo.org\/site\/wp-content\/uploads\/2019\/02\/RIDH.jpg",400,230,false],"cvmm-medium-square":["https:\/\/grupomontevideo.org\/site\/wp-content\/uploads\/2019\/02\/RIDH.jpg",406,233,false],"cvmm-large":["https:\/\/grupomontevideo.org\/site\/wp-content\/uploads\/2019\/02\/RIDH.jpg",406,233,false],"cvmm-small":["https:\/\/grupomontevideo.org\/site\/wp-content\/uploads\/2019\/02\/RIDH.jpg",130,75,false],"full":["https:\/\/grupomontevideo.org\/site\/wp-content\/uploads\/2019\/02\/RIDH.jpg",406,233,false]},"categories_names":{"48":{"name":"Archivo de noticias","link":"https:\/\/grupomontevideo.org\/site\/category\/archivo-de-noticias\/"}},"tags_names":[],"comments_number":"0","_links":{"self":[{"href":"https:\/\/grupomontevideo.org\/site\/wp-json\/wp\/v2\/posts\/4603","targetHints":{"allow":["GET"]}}],"collection":[{"href":"https:\/\/grupomontevideo.org\/site\/wp-json\/wp\/v2\/posts"}],"about":[{"href":"https:\/\/grupomontevideo.org\/site\/wp-json\/wp\/v2\/types\/post"}],"author":[{"embeddable":true,"href":"https:\/\/grupomontevideo.org\/site\/wp-json\/wp\/v2\/users\/1"}],"replies":[{"embeddable":true,"href":"https:\/\/grupomontevideo.org\/site\/wp-json\/wp\/v2\/comments?post=4603"}],"version-history":[{"count":1,"href":"https:\/\/grupomontevideo.org\/site\/wp-json\/wp\/v2\/posts\/4603\/revisions"}],"predecessor-version":[{"id":15876,"href":"https:\/\/grupomontevideo.org\/site\/wp-json\/wp\/v2\/posts\/4603\/revisions\/15876"}],"wp:featuredmedia":[{"embeddable":true,"href":"https:\/\/grupomontevideo.org\/site\/wp-json\/wp\/v2\/media\/4604"}],"wp:attachment":[{"href":"https:\/\/grupomontevideo.org\/site\/wp-json\/wp\/v2\/media?parent=4603"}],"wp:term":[{"taxonomy":"category","embeddable":true,"href":"https:\/\/grupomontevideo.org\/site\/wp-json\/wp\/v2\/categories?post=4603"},{"taxonomy":"post_tag","embeddable":true,"href":"https:\/\/grupomontevideo.org\/site\/wp-json\/wp\/v2\/tags?post=4603"}],"curies":[{"name":"wp","href":"https:\/\/api.w.org\/{rel}","templated":true}]}}