{"id":4601,"date":"2019-02-04T14:30:17","date_gmt":"2019-02-04T14:30:17","guid":{"rendered":"http:\/\/grupomontevideo.org\/sitio\/?post_type=noticias&#038;p=4601"},"modified":"2022-06-22T16:42:31","modified_gmt":"2022-06-22T16:42:31","slug":"olade-y-augm-convocan-a-la-presentacion-de-trabajos-para-la-revista-enerlac","status":"publish","type":"post","link":"https:\/\/grupomontevideo.org\/site\/olade-y-augm-convocan-a-la-presentacion-de-trabajos-para-la-revista-enerlac\/","title":{"rendered":"OLADE y AUGM convocan a la presentaci\u00f3n de trabajos para la Revista ENERLAC"},"content":{"rendered":"<p style=\"text-align: justify;\"><span style=\"font-weight: 400;\">La <strong>Revista ENERLAC<\/strong>, publicaci\u00f3n especializada en los avances, desarrollos y realidades en materia energ\u00e9tica de Am\u00e9rica Latina y el Caribe, <strong>abri\u00f3 su convocatoria a trabajos de investigaci\u00f3n y\/o art\u00edculos in\u00e9ditos para sus pr\u00f3ximas ediciones.<\/strong><\/span><\/p>\n<p style=\"text-align: justify;\"><strong>Este llamado se realiza en el marco del <a href=\"http:\/\/grupomontevideo.org\/sitio\/wp-content\/uploads\/2018\/04\/Convenio-espec%C3%ADfico-para-la-realizaci%C3%B3n-de-una-revista-sobre-energ%C3%ADa.pdf\">convenio espec\u00edfico<\/a>\u00a0que acordaron la<\/strong><span style=\"font-weight: 400;\"><strong> Organizaci\u00f3n Latinoamericana de Energ\u00eda (Olade) y la Asociaci\u00f3n de Universidades Grupo Montevideo (AUGM)<\/strong> donde se establecieron las bases para la realizaci\u00f3n conjunta de la revista.<\/span><\/p>\n<p style=\"text-align: justify;\"><span style=\"font-weight: 400;\">Esta es una oportunidad para presentar y compartir trabajos en las \u00e1reas de eficiencia energ\u00e9tica, energ\u00edas renovables, hidrocarburos, energ\u00eda el\u00e9ctrica a nivel regional e internacional, entre otros. Los res\u00famenes y\/o art\u00edculos seleccionados ser\u00e1n publicados en las pr\u00f3ximas ediciones de la Revista ENERLAC. <strong>Este llamado permanecer\u00e1 abierto durante todo el 2019. <\/strong><\/span><\/p>\n<p style=\"text-align: justify;\"><span style=\"font-weight: 400;\"><strong>El proceso de postulaci\u00f3n y revisi\u00f3n de los trabajos y\/o art\u00edculos se realizar\u00e1 a trav\u00e9s del gestor editorial Open Journal Systems (OJS)<\/strong>\u00a0, por tanto, los trabajos postulados deben ser enviados \u00fanicamente por este sistema. <strong>El registro de autores interesados en postular trabajos se realizar\u00e1 a trav\u00e9s de la plataforma de la revista. Acceda a la misma <\/strong><\/span><strong><a href=\"http:\/\/enerlac.olade.org\/index.php\/ENERLAC\/user\/register\">aqu\u00ed<\/a><\/strong><\/p>\n<p style=\"text-align: justify;\"><span style=\"font-weight: 400;\">En ella los autores registrados podr\u00e1n subir sus art\u00edculos directamente al sistema y conocer, en cualquier momento, el estado de los trabajos enviados. Es decir, si ya fueron asignados a un revisor, si fueron aceptados con o sin cambios o si fueron rechazados.<\/span><\/p>\n<p style=\"text-align: justify;\"><strong>El formato de los art\u00edculos puede ser consultado <a href=\"http:\/\/www.olade.org\/wp-content\/uploads\/2019\/01\/2019-0124-Formato-articulos-postulados-a-ENERLAC-spa2.doc\">aqu\u00ed<\/a><\/strong><\/p>\n<p style=\"text-align: justify;\"><span style=\"font-weight: 400;\">Las instituciones convocantes definieron el Comit\u00e9 Editorial que, entre otras cosas, tiene a su cargo establecer la pol\u00edtica editorial de la revista y garantizar la calidad t\u00e9cnica y cient\u00edfica del contenido que elija para la misma. La evaluaci\u00f3n de los trabajos y\/o art\u00edculos postulados la realizar\u00e1n expertos de la regi\u00f3n y de la academia mediante la modalidad de doble ciego.<\/span><\/p>\n<p style=\"text-align: justify;\"><strong>Consultas: <a href=\"mailto:enerlac@olade.org\">enerlac@olade.org<\/a><\/strong><\/p>\n<p style=\"text-align: justify;\"><span style=\"font-weight: 400;\"><strong style=\"font-weight: 400;\">En 2018 se public\u00f3 el segundo volumen de ENERLAC<\/strong>, edici\u00f3n que fue presentada<\/span><strong>\u00a0ante los principales referentes energ\u00e9ticos de la regi\u00f3n en la\u00a0<\/strong><strong>III Semana de la Energ\u00eda\u00a0<\/strong>que tuvo lugar en la capital de Uruguay, Montevideo, entre el 10 y 14 de diciembre. Esta tarea qued\u00f3 en manos de\u00a0Marcelo Vega, coordinador del Comit\u00e9 Acad\u00e9mico Energ\u00eda de AUGM, quien se refiri\u00f3 a la revista ENERLAC frente a los ministros energ\u00e9ticos de los 21 pa\u00edses presentes en la\u00a0<strong>XLVIII Reuni\u00f3n de Ministros de OLADE<\/strong>.<\/p>\n<p style=\"text-align: justify;\"><span style=\"font-weight: 400;\">Aqu\u00ed aparecen los siguientes art\u00edculos: Demanda de el\u00e9ctrica a corto plazo con l\u00f3gica difusa; Pron\u00f3sticos operativos de energ\u00eda e\u00f3lica para la gesti\u00f3n de los sistemas el\u00e9ctricos; Aprovechamiento energ\u00e9tico de residuos agrarios en Uruguay; Study of sulphuric acid-catalysed steam pretreatment of the hardwood anadenanthera columbrina; Relaciones entre la institucionalidad global y regional en materia de energ\u00eda; Modelo de adopci\u00f3n de energ\u00edas renovables en Uruguay y su comparaci\u00f3n con Ecuador y Colombia; Nama SWH en Belice; y Promoci\u00f3n de fuentes renovables de energ\u00eda en Am\u00e9rica del Sur.<\/span><\/p>\n<p><strong>Lea m\u00e1s sobre ENERLAC <a href=\"http:\/\/grupomontevideo.org\/sitio\/noticias\/la-revista-enerlac-fue-presentada-en-la-xlviii-reunion-de-ministros-de-olade\/\">aqu\u00ed<\/a><\/strong><\/p>\n<p style=\"text-align: justify;\"><a href=\"http:\/\/enerlac.olade.org\/index.php\/ENERLAC\/issue\/view\/4\" target=\"_blank\" rel=\"noopener noreferrer\"><img fetchpriority=\"high\" decoding=\"async\" class=\"alignnone\" title=\"Haga click en la imagen para leer la revista\" src=\"https:\/\/grupomontevideo.org\/site\/wp-content\/uploads\/2018\/10\/Enerlac-Volumen-2.jpg\" alt=\"\" width=\"197\" height=\"278\" \/><\/a><\/p>\n<p>&nbsp;<\/p>\n","protected":false},"excerpt":{"rendered":"<p>Esta publicaci\u00f3n especializada en energ\u00eda mantendr\u00e1 abierto este llamado durante todo el 2019<\/p>\n","protected":false},"author":1,"featured_media":4602,"comment_status":"closed","ping_status":"closed","sticky":false,"template":"","format":"standard","meta":{"footnotes":""},"categories":[48],"tags":[],"class_list":["post-4601","post","type-post","status-publish","format-standard","has-post-thumbnail","hentry","category-archivo-de-noticias"],"wpmagazine_modules_lite_featured_media_urls":{"thumbnail":["https:\/\/grupomontevideo.org\/site\/wp-content\/uploads\/2019\/02\/ENERLAC-convocatoria-2019.jpg",150,85,false],"cvmm-medium":["https:\/\/grupomontevideo.org\/site\/wp-content\/uploads\/2019\/02\/ENERLAC-convocatoria-2019.jpg",300,169,false],"cvmm-medium-plus":["https:\/\/grupomontevideo.org\/site\/wp-content\/uploads\/2019\/02\/ENERLAC-convocatoria-2019.jpg",305,172,false],"cvmm-portrait":["https:\/\/grupomontevideo.org\/site\/wp-content\/uploads\/2019\/02\/ENERLAC-convocatoria-2019.jpg",400,226,false],"cvmm-medium-square":["https:\/\/grupomontevideo.org\/site\/wp-content\/uploads\/2019\/02\/ENERLAC-convocatoria-2019.jpg",600,339,false],"cvmm-large":["https:\/\/grupomontevideo.org\/site\/wp-content\/uploads\/2019\/02\/ENERLAC-convocatoria-2019.jpg",1024,578,false],"cvmm-small":["https:\/\/grupomontevideo.org\/site\/wp-content\/uploads\/2019\/02\/ENERLAC-convocatoria-2019.jpg",130,73,false],"full":["https:\/\/grupomontevideo.org\/site\/wp-content\/uploads\/2019\/02\/ENERLAC-convocatoria-2019.jpg",1199,677,false]},"categories_names":{"48":{"name":"Archivo de noticias","link":"https:\/\/grupomontevideo.org\/site\/category\/archivo-de-noticias\/"}},"tags_names":[],"comments_number":"0","_links":{"self":[{"href":"https:\/\/grupomontevideo.org\/site\/wp-json\/wp\/v2\/posts\/4601","targetHints":{"allow":["GET"]}}],"collection":[{"href":"https:\/\/grupomontevideo.org\/site\/wp-json\/wp\/v2\/posts"}],"about":[{"href":"https:\/\/grupomontevideo.org\/site\/wp-json\/wp\/v2\/types\/post"}],"author":[{"embeddable":true,"href":"https:\/\/grupomontevideo.org\/site\/wp-json\/wp\/v2\/users\/1"}],"replies":[{"embeddable":true,"href":"https:\/\/grupomontevideo.org\/site\/wp-json\/wp\/v2\/comments?post=4601"}],"version-history":[{"count":1,"href":"https:\/\/grupomontevideo.org\/site\/wp-json\/wp\/v2\/posts\/4601\/revisions"}],"predecessor-version":[{"id":15877,"href":"https:\/\/grupomontevideo.org\/site\/wp-json\/wp\/v2\/posts\/4601\/revisions\/15877"}],"wp:featuredmedia":[{"embeddable":true,"href":"https:\/\/grupomontevideo.org\/site\/wp-json\/wp\/v2\/media\/4602"}],"wp:attachment":[{"href":"https:\/\/grupomontevideo.org\/site\/wp-json\/wp\/v2\/media?parent=4601"}],"wp:term":[{"taxonomy":"category","embeddable":true,"href":"https:\/\/grupomontevideo.org\/site\/wp-json\/wp\/v2\/categories?post=4601"},{"taxonomy":"post_tag","embeddable":true,"href":"https:\/\/grupomontevideo.org\/site\/wp-json\/wp\/v2\/tags?post=4601"}],"curies":[{"name":"wp","href":"https:\/\/api.w.org\/{rel}","templated":true}]}}